{"id":1879,"date":"2010-10-02T15:54:52","date_gmt":"2010-10-02T20:54:52","guid":{"rendered":"https:\/\/www.nyhabitat.com\/de\/blog\/?p=1879"},"modified":"2012-12-27T17:54:20","modified_gmt":"2012-12-27T22:54:20","slug":"jahrliches-herbstfestival-in-paris","status":"publish","type":"post","link":"https:\/\/www.nyhabitat.com\/de\/blog\/2010\/10\/02\/jahrliches-herbstfestival-in-paris\/","title":{"rendered":"J\u00e4hrliches Herbstfestival in Paris"},"content":{"rendered":"<div class=\"img alignright size-full wp-image-1880\" style='width:300px;'>\n\t<a href=\"\/de\/paris-wohnungen\/ferien\/3429\"><img src=\"https:\/\/www.nyhabitat.com\/de\/blog\/wp-content\/uploads\/2010\/10\/pa3429.jpg\" alt=\"Foto der Pariser Ferienwohnung PA-3429\" width=\"300\" height=\"225\" \/><\/a>\n\t<div>Foto der Pariser Ferienwohnung PA-3429<\/div>\n<\/div>Paris kann im August wie eine Geisterstadt erscheinen. Das gewohnte Treiben auf den Strassen wir zu einem konstanten Hummen, die L\u00e4den schliessen und die Pariser reisen in die fernen Ecken des Hexagons um sich f\u00fcr mehrere Wochen auszuruhen. Der September bedeutet eine R\u00fcckkehr in die Pariser Normalit\u00e4t, wenn die Bev\u00f6lkerung ein kollektives Seufzen ausst\u00f6sst und zur Schule und Arbeit zur\u00fcckkehrt, sonnengebr\u00e4unt und voller frischer Erinnerungen an den Urlaub. Trotz der l\u00e4rmenden R\u00fcckkehr ins Arbeitsleben, oder vielleicht sogar gerade deshalb veranstaltet die Stadt f\u00fcr seine <strong>Bewohner eines der gr\u00f6ssten und abwechslungsreichsten Festivals des Kalenderjahres<\/strong>.<!--more--><\/p>\n<p>Das <strong>\u201cFestival d\u2019Automne de Paris\u201d, das Pariser Herbstfestival<\/strong> ist seit 39 Jahren so etwas wie eine kulturelle Institution und vers\u00fcsst den Parisern jedes Jahr die R\u00fcckkehr ins Schul- und Arbeitsleben. Von September bis Dezember bringt das Herbstfestival internationale S\u00e4nger, T\u00e4nzer, B\u00fchnenschriftsteller und sogut wie jede denkbare andere Art von K\u00fcnstlern hervor. Das Herbstfestival ist eine wahrhaftige Feier der Kunst in all ihren Facetten. Mindestens genauso beeindruckend ist die Diversit\u00e4t der Konzerthallen in ganz Paris. Die urspr\u00fcnglich auf Pariser ausgerichtete Veranstaltung ist inzwischen auch ein Geheimtipp f\u00fcr Paris-Reisende geworden, die dieses Festival den bekannteren der Stadt vorziehen. Die Reisenden, die schlau genug sind diese Veranstaltung zu besuchen, werden sich von Pariser Kunstliebhabern umringt finden anstatt von gaffenden Touristen.<\/p>\n<p>New York Habitat hat noch viele freie Wohnungen f\u00fcr die beliebte Herbstsaison verf\u00fcgbar, so wie diese hier zum Beispiel:<\/p>\n<p>&#8211; Diese grosse <a title=\"Ferienwohnung in paris: 6 Zimmer - Place des Vosges, Marais - Les Halles (PA-2455)\" href=\"\/de\/paris-wohnungen\/ferien\/2455\">6-Zimmer-Ferienwohnung in einem denkmalgesch\u00fctzten Geb\u00e4ude von 1604 nahe des Place des Vosges, Marais-Les Halles (PA-2455)<\/a> kann bis zu acht Personen beherbergen. Die Wohnung Mit Holzbalken und Parkettfussboden besitzt unendlich viel Charme.<\/p>\n<p>-Diese<a title=\"Ferienwohuung in Paris: 3 Zimmer - Belleville (PA-3429)\" href=\"\/de\/paris-wohnungen\/ferien\/3429\"> 3-Zimmer-Wohnung in Belleville, Cite des Sciences-Buttes Chaumont (PA-3429)<\/a> hat Parkettfussboden, eine moderne Inneneinrichtung und bietet einen Blick auf die D\u00e4cher Paris.<\/p>\n","protected":false},"excerpt":{"rendered":"<p>Paris kann im August wie eine Geisterstadt erscheinen. Das gewohnte Treiben auf den Strassen wir zu einem konstanten Hummen, die L\u00e4den schliessen und die Pariser&#8230;<\/p>\n","protected":false},"author":1,"featured_media":0,"comment_status":"open","ping_status":"closed","sticky":false,"template":"","format":"standard","meta":[],"categories":[22],"tags":[],"_links":{"self":[{"href":"https:\/\/www.nyhabitat.com\/de\/blog\/wp-json\/wp\/v2\/posts\/1879"}],"collection":[{"href":"https:\/\/www.nyhabitat.com\/de\/blog\/wp-json\/wp\/v2\/posts"}],"about":[{"href":"https:\/\/www.nyhabitat.com\/de\/blog\/wp-json\/wp\/v2\/types\/post"}],"author":[{"embeddable":true,"href":"https:\/\/www.nyhabitat.com\/de\/blog\/wp-json\/wp\/v2\/users\/1"}],"replies":[{"embeddable":true,"href":"https:\/\/www.nyhabitat.com\/de\/blog\/wp-json\/wp\/v2\/comments?post=1879"}],"version-history":[{"count":4,"href":"https:\/\/www.nyhabitat.com\/de\/blog\/wp-json\/wp\/v2\/posts\/1879\/revisions"}],"predecessor-version":[{"id":1883,"href":"https:\/\/www.nyhabitat.com\/de\/blog\/wp-json\/wp\/v2\/posts\/1879\/revisions\/1883"}],"wp:attachment":[{"href":"https:\/\/www.nyhabitat.com\/de\/blog\/wp-json\/wp\/v2\/media?parent=1879"}],"wp:term":[{"taxonomy":"category","embeddable":true,"href":"https:\/\/www.nyhabitat.com\/de\/blog\/wp-json\/wp\/v2\/categories?post=1879"},{"taxonomy":"post_tag","embeddable":true,"href":"https:\/\/www.nyhabitat.com\/de\/blog\/wp-json\/wp\/v2\/tags?post=1879"}],"curies":[{"name":"wp","href":"https:\/\/api.w.org\/{rel}","templated":true}]}}