{"id":10967,"date":"2014-11-12T08:48:29","date_gmt":"2014-11-12T12:48:29","guid":{"rendered":"https:\/\/www.nyhabitat.com\/fr\/blog\/?p=10967"},"modified":"2014-11-12T08:48:29","modified_gmt":"2014-11-12T12:48:29","slug":"top-10-evenements-annuels-provence-cote-azur","status":"publish","type":"post","link":"https:\/\/www.nyhabitat.com\/fr\/blog\/2014\/11\/12\/top-10-evenements-annuels-provence-cote-azur\/","title":{"rendered":"Top 10 des \u00e9v\u00e9nements annuels en Provence et sur la C\u00f4te d\u2019Azur"},"content":{"rendered":"<p>Des plages de sable blanc, une eau c\u00e9rul\u00e9enne&#8230;cela semble \u00eatre clich\u00e9 mais cette description d\u00e9peint parfaitement le littoral de la C\u00f4te d\u2019Azur. Situ\u00e9e \u00e0 l\u2019extr\u00e9mit\u00e9 sud de la France et immortalis\u00e9e dans le film<em> La Main au collet<\/em> en 1955, la C\u00f4te d\u2019Azur est caract\u00e9ris\u00e9e par des villes ensoleill\u00e9es et un mode de vie luxueux. Mais une fois que vous serez parvenus \u00e0 vous \u00e9loigner de cette c\u00f4te magnifique, vous arriverez au c\u0153ur de la Provence, la fameuse province du sud de la France. La C\u00f4te d\u2019Azur ne constitue qu\u2019une petite partie de la r\u00e9gion, qui compte des villes au bord de la mer telles que Nice et Marseille. Dans les terres, vous d\u00e9couvrirez des montagnes, des criques, des champs de lavande et <a title=\"Top 10 des villages \u00e0 visiter en Provence \" href=\"https:\/\/www.nyhabitat.com\/fr\/blog\/2014\/02\/05\/top-10-villages-provence-france\/\">nos villages pittoresques favoris du sud de la France.<\/a><\/p>\n<p>La Provence est bord\u00e9e par le Rh\u00f4ne \u00e0 l\u2019ouest, par l\u2019Italie \u00e0 l\u2019est, par les Hautes-Alpes et la Dr\u00f4me au nord et par la mer M\u00e9diterran\u00e9e au sud. Avec son climat chaud, la Provence (et la C\u00f4te d\u2019Azur) constituent une destination parfaite quelle que soit la saison, mais certaines p\u00e9riodes de l\u2019ann\u00e9e sont plus ensoleill\u00e9es que d\u2019autres. Nous avons constitu\u00e9 pour vous le top 10 des festivit\u00e9s annuelles en Provence, qui sont aussi vari\u00e9es et merveilleuses que la province elle-m\u00eame.<\/p>\n<p><strong>1- La F\u00eate du Citron \u00e0 Menton<\/strong><\/p>\n<div class=\"img aligncenter  wp-image-10970\" style='width:585px;'>\n\t<img src=\"https:\/\/www.nyhabitat.com\/fr\/blog\/wp-content\/uploads\/2014\/11\/Provence-top-10-\u00e9v\u00e9nements-citron-f\u00eate-menton-c\u00f4te-d\u2019azur.jpg\" alt=\"Photo de la F\u00eate du Citron\" width=\"585\" height=\"390\" \/>\n\t<div>La F\u00eate du Citron est un plaisir pour les yeux- et pour les papilles<\/div>\n<\/div>\n<p>Situ\u00e9 dans la \u00ab Cit\u00e9 des Citrons \u00bb, la F\u00eate du Citron est une c\u00e9l\u00e9bration visuelle et une exp\u00e9rience palpitante pour vos papilles. Ce festival, qui se tient de mi-f\u00e9vrier \u00e0 d\u00e9but mars, expose des centaines de milliers de citrons, d\u2019oranges et autres agrumes assembl\u00e9s en chars et en sculptures incroyables dont le th\u00e8me change chaque ann\u00e9e. La ville de Menton accueille cet \u00e9venement annuel depuis 1929 afin de promouvoir une cueillette abondante, et la F\u00eate du Citron n\u2019a fait que gagner en popularit\u00e9 au cours de ces huit derni\u00e8res d\u00e9cennies.<\/p>\n<p>Nous vous conseillons de voyager en train : les gares de Marseille ou de Nice vous connecteront aux lignes r\u00e9gionales \u00e0 destination de Menton. Si vous vous rendez au festival, assurez-vous de visiter le Salon de l\u2019Artisanat qui expose des \u0153uvres d\u2019art et de l\u2019artisanat (certains produits tels que des confitures, des savons ou des parfums emploient le citron qui a donn\u00e9 son nom au festival !) Si vous pr\u00e9voyez de faire du shopping, consultez <a title=\"Les souvenirs artisanaux de Provence\" href=\"https:\/\/www.nyhabitat.com\/fr\/blog\/2014\/08\/06\/souvenirs-artisanaux-ramener-provence-france\/\">nos suggestions de souvenirs artisanaux \u00e0 rapporter de Provence.<!--more--><\/a><\/p>\n<p><strong>2- Le carnaval de Nice<\/strong><\/p>\n<div class=\"img aligncenter size-full wp-image-10969\" style='width:585px;'>\n\t<img src=\"https:\/\/www.nyhabitat.com\/fr\/blog\/wp-content\/uploads\/2014\/11\/Provence-top-10-\u00e9v\u00e9nements-carnaval-nice-c\u00f4te-d\u2019azur.jpg\" alt=\"Photo du carnaval de Nice\" width=\"585\" height=\"390\" \/>\n\t<div>Le carnaval de Nice est \u00e9blouissant avec ses chars et ses personnages farfelus<\/div>\n<\/div>\n<p>Plus ou moins \u00e0 la m\u00eame p\u00e9riode (de mi-f\u00e9vrier \u00e0 d\u00e9but mars), Nice accueille son propre festival. C\u2019est le moment de dire au revoir \u00e0 l\u2019hiver maussade pour accueillir le printemps \u00e0 venir gr\u00e2ce aux nombreuses activit\u00e9s propos\u00e9es sur la C\u00f4te d\u2019Azur (d\u00e9couvrez<a title=\"48 heures \u00e0 Nice\" href=\"https:\/\/www.nyhabitat.com\/fr\/blog\/2014\/05\/07\/48-heures-cote-azur-nice-alentours\/\"> la ville de Nice en 48 heures<\/a>) ! Le c\u0153ur des festivit\u00e9s se trouve sur la place Mass\u00e9na : le carnaval, o\u00f9 18 chars et personnages de papier m\u00e2ch\u00e9 d\u00e9filent aux c\u00f4t\u00e9s des artistes de rue et d\u2019une foule color\u00e9e ; la bataille des fleurs, o\u00f9 20 chars recouverts de fleurs (dont 90 % d\u2019entres elles auraient \u00e9t\u00e9 cultiv\u00e9es dans la r\u00e9gion) font le bonheur des spectateurs qui esp\u00e8rent attraper une fleur jet\u00e9e par les mannequins; le corso illumin\u00e9 o\u00f9 les chars illuminent la nuit avec leurs lumi\u00e8res \u00e9clatantes. Si vous souhaitez r\u00e9server votre place, nous vous conseillons d\u2019acheter vos tickets \u00e0 l\u2019avance. Ne manquez pas la course Rock n\u2019 Roll o\u00f9 les coureurs (certains sont v\u00eatus de costumes originaux) se disputent la premi\u00e8re place. Et si vous souhaitez prolonger votre s\u00e9jour sur la C\u00f4te d\u2019Azur, d\u00e9couvrez nos<a title=\"Locations de vacances \u00e0 Nice\" href=\"https:\/\/www.nyhabitat.com\/fr\/sud-france-appartement\/saisonniere-vacances\/cote-azur\/nice\"> location de vacances \u00e0 Nice<\/a>.<\/p>\n<p><strong>3- La F\u00e9ria d\u2019Arles<\/strong><\/p>\n<div class=\"img aligncenter size-full wp-image-10971\" style='width:585px;'>\n\t<img src=\"https:\/\/www.nyhabitat.com\/fr\/blog\/wp-content\/uploads\/2014\/11\/Provence-top-10-\u00e9v\u00e9nements-f\u00e9ria-arles-france.jpg\" alt=\"Photo de la F\u00e9ria d\u2019Arles\" width=\"585\" height=\"390\" \/>\n\t<div>La F\u00e9ria d\u2019Arles pr\u00e9sente la corrida dans une ar\u00e8ne \u00e9pique<\/div>\n<\/div>\n<p>La F\u00e9ria d\u2019Arles exporte pour vous les saveurs d\u2019Espagne sur la C\u00f4te d\u2019Azur. Tous les ans, la ville d\u2019Arles accueille deux festivals ; l\u2019un en avril et l\u2019autre en septembre. Le premier c\u00e9l\u00e8bre l\u2019ouverture de la saison de la corrida fran\u00e7aise et diffuse de la musique et des danses traditionnelles espagnoles. Le second est consacr\u00e9 \u00e0 la corrida avec des activit\u00e9s parmi lesquelles la pr\u00e9sentation de la tauromachie ou encore l\u2019opportunit\u00e9 d\u2019observer des taureaux s\u2019affronter dans l\u2019ar\u00e8ne. Nous vous conseillons d\u2019assister au festival du mois d\u2019avril si vous le pouvez &#8211; la F\u00e9ria de P\u00e2ques &#8211; pour son \u00e9nergie et ses spectacles de flamenco, mais la F\u00e9ria du Riz du mois de septembre est tout aussi dynamique ! N\u2019oubliez pas d\u2019assister \u00e0 l\u2019attraction principale des festivals : les matadors affrontant de f\u00e9roces taureaux. <em>Ol\u00e9<\/em> !<\/p>\n<p><strong>4- Le Festival d\u2019Aix-en-Provence<\/strong><\/p>\n<p>Les amateurs de culture feraient bien de r\u00e9server leur mois de juillet. Apr\u00e8s tout, c\u2019est le mois du Festival d\u2019Aix-en-Provence, un \u00e9v\u00e9nement mondial qui c\u00e9l\u00e8bre l\u2019op\u00e9ra depuis 1948 (consultez notre <a title=\"48 heures \u00e0 Aix-en-Provence\" href=\"https:\/\/www.nyhabitat.com\/fr\/blog\/2013\/08\/28\/48-heures-aix-provence-france\/\">visite \u00e9clair en 48 heures d&rsquo;Aix-en-Provence<\/a> afin de vous familiariser avec la ville et ses alentours). Des concerts, ainsi que de nouvelles productions d\u2019op\u00e9ras et d\u2019op\u00e9rettes sont organis\u00e9s tout au long de la semaine dans les trois th\u00e9\u00e2tres principaux, mais aussi dans des salles moins connues. Le programme change tous les ans, mais vous pouvez \u00eatre s\u00fbrs d\u2019entendre Mozart une ou deux fois : son \u0153uvre est l\u2019un des piliers du festival depuis son lancement dans les ann\u00e9es d\u2019apr\u00e8s-guerre, dans une France qui s\u2019int\u00e9r\u00e9ssait \u00e0 nouveau \u00e0 l\u2019art. Dans la mosa\u00efque idyllique des rues d\u2019Aix-en-Provence, les nombreux caf\u00e9s et boutiques vous occuperont lors des pauses entre les r\u00e9citals. D\u00e9nichez une place pour assister \u00e0 un spectacle dans le Th\u00e9\u00e2tre de l\u2019Archev\u00each\u00e9, dont les origines m\u00e9di\u00e9vales en ont fait une icone non officielle du festival. Choisissez l\u2019une de nos <a title=\"Location de vances \u00e0 Aix-en-Provence\" href=\"https:\/\/www.nyhabitat.com\/fr\/sud-france-appartement\/saisonniere-vacances\/provence\/aix-en-provence\">locations de vacances \u00e0 Aix-en-Provence<\/a> afin de ne perdre aucune miette de ces c\u00e9l\u00e9brations qui durent un mois.<\/p>\n<p><strong>5- Le Festival d\u2019Avignon<\/strong><\/p>\n<div class=\"img aligncenter size-full wp-image-10972\" style='width:585px;'>\n\t<img src=\"https:\/\/www.nyhabitat.com\/fr\/blog\/wp-content\/uploads\/2014\/11\/Provence-top-10-\u00e9v\u00e9nements-festival-avignon-culture.jpg\" alt=\"Photo du Festival d\u2019Avignon\" width=\"585\" height=\"390\" \/>\n\t<div>Acteurs et spectateurs envahissent les rues lors du Festival d\u2019Avignon<\/div>\n<\/div>\n<p>C\u2019est le point de convergence des artistes parmi les plus renomm\u00e9s au monde. Le Festival d\u2019Avignon accueille 35 \u00e0 40 spectacles lors de la saison annuelle du mois de juillet. Une douzaine d\u2019\u00e9tablissements environ sont transform\u00e9s en th\u00e9\u00e2tres \u00e9ph\u00e9m\u00e8res afin d\u2019abriter ces spectacles, allant du cin\u00e9ma au ballet, en passant par le th\u00e9\u00e2tre et les ateliers. Une grande partie de ces repr\u00e9sentations a lieu dans la cour du palais des papes, un palais gothique mythique, qui est class\u00e9 au patrimoine mondial de l\u2019UNESCO, mais aussi dans d\u2019autres lieux au sein de la ville d\u2019Avignon. Le programme varie chaque ann\u00e9e, permettant ainsi aux nombreux artistes de faire leur entr\u00e9e sur la sc\u00e8ne fran\u00e7aise ou internationale (mais Avignon ne se caract\u00e9rise pas seulement par son festival, d\u00e9couvrez notre guide pour passer <a title=\"48 heures \u00e0 Avignon\" href=\"https:\/\/www.nyhabitat.com\/fr\/blog\/2014\/05\/14\/48-heures-avignon-alentours-sud-france\/\">48 heures \u00e0 Avignon<\/a> ). Au cours de votre visite \u00e0 Avignon, assistez \u00e0 une ou deux repr\u00e9sentations du Festival OFF &#8211; un ensemble de pi\u00e8ces de th\u00e9\u00e2tre organis\u00e9es de fa\u00e7on ind\u00e9pendante, sans aucun lien avec le festival officiel. Les deux \u00e9v\u00e9nements sont totalement ind\u00e9pendants l\u2019un de l\u2019autre, tout en se respectant mutuellement lors de la p\u00e9riode estivale (tant que vous y \u00eates, consultez nos <a title=\" Location d\u2019appartements \u00e0 Avignon\" href=\"https:\/\/www.nyhabitat.com\/fr\/sud-france-appartement\/saisonniere-vacances\/provence\/avignon\">locations de vacances \u00e0 Avignon<\/a> qui vous inspireront assur\u00e9ment !).<\/p>\n<p><strong>6. La F\u00eate de la Musique<\/strong><\/p>\n<p>Vous avez toujours r\u00eav\u00e9 de vivre dans une com\u00e9die musicale ? Le 21 juin, n\u2019h\u00e9sitez pas \u00e0 pousser la chansonnette &#8211; on ne vous jugera pas et peut-\u00eatre m\u00eame que l\u2019on se joindra \u00e0 vous ! Et pour cause, c\u2019est la F\u00eate de la Musique, un festival de musique national qui promeut les musiciens d\u00e9butants ou confirm\u00e9s et qui sponsorise des concerts gratuits. Tous les genres de musique sont les bienvenus, et les passants sont invit\u00e9s \u00e0 assister aux concerts en live et \u00e0 \u00e9couter de la musique tout au long de la journ\u00e9e. Cette f\u00eate, cr\u00e9\u00e9e en 1982, s\u2019est \u00e9tendue \u00e0 la quasi-totalit\u00e9 des endroits habit\u00e9s de la plan\u00e8te (d\u00e9sol\u00e9 pour l\u2019Antarctique). L\u2019esprit de la F\u00eate de la Musique se propage \u00e0 travers la C\u00f4te d\u2019Azur, des plus grandes villes aux plus petits villages. La date marque aussi un autre \u00e9v\u00e9nement : c\u2019est le solstice d\u2019\u00e9t\u00e9 pour l\u2019h\u00e9misph\u00e8re nord ou le jour le plus long de l\u2019ann\u00e9e&#8230; ce qui vous donnera plus de temps pour danser, chanter ou tout simplement en profiter. Nos<a title=\"Locations d\u2019appartements dans le sud de la France\" href=\"https:\/\/www.nyhabitat.com\/fr\/sud-france-appartement.html\"> appartements dans le sud de la France<\/a> vous permettront de profiter au maximum de cette c\u00e9l\u00e9bration musicale !<\/p>\n<p><strong>7- Le Corso de la Lavande (Digne-les-Bains)<\/strong><\/p>\n<p>Que vous soyez attir\u00e9s par sa couleur ou par son parfum, la fleur de lavande est tout particuli\u00e8rement envo\u00fbtante dans l\u2019air de l\u2019\u00e9t\u00e9. Le sud de la France est c\u00e9l\u00e8bre pour ses \u00e9normes champs de lavande et la ville pittoresque de Digne-les-Bains va encore plus loin : elle organise un festival de plusieurs jours consacr\u00e9 \u00e0 la fleur violette !<\/p>\n<p>Alors d\u00e9but ao\u00fbt, prenez votre voiture et rendez-vous dans le haut lieu des eaux thermales &#8211; qui est aussi le chef-lieu administratif &#8211; pour le Corso de la Lavande. La fleur fait partie int\u00e9grante du programme : elle est diss\u00e9min\u00e9e dans tous les chars de la parade, elle est vendue au march\u00e9 fermier, et elle est mise \u00e0 l\u2019honneur pour son caract\u00e8re historique en musique et en danse. Pendant votre s\u00e9jour \u00e0 Digne, passez par le mus\u00e9e d\u2019art Gassendi, un vrai petit bijou, ou allez piquer une t\u00eate dans les c\u00e9l\u00e8bres eaux thermales du village !<\/p>\n<p><strong>8- Le Festival de Cannes<\/strong><\/p>\n<div class=\"img aligncenter size-full wp-image-10968\" style='width:585px;'>\n\t<img src=\"https:\/\/www.nyhabitat.com\/fr\/blog\/wp-content\/uploads\/2014\/11\/Provence-top-10-\u00e9v\u00e9nements-cannes-festival-cin\u00e9ma-c\u00f4te-d\u2019azur.jpg\" alt=\"Photo du Festival de Cannes\" width=\"585\" height=\"390\" \/>\n\t<div>Un ticket pour faire partie des plus grandes stars de cin\u00e9ma : diffusions de films en exclusivit\u00e9, avant-premi\u00e8res mondiales et un tapis rouge foul\u00e9 par les plus grands du cin\u00e9ma sont au programme du Festival de Cannes qui a lieu tous les ans.<\/div>\n<\/div>\n<p>Dans quelle ville de la C\u00f4te d\u2019Azur avez-vous l\u2019opportunit\u00e9 de croiser la plus forte concentration d\u2019acteurs c\u00e9l\u00e8bres ou de r\u00e9alisateurs ? Au Festival de Cannes, bien s\u00fbr !<\/p>\n<p>Tous les ans, au mois de mai, les stars d\u2019Hollywood et le cin\u00e9ma du monde entier affluent vers le festival le plus important &#8211; et le plus puissant &#8211; au monde. Le Festival de Cannes se d\u00e9finit \u00e9galement par une comp\u00e9tition acharn\u00e9e, o\u00f9 les films s\u00e9lectionn\u00e9s se disputent les r\u00e9compenses, y compris la mythique r\u00e9compense ultime : la Palme d\u2019Or. Au cas o\u00f9 vous voyez le Festival comme le grand fr\u00e8re des Oscars ( une comparaison qui n\u2019est pas enti\u00e8rement infond\u00e9e), la priorit\u00e9 de cet \u00e9v\u00e9nement (accessible sur invitation uniquement) est de diffuser des films en avant-premi\u00e8re et de pr\u00e9senter au monde la future g\u00e9n\u00e9ration de r\u00e9alisateurs. Cannes \u00e9tant situ\u00e9e sur la c\u00f4te, profitez de votre s\u00e9jour pour faire du bateau ou des activit\u00e9s aquatiques, ou encore pour faire une cure de shopping dans les boutiques de designers sur la promenade de la Croisette (notre guide sur la meilleure mani\u00e8re de passer <a title=\"48 heures \u00e0 Cannes\" href=\"https:\/\/www.nyhabitat.com\/fr\/blog\/2012\/08\/29\/48-heures-cannes\/\">48 heures \u00e0 Cannes<\/a> vous en donnera un aper\u00e7u). Vous aimeriez rester plus longtemps pour profiter de tout ce que la ville a \u00e0 vous offrir ? Nos <a title=\"Location d\u2019appartements \u00e0 Cannes\" href=\"https:\/\/www.nyhabitat.com\/fr\/sud-france-appartement\/saisonniere-vacances\/cote-azur\/cannes\">locations de vacances \u00e0 Cannes ont ce qu&rsquo;il vous faut<\/a>.<\/p>\n<p><strong>9- La f\u00eate du Mimosa \u00e0 Mandelieu<\/strong><\/p>\n<p>Vous avez besoin d\u2019un peu de couleur pour \u00e9gayer votre hiver ? La ville de Mandelieu-la-Napoule a ce qu\u2019il vous faut. Cr\u00e9\u00e9 dans le but de c\u00e9l\u00e9brer la floraison de la fleur de mimosa (un symbole puissant pour les habitants de Mandelieu, qui ont perdu leurs r\u00e9coltes entre 1929 et 1931), la f\u00eate du Mimosa se d\u00e9roule chaque ann\u00e9e, pendant dix jours, au mois de f\u00e9vrier. Les chars d\u00e9filent le long des rues, d\u00e9cor\u00e9s de fleurs \u00e9clatantes jaunes canari. Le festival regorge de de festivit\u00e9s : de la musique, des spectacles de rue, etc. Certains soirs, des chars illumin\u00e9s et m\u00e9ticuleusement d\u00e9cor\u00e9s \u00e9blouissent les passants. Ne vous contentez pas du r\u00f4le de spectateur &#8211; traversez une for\u00eat de mimosas, d\u00e9couvrez la mani\u00e8re de cultiver cette plante ou arr\u00eatez-vous dans une parfumerie pour apprendre comment le parfum du mimosa est transform\u00e9 en fragrance.<\/p>\n<p><strong>10- Le Grand Prix de Monaco<\/strong><\/p>\n<div class=\"img aligncenter size-full wp-image-10973\" style='width:585px;'>\n\t<img src=\"https:\/\/www.nyhabitat.com\/fr\/blog\/wp-content\/uploads\/2014\/11\/Provence-top-10-\u00e9v\u00e9nements-monaco-course-ville.jpg\" alt=\"Photo de Monaco\" width=\"585\" height=\"390\" \/>\n\t<div>Monaco constitue un emplacement pittoresque pour le Grand Prix<\/div>\n<\/div>\n<p>Le mot chic n\u2019est g\u00e9n\u00e9ralement pas associ\u00e9 \u00e0 la course automobile, mais il d\u00e9crit parfaitement le Grand Prix de Monaco, c\u00e9l\u00e8bre dans le monde entier. Tous les ans, au mois de mai, la prestigieuse course automobile se d\u00e9roule \u00e0 travers les rues hupp\u00e9es de Monaco. Mais ne vous m\u00e9prenez pas : malgr\u00e9 son emplacement \u00e9poustouflant, la conduite n\u2019est pas un jeu d\u2019enfant. Les routes \u00e9troites, les virages serr\u00e9s et le relief in\u00e9gal font du Grand Prix une lutte \u00e0 couper le souffle jusqu\u2019\u00e0 la ligne d\u2019arriv\u00e9e. La course de Formule 1 attire une grande partie de l\u2019\u00e9lite de Monaco &#8211; et du monde entier &#8211; dont certains suivent la course depuis leurs yachts amarr\u00e9s dans le port, \u00e0 deux pas du circuit. Probablement plus connu pour le Casino de Monte-Carlo, Monaco est une cit\u00e9-\u00c9tat autonome, nich\u00e9e sur la C\u00f4te d\u2019Azur. La ville se d\u00e9finit par son \u00e9l\u00e9gance s\u00e9duisante, illustr\u00e9e \u00e0 travers ses plages, ses boutiques et restaurants \u00e0 la mode, et sa famille royale (l\u2019actrice am\u00e9ricaine et icone de la mode, Grace Kelly, est devenue princesse mon\u00e9gasque en 1956). Profitez au maximum de ce luxe assum\u00e9, tout en observant l\u2019excitation et l\u2019adr\u00e9naline qui se d\u00e9gagent du Grand Prix.<\/p>\n<p>Quant \u00e0 vous, chers lecteurs, quels sont vos lieux et \u00e9v\u00e9nements favoris sur la C\u00f4te d\u2019Azur ?<\/p>\n","protected":false},"excerpt":{"rendered":"<p>Des plages de sable blanc, une eau c\u00e9rul\u00e9enne&#8230;cela semble \u00eatre clich\u00e9 mais cette description d\u00e9peint parfaitement le littoral de la C\u00f4te d\u2019Azur. Situ\u00e9e \u00e0 l\u2019extr\u00e9mit\u00e9&#8230;<\/p>\n","protected":false},"author":1,"featured_media":0,"comment_status":"open","ping_status":"closed","sticky":false,"template":"","format":"standard","meta":[],"categories":[42],"tags":[],"_links":{"self":[{"href":"https:\/\/www.nyhabitat.com\/fr\/blog\/wp-json\/wp\/v2\/posts\/10967"}],"collection":[{"href":"https:\/\/www.nyhabitat.com\/fr\/blog\/wp-json\/wp\/v2\/posts"}],"about":[{"href":"https:\/\/www.nyhabitat.com\/fr\/blog\/wp-json\/wp\/v2\/types\/post"}],"author":[{"embeddable":true,"href":"https:\/\/www.nyhabitat.com\/fr\/blog\/wp-json\/wp\/v2\/users\/1"}],"replies":[{"embeddable":true,"href":"https:\/\/www.nyhabitat.com\/fr\/blog\/wp-json\/wp\/v2\/comments?post=10967"}],"version-history":[{"count":3,"href":"https:\/\/www.nyhabitat.com\/fr\/blog\/wp-json\/wp\/v2\/posts\/10967\/revisions"}],"predecessor-version":[{"id":10977,"href":"https:\/\/www.nyhabitat.com\/fr\/blog\/wp-json\/wp\/v2\/posts\/10967\/revisions\/10977"}],"wp:attachment":[{"href":"https:\/\/www.nyhabitat.com\/fr\/blog\/wp-json\/wp\/v2\/media?parent=10967"}],"wp:term":[{"taxonomy":"category","embeddable":true,"href":"https:\/\/www.nyhabitat.com\/fr\/blog\/wp-json\/wp\/v2\/categories?post=10967"},{"taxonomy":"post_tag","embeddable":true,"href":"https:\/\/www.nyhabitat.com\/fr\/blog\/wp-json\/wp\/v2\/tags?post=10967"}],"curies":[{"name":"wp","href":"https:\/\/api.w.org\/{rel}","templated":true}]}}