{"id":12051,"date":"2016-01-06T13:20:48","date_gmt":"2016-01-06T17:20:48","guid":{"rendered":"https:\/\/www.nyhabitat.com\/fr\/blog\/?p=12051"},"modified":"2016-01-06T13:20:48","modified_gmt":"2016-01-06T17:20:48","slug":"profil-location-vacances-villa-cezanne-aix-provence-sud-france","status":"publish","type":"post","link":"https:\/\/www.nyhabitat.com\/fr\/blog\/2016\/01\/06\/profil-location-vacances-villa-cezanne-aix-provence-sud-france\/","title":{"rendered":"Profil de la Villa C\u00e9zanne \u00e0 Aix-en-Provence, sud de la France"},"content":{"rendered":"<div class=\"img aligncenter size-large wp-image-12053\" style='width:585px;'>\n\t<img src=\"https:\/\/www.nyhabitat.com\/fr\/blog\/wp-content\/uploads\/2016\/01\/appartement-sud-france-villa-cezanne-piscine-exterieure-lumieres-crepuscule-1024x682.jpg\" alt=\"Photo de l\u2019ext\u00e9rieur de la Villa C\u00e9zanne, pr\u00e8s de la piscine\" width=\"585\" height=\"390\" \/>\n\t<div>\u00c0 la tomb\u00e9e de la nuit, la Villa C\u00e9zanne accueille ses invit\u00e9s avec une piscine \u00e9clair\u00e9e, des bougies et un int\u00e9rieur chaleureux.<\/div>\n<\/div>\n<p>La luxueuse <a title=\"Pour r\u00e9server cette villa remarquable, consultez les disponibilit\u00e9s sur notre site Internet.\" href=\"https:\/\/www.nyhabitat.com\/fr\/sud-france-appartement\/saisonniere-vacances\/1165\">villa T5<\/a> <strong>Paul C\u00e9zanne<\/strong>, nomm\u00e9e ainsi d\u2019apr\u00e8s le pr\u00e9curseur du mouvement postimpressionniste, se situe \u00e0 l\u2019ext\u00e9rieur de la commune d\u2019<a title=\"Aix-en-Provence est une destination de choix \u00e0 d\u00e9couvrir lorsque vous effectuez un voyage de courte ou longue dur\u00e9e ! \" href=\"https:\/\/www.nyhabitat.com\/fr\/blog\/2013\/08\/28\/48-heures-aix-provence-france\/\">Aix-en-Provence<\/a>. Elle poss\u00e8de un design unique de type art moderne, mouvement qui a inspir\u00e9 les \u0153uvres du peintre. Avec un <strong>mobilier moderne<\/strong>, des possibilit\u00e9s d\u2019h\u00e9bergement pour toute la famille et une magnifique terrasse \u00e0 c\u00f4t\u00e9 de la piscine, cette villa proven\u00e7ale est un coin de paradis !<\/p>\n<p style=\"padding-left: 30px;\"><strong>La pi\u00e8ce principale<\/strong><\/p>\n<div class=\"img aligncenter size-large wp-image-12060\" style='width:585px;'>\n\t<img src=\"https:\/\/www.nyhabitat.com\/fr\/blog\/wp-content\/uploads\/2016\/01\/sud-france-villa-cezanne-salon-salle-a-manger-cheminee-fauteuils-tapis-fourrure-1024x682.jpg\" alt=\"Photo du salon\/salle \u00e0 manger de la Ville C\u00e9zanne\" width=\"585\" height=\"390\" \/>\n\t<div>La pi\u00e8ce principale de la Villa C\u00e9zanne dispose d\u2019une chemin\u00e9e, d\u2019une table \u00e0 manger, d\u2019un salon et bien plus encore !<\/div>\n<\/div>\n<p>La chemin\u00e9e repr\u00e9sente le c\u0153ur d\u2019une maison. Toute la famille aura l\u2019espace n\u00e9cessaire pour se r\u00e9unir et se d\u00e9tendre autour de l\u2019\u00e9l\u00e9gant <strong>foyer<\/strong>, situ\u00e9 dans le salon de cette villa ! Les jolis fauteuils en bois et en tissu noir, le grand canap\u00e9 de style contemporain et le tapis en fausse fourrure participent \u00e0 la cr\u00e9ation d\u2019un espace commun \u00e0 part enti\u00e8re, au sein de la villa. Un grand <strong>t\u00e9l\u00e9viseur \u00e0 \u00e9cran plat<\/strong> assure l\u2019animation de la pi\u00e8ce.<!--more--><\/p>\n<p>Les plafonds \u00e0 double hauteur ajoutent une touche de prestige suppl\u00e9mentaire \u00e0 l\u2019ensemble, avec des <strong>poutres apparentes<\/strong> aux tons clairs au-dessus de la table \u00e0 manger en bois pouvant recevoir jusqu&rsquo;\u00e0 8 personnes. La <strong>baie vitr\u00e9e<\/strong>, situ\u00e9e en face de la piscine et de la terrasse, permet de communiquer entre l\u2019int\u00e9rieur et l\u2019ext\u00e9rieur de la maison, tout en baignant la pi\u00e8ce de lumi\u00e8re naturelle.<\/p>\n<p style=\"padding-left: 30px;\"><strong>La cuisine<\/strong><\/p>\n<div class=\"img aligncenter size-large wp-image-12056\" style='width:585px;'>\n\t<img src=\"https:\/\/www.nyhabitat.com\/fr\/blog\/wp-content\/uploads\/2016\/01\/sud-france-villa-cezanne-cuisine-moderne-acier-inoxydable-meubles-rangement-blanc-plan-travail-bois-1024x682.jpg\" alt=\"Photo de la cuisine de la Villa C\u00e9zanne\" width=\"585\" height=\"390\" \/>\n\t<div>Les tons chaleureux du bois contrastent avec les \u00e9quipements \u00e9l\u00e9gants et modernes de la cuisine.<\/div>\n<\/div>\n<p>Loin des foyers ouverts jadis utilis\u00e9s pour pr\u00e9parer des <a title=\"Prenez go\u00fbt \u00e0 la cuisine traditionnelle proven\u00e7ale lors de votre voyage dans le sud de la France\" href=\"https:\/\/www.nyhabitat.com\/fr\/blog\/2012\/10\/12\/culture-gastronomique-specialites-provence-sud-france\/\">sp\u00e9cialit\u00e9s gastronomiques traditionnelles proven\u00e7ales<\/a>, le coin cuisine de cet appartement est \u00e0 la pointe de la technologie ! Une fois entr\u00e9 par la porte depuis la salle \u00e0 manger, vous d\u00e9couvrirez une table pour petit-d\u00e9jeuner munie de 4 chaises, entour\u00e9e d\u2019un plan de travail en forme de L. La couleur blanche des meubles de rangement contraste avec les tons chaleureux du bois naturel des plans de travail, l\u2019aluminium bross\u00e9 et les <strong>appareils en acier inoxydable<\/strong>.<\/p>\n<p>Un <strong>four<\/strong> et un micro-onde, l\u2019un au-dessus de l\u2019autre, \u00e9largissent les possibilit\u00e9s en mati\u00e8re de cuisine. La cuisini\u00e8re \u00e9lectrique est \u00e9quip\u00e9e d\u2019une petite hotte au-dessus pour permettre la ventilation. Une fen\u00eatre pr\u00e8s de la cafeti\u00e8re assure l\u2019apport de lumi\u00e8re naturelle. Un blender, une bouilloire \u00e9lectrique et un grille-pain viennent s\u2019ajouter aux appareils m\u00e9nagers \u00e0 disposition. Vous n\u2019aurez donc aucun mal \u00e0 trouver ce qu\u2019il vous faut, quel que soit ce que vous cuisinez !<\/p>\n<p style=\"padding-left: 30px;\"><strong>Les chambres \u00e0 coucher<\/strong><\/p>\n<div class=\"img aligncenter size-large wp-image-12055\" style='width:585px;'>\n\t<img src=\"https:\/\/www.nyhabitat.com\/fr\/blog\/wp-content\/uploads\/2016\/01\/sud-france-villa-cezanne-chambre-principale-plateau-dejeuner-cozy-couple-parents-1024x682.jpg\" alt=\"Photo de l\u2019une des chambres \u00e0 coucher du rez-de-chauss\u00e9e de la Villa C\u00e9zanne\" width=\"585\" height=\"390\" \/>\n\t<div>Cette chambre \u00e0 coucher aux tons violets est l\u2019endroit id\u00e9al pour une nuit de sommeil r\u00e9paratrice.<\/div>\n<\/div>\n<p>Avec <strong>4 chambres<\/strong> r\u00e9parties sur 2 \u00e9tages, la Villa C\u00e9zanne ne manque pas d\u2019options de couchage. Ainsi, tout un chacun peut appr\u00e9cier une bonne nuit de sommeil ! La photo ci-dessus repr\u00e9sente la chambre principale qui se trouve au rez-de-chauss\u00e9e. Elle est \u00e9quip\u00e9e d\u2019un lit double, d\u2019une <strong>salle de bain priv\u00e9e<\/strong>, d\u2019une penderie ainsi que d\u2019une porte coulissante qui donne directement sur la terrasse ext\u00e9rieure. La chambre 2 dispose d\u2019un lit double, d\u2019une armoire en bois naturel et d\u2019une salle de bain priv\u00e9e. Une troisi\u00e8me chambre, \u00e0 ce m\u00eame \u00e9tage, poss\u00e8de une petite terrasse avec 2 chaises longues.<\/p>\n<div class=\"img aligncenter size-large wp-image-12054\" style='width:585px;'>\n\t<img src=\"https:\/\/www.nyhabitat.com\/fr\/blog\/wp-content\/uploads\/2016\/01\/sud-france-villa-cezanne-chambre-coucher-etage-famille-enfants-poutres-apparentes-1024x682.jpg\" alt=\"Photo d\u2019une chambre \u00e0 coucher qui se trouve \u00e0 l\u2019\u00e9tage de la Villa C\u00e9zanne\" width=\"585\" height=\"390\" \/>\n\t<div>Cette chambre mansard\u00e9e, situ\u00e9e \u00e0 l\u2019\u00e9tage, peut accueillir deux personnes.<\/div>\n<\/div>\n<p>En haut, une quatri\u00e8me chambre contient 2 lits simples qui peuvent \u00eatre r\u00e9unis en un seul grand lit King-size, une commode et un portemanteau. Cette flexibilit\u00e9 est id\u00e9ale pour les familles avec des enfants ainsi que pour les groupes plus nombreux !<\/p>\n<p style=\"padding-left: 30px;\"><strong>Les salles d\u2019eau et les toilettes<\/strong><\/p>\n<div class=\"img aligncenter size-large wp-image-12059\" style='width:585px;'>\n\t<img src=\"https:\/\/www.nyhabitat.com\/fr\/blog\/wp-content\/uploads\/2016\/01\/sud-france-villa-cezanne-salle-de-bain-baignoire-poutres-apparentes-bois-naturel-miroir-1024x682.jpg\" alt=\"Photo d\u2019une salle de bain pourvue d\u2019une baignoire blanche ainsi que de poutres en bois\" width=\"585\" height=\"390\" \/>\n\t<div>Cette salle de bain d\u2019un blanc \u00e9tincelant est l\u2019\u00e9l\u00e9ment central de la salle d\u2019eau situ\u00e9e \u00e0 l\u2019\u00e9tage.<\/div>\n<\/div>\n<p>Avec une salle de bain, 3 salles d\u2019eau et des WC s\u00e9par\u00e9s, vous n\u2019attendrez jamais votre tour pour la salle de bain durant votre s\u00e9jour dans cette villa ! Au rez-de-chauss\u00e9e, la salle de bain n\u00b01, reli\u00e9e \u00e0 l\u2019une des chambres \u00e0 coucher, dispose de toilettes, d\u2019une baignoire avec une douchette et d\u2019un grand miroir. Les salles de bain n\u00b02 et 3 se trouvent \u00e0 l\u2019\u00e9tage sup\u00e9rieur et ne sont pas munies de cloison. Ainsi, les chevrons en bois apparents de la villa contrastent avec le blanc \u00e9tincelant des baignoires. La salle de bain n\u00b04 est pourvue d\u2019une douche ouverte \u00e0 effet pluie ainsi que de 2 lavabos, id\u00e9al pour les couples ! Dans la pi\u00e8ce n\u00b05, vous trouverez des WC s\u00e9par\u00e9s ainsi que, pour votre plus grand confort, une <strong>machine \u00e0 laver\/s\u00e8che-linge<\/strong>.<\/p>\n<p style=\"padding-left: 30px;\"><strong>\u00c0 l\u2019ext\u00e9rieur, sur la terrasse<\/strong><\/p>\n<div class=\"img aligncenter size-large wp-image-12057\" style='width:585px;'>\n\t<img src=\"https:\/\/www.nyhabitat.com\/fr\/blog\/wp-content\/uploads\/2016\/01\/sud-france-villa-cezanne-d\u00eener-exterieur-patio-terrasse-table-repas-cuisine-proven\u00e7ale-1024x682.jpg\" alt=\"Photo d\u2019une table \u00e0 manger garnie de mets pr\u00e8s de la piscine ext\u00e9rieure de la Villa C\u00e9zanne\" width=\"585\" height=\"390\" \/>\n\t<div>Appr\u00e9ciez la cuisine traditionnelle proven\u00e7ale en vous asseyant \u00e0 la table \u00e0 manger du patio, situ\u00e9 au bord de la piscine ! <\/div>\n<\/div>\n<p>Forte de ses am\u00e9nagements raffin\u00e9s et de son confort mat\u00e9riel, la Villa C\u00e9zanne est un excellent choix pour s\u00e9journer dans le <strong>sud de la France<\/strong>. Mais pas seulement. La terrasse et la piscine ext\u00e9rieure sont sublimes ! Une table \u00e0 manger pour 8 personnes vous permet d\u2019appr\u00e9cier vos repas en plein air tout en profitant, durant la journ\u00e9e, de la chaleur du soleil proven\u00e7al ou de la brise rafra\u00eechissante le soir. Prenez plaisir \u00e0 cuisiner des plats proven\u00e7aux en famille avec le <strong>barbecue au gaz<\/strong> ! Rendez-vous dans l\u2019un de <a title=\"La Provence est une r\u00e9gion c\u00e9l\u00e8bre pour ses march\u00e9s. Consultez notre liste pour d\u00e9couvrir les 5 plus beaux !\" href=\"https:\/\/www.nyhabitat.com\/fr\/blog\/2015\/04\/08\/5-beaux-marches-provence\/\">nos march\u00e9s proven\u00e7aux favoris<\/a> afin de vous approvisionner en ingr\u00e9dients frais !<\/p>\n<div class=\"img aligncenter size-large wp-image-12058\" style='width:585px;'>\n\t<img src=\"https:\/\/www.nyhabitat.com\/fr\/blog\/wp-content\/uploads\/2016\/01\/sud-france-villa-C\u00e9zanne-piscine-pelouse-jour-lumi\u00e8re-lavande-1024x682.jpg\" alt=\"Image de la piscine et les arbres derri\u00e8re la Villa C\u00e9zanne\" width=\"585\" height=\"390\" \/>\n\t<div>Entre la verdure et la piscine, vous aurez du mal \u00e0 d\u00e9cider ce qui est le plus d\u00e9tendant sur cette terasse!<\/div>\n<\/div>\n<p>Enfin, il y a bien \u00e9videmment la piscine et son eau turquoise attrayante. Les marches m\u00e8nent du <strong>patio<\/strong> \u00e0 l\u2019eau rafra\u00eechissante. Entretenez votre bronzage ou lisez un bon livre dans les chaises longues au bord de la piscine. Gr\u00e2ce aux <strong>\u00e9clairages subaquatiques<\/strong> qui recouvrent les parois de la piscine, vous pouvez m\u00eame nager apr\u00e8s le coucher du soleil. Une activit\u00e9 g\u00e9niale \u00e0 faire en famille apr\u00e8s le repas du soir !<\/p>\n<p>Vous aimez ce que vous voyez ? Mais vous esp\u00e9riez davantage de commodit\u00e9s ? Nous avons une multitude de <a title=\"Nous vous aiderons \u00e0 trouver la location saisonni\u00e8re que vous recherchez\" href=\"https:\/\/www.nyhabitat.com\/fr\/sud-france-appartement\/saisonniere-vacances\">locations de vacances<\/a>, vous n\u2019avez que l\u2019embarras du choix ! Pourquoi ne pas s\u00e9journer pr\u00e8s de la plage dans notre <a title=\"Gr\u00e2ce \u00e0 cet appartement sur la C\u00f4te d\u2019Azur, vous serez \u00e0 deux pas de la plage\" href=\"https:\/\/www.nyhabitat.com\/fr\/sud-france-appartement\/saisonniere-vacances\/397\">maison T4 situ\u00e9 dans la commune de la Croix-Valmer \u2013 Gigaro<\/a> ? \u00c0 moins que vous n\u2019envisagiez de passer des vacances en ville et de vous loger dans un <a title=\"Impr\u00e9gnez-vous de la culture pleine de vie de la ville de Marseille avec ce luxueux appartement T3\" href=\"https:\/\/www.nyhabitat.com\/fr\/sud-france-appartement\/saisonniere-vacances\/234\">appartement luxueux \u00e0 Marseille<\/a> ? Si vous \u00eates \u00e0 la recherche d\u2019appartements, dans le sud de la France, aux caract\u00e9ristiques uniques, il suffit de consulter notre guide r\u00e9pertoriant les <a title=\"Vous h\u00e9sitez ? Cette liste r\u00e9pertoriant les 10 caract\u00e9ristiques qui enchanteront toute la famille vous aidera \u00e0 choisir la villa parfaite !\" href=\"https:\/\/www.nyhabitat.com\/fr\/blog\/2015\/11\/11\/10-caracteristiques-qui-plairont-toute-famille-votre-location-vacances-sud-france\/\">10 aspects qui raviront toute la famille<\/a>. Vous pourriez bien trouver la maison de vos r\u00eaves parmi les choix propos\u00e9s !<\/p>\n","protected":false},"excerpt":{"rendered":"<p>La luxueuse villa T5 Paul C\u00e9zanne, nomm\u00e9e ainsi d\u2019apr\u00e8s le pr\u00e9curseur du mouvement postimpressionniste, se situe \u00e0 l\u2019ext\u00e9rieur de la commune d\u2019Aix-en-Provence. Elle poss\u00e8de un&#8230;<\/p>\n","protected":false},"author":1,"featured_media":0,"comment_status":"open","ping_status":"closed","sticky":false,"template":"","format":"standard","meta":[],"categories":[113],"tags":[],"_links":{"self":[{"href":"https:\/\/www.nyhabitat.com\/fr\/blog\/wp-json\/wp\/v2\/posts\/12051"}],"collection":[{"href":"https:\/\/www.nyhabitat.com\/fr\/blog\/wp-json\/wp\/v2\/posts"}],"about":[{"href":"https:\/\/www.nyhabitat.com\/fr\/blog\/wp-json\/wp\/v2\/types\/post"}],"author":[{"embeddable":true,"href":"https:\/\/www.nyhabitat.com\/fr\/blog\/wp-json\/wp\/v2\/users\/1"}],"replies":[{"embeddable":true,"href":"https:\/\/www.nyhabitat.com\/fr\/blog\/wp-json\/wp\/v2\/comments?post=12051"}],"version-history":[{"count":7,"href":"https:\/\/www.nyhabitat.com\/fr\/blog\/wp-json\/wp\/v2\/posts\/12051\/revisions"}],"predecessor-version":[{"id":12066,"href":"https:\/\/www.nyhabitat.com\/fr\/blog\/wp-json\/wp\/v2\/posts\/12051\/revisions\/12066"}],"wp:attachment":[{"href":"https:\/\/www.nyhabitat.com\/fr\/blog\/wp-json\/wp\/v2\/media?parent=12051"}],"wp:term":[{"taxonomy":"category","embeddable":true,"href":"https:\/\/www.nyhabitat.com\/fr\/blog\/wp-json\/wp\/v2\/categories?post=12051"},{"taxonomy":"post_tag","embeddable":true,"href":"https:\/\/www.nyhabitat.com\/fr\/blog\/wp-json\/wp\/v2\/tags?post=12051"}],"curies":[{"name":"wp","href":"https:\/\/api.w.org\/{rel}","templated":true}]}}