{"id":12286,"date":"2016-03-23T18:03:02","date_gmt":"2016-03-23T22:03:02","guid":{"rendered":"https:\/\/www.nyhabitat.com\/fr\/blog\/?p=12286"},"modified":"2016-03-23T18:03:02","modified_gmt":"2016-03-23T22:03:02","slug":"descendre-pistes-profiter-soleil-sud-france","status":"publish","type":"post","link":"https:\/\/www.nyhabitat.com\/fr\/blog\/2016\/03\/23\/descendre-pistes-profiter-soleil-sud-france\/","title":{"rendered":"Descendez les pistes et profitez du soleil dans le sud de la France"},"content":{"rendered":"<div class=\"img aligncenter size-large wp-image-12289\" style='width:585px;'>\n\t<img src=\"https:\/\/www.nyhabitat.com\/fr\/blog\/wp-content\/uploads\/2016\/03\/sud-france-chalet-location-vacances-alpes-sud-neige-soleil-montagne-chalet-pr-954-1024x682.jpg\" alt=\"Photo d\u2019un chalet alpin, PR-954\" width=\"585\" height=\"390\" \/>\n\t<div>Rencontre entre le soleil et la neige sur les pistes de ski des Alpes dans le sud de la France !<\/div>\n<\/div>\n<p>Le <strong>sud de la France<\/strong> est l\u2019une des premi\u00e8res destinations touristiques dans le monde, en partie gr\u00e2ce \u00e0 sa g\u00e9ographie unique. La <a title=\"La Provence a bien plus \u00e0 offrir que ce que l\u2019on pense\" href=\"https:\/\/www.nyhabitat.com\/fr\/sud-france-appartement\/saisonniere-vacances\/provence\">Provence <\/a>et la <a title=\"La C\u00f4te d\u2019Azur est l\u2019une des destinations de vacances les plus glamours d\u2019Europe\" href=\"https:\/\/www.nyhabitat.com\/fr\/sud-france-appartement\/saisonniere-vacances\/cote-azur\/nice\">C\u00f4te d\u2019Azur<\/a> sont situ\u00e9es entre les sommets spectaculaires des <a title=\"Les Alpes fran\u00e7aises sont une super destination pour un voyage dans le sud de la France\" href=\"https:\/\/www.nyhabitat.com\/fr\/sud-france-appartement\/saisonniere-vacances\/alpes-sud\">Alpes du Sud<\/a> et les plages du littoral m\u00e9diterran\u00e9en. Toutes deux proposent ce qui se fait de mieux \u00e0 la mer comme \u00e0 la montagne. Le printemps est vraiment le meilleur moment pour y aller et profiter de ces deux univers, lorsque la poudreuse des Alpes est parfaite pour skier et que la chaleur du soleil sur le littoral contraste avec le froid de l\u2019hiver.<\/p>\n<p>Pr\u00e9voyez vos vacances en <strong>Provence<\/strong> au printemps pour faire des activit\u00e9s uniques, assister \u00e0 des \u00e9v\u00e9nements c\u00e9l\u00e8bres dans le monde entier et profiter de la diff\u00e9rence de temp\u00e9rature pour plaire \u00e0 tout le monde !<!--more--><\/p>\n<p style=\"padding-left: 30px;\"><strong>Les Alpes du Sud : un paradis pour les skieurs<\/strong><\/p>\n<div class=\"img aligncenter size-large wp-image-12291\" style='width:585px;'>\n\t<img src=\"https:\/\/www.nyhabitat.com\/fr\/blog\/wp-content\/uploads\/2016\/03\/sud-france-neige-massif-alpes-montagnes-enneigees-route-arbres-1024x682.jpg\" alt=\"Photo d\u2019une montagne dans les Alpes fran\u00e7aises\" width=\"585\" height=\"390\" \/>\n\t<div>Les sommets blancs des Alpes du Sud fran\u00e7aises constituent un arri\u00e8re-plan magnifique pour des vacances !<\/div>\n<\/div>\n<p>Le sud de la France est peut-\u00eatre connu pour ses plages ensoleill\u00e9es et sa mer couleur turquoise, mais au-dessus du littoral se trouve un autre type d\u2019activit\u00e9 tout \u00e0 fait diff\u00e9rent : les pistes de ski escarp\u00e9es des Alpes du Sud. Cette cha\u00eene de montagnes colossale s\u2019\u00e9tend sur 8 pays diff\u00e9rents et attire plus de 120 millions de touristes par an, nombre d\u2019entre eux vont dans des stations touristiques r\u00e9put\u00e9es le long de la fronti\u00e8re entre la France et l\u2019Italie, telles que Chamonix. Les <a title=\"Les Alpes du Sud sont une destination de vacances magique en hiver\" href=\"https:\/\/www.nyhabitat.com\/fr\/blog\/2012\/10\/03\/automne-hiver-alpes-sud\/\">stations de ski des Alpes du Sud<\/a> sont aussi une bonne option pour toute personne aimant skier car elles sont moins ch\u00e8res et il y a moins de monde !<\/p>\n<p>Profitez de la neige de fin de saison sur ces pistes de ski des Alpes du Sud :<\/p>\n<ul>\n<li><strong>La Colmiane<\/strong> : dans cette ville tout en relief et situ\u00e9e au nord de <strong>Nice<\/strong> \u00e0 quelques kilom\u00e8tres de la fronti\u00e8re italienne, la saison de ski s\u2019arr\u00eate le 28 mars.<\/li>\n<\/ul>\n<ul>\n<li><strong>Valberg-Beuil<\/strong> : vous pouvez retrouver cette station de sports d\u2019hiver dans le <strong>parc national du Mercantour<\/strong> o\u00f9 la saison de ski se termine le 2 avril.<\/li>\n<\/ul>\n<ul>\n<li><strong>Isola 2000<\/strong> : cette station, parfaite pour les touristes qui veulent profiter des fronti\u00e8res ouvertes de l\u2019Union Europ\u00e9enne, est \u00e0 seulement quelques kilom\u00e8tres de la limite entre l\u2019Italie et la France. C\u2019est aussi un tr\u00e8s bon choix pour des vacances tardives, puisque la saison de ski s\u2019ach\u00e8ve le 17 avril.<\/li>\n<\/ul>\n<ul>\n<li><strong>Auron<\/strong> : la station de ski d\u2019Auron est proche de la ville de Saint-Etienne-de-Tin\u00e9e, elle est donc moins isol\u00e9e que les autres. La saison de ski se termine aussi le 17 avril.<\/li>\n<\/ul>\n<ul>\n<li><strong>Les Orres<\/strong> : cette station touristique, situ\u00e9e juste \u00e0 c\u00f4t\u00e9 du <strong>parc national des \u00c9crins<\/strong> et au-dessus du tr\u00e8s beau lac <strong>de Serre-Pon\u00e7on<\/strong>, reste ouverte aux skieurs jusqu\u2019\u00e0 mi-avril.<\/li>\n<\/ul>\n<div class=\"img aligncenter size-large wp-image-12290\" style='width:585px;'>\n\t<img src=\"https:\/\/www.nyhabitat.com\/fr\/blog\/wp-content\/uploads\/2016\/03\/sud-france-chalet-location-vacances-nuit-alpes-neige-montagne-cabane-arbres-bois-pr-954-1024x682.jpg\" alt=\"Photo d\u2019un chalet alpin, location de vacances PR-954\" width=\"585\" height=\"390\" \/>\n\t<div>Ce chalet dans les Alpes fran\u00e7aises est un refuge prot\u00e9geant du froid alpin et est un endroit parfait pour profiter des derniers flocons de neige de l\u2019hiver !<\/div>\n<\/div>\n<p>Au lieu de s\u00e9journer dans une station touristique o\u00f9 les prix des produits basiques sont exorbitants, pensez plut\u00f4t \u00e0 louer l\u2019une de nos <a title=\"Trouvez le logement id\u00e9al gr\u00e2ce \u00e0 nos locations saisonni\u00e8res\" href=\"https:\/\/www.nyhabitat.com\/fr\/sud-france-appartement\/saisonniere-vacances\">locations de vacances<\/a> uniques dans le sud de la France. Vous pouvez m\u00eame y trouver des prix de derni\u00e8re minute pour \u00e9conomiser de l\u2019argent sur votre s\u00e9jour ! Notre<a title=\"D\u00e9couvrez ce chalet de deux chambres \u00e0 louer dans les Alpes fran\u00e7aises\" href=\"https:\/\/www.nyhabitat.com\/fr\/sud-france-appartement\/saisonniere-vacances\/954\"> chalet de deux chambres dans La B\u00e2tie Neuve<\/a>, situ\u00e9 \u00e0 environ 35 kilom\u00e8tres au nord-ouest des pistes de ski mentionn\u00e9es ci-dessus, est l\u2019endroit parfait pour vous r\u00e9chauffer apr\u00e8s une journ\u00e9e \u00e0 skier ! Cette location, qui se trouve sur le versant de la montagne, est un endroit confortable gr\u00e2ce \u00e0 sa cuisine \u00e9quip\u00e9e, son acc\u00e8s \u00e0 Internet et ses lits pouvant accueillir jusqu\u2019\u00e0 4 personnes.<\/p>\n<p style=\"padding-left: 30px;\"><strong>Les activit\u00e9s d\u2019hiver pour ceux qui ne skient pas<\/strong><\/p>\n<div class=\"img aligncenter size-large wp-image-12295\" style='width:585px;'>\n\t<img src=\"https:\/\/www.nyhabitat.com\/fr\/blog\/wp-content\/uploads\/2016\/03\/sud-france-chalet-bois-champs-bord-lac-massif-alpes-vue-printemps-1024x682.jpg\" alt=\"Photo d\u2019un chalet avec en arri\u00e8re-plan les Alpes\" width=\"585\" height=\"390\" \/>\n\t<div>Imaginez-vous en train de vous r\u00e9veiller tous les jours avec une vue des Alpes comme celle-ci !<\/div>\n<\/div>\n<p>Heureusement, dans les Alpes, les touristes ne sont pas oblig\u00e9s de passer tout leur temps dans le froid, il y a aussi de nombreuses choses \u00e0 d\u00e9couvrir dans la r\u00e9gion \u00e0 la fin de l\u2019hiver et au printemps !<\/p>\n<p>M\u00eame si vous n\u2019aimez pas skier ou faire du snowboard, vous pouvez profiter de cet environnement alpin unique en faisant une <strong>randonn\u00e9e dans les glaciers<\/strong> du<strong> parc national des \u00c9crins<\/strong>. Ou, pour ceux d\u2019entre vous qui ne sont pas aussi sportifs, vous pouvez appr\u00e9cier la beaut\u00e9 des montagnes en faisant un vol touristique ou en survolant les environs \u00e0 bord d\u2019un h\u00e9licopt\u00e8re. En s\u00e9journant pr\u00e8s de <strong>Gap<\/strong>, vous pouvez aller \u00e0 l\u2019a\u00e9roport local de Tallard pour faire un tour spectaculaire dans les airs, offrant une vue sur des beaux paysages au-dessus des montagnes.<\/p>\n<p>Vous pouvez aussi vous rendre sur le littoral m\u00e9diterran\u00e9en, une destination classique o\u00f9 les villes anim\u00e9es comme <a title=\"Marseille est la seconde ville de France et un centre anim\u00e9 multiculturel\" href=\"https:\/\/www.nyhabitat.com\/fr\/blog\/2013\/02\/06\/48-heures-marseille-provence\/\">Marseille <\/a>et <a title=\"Nice n\u2019est pas qu\u2019une jolie ville, c\u2019est aussi une destination de vacances fantastique \" href=\"https:\/\/www.nyhabitat.com\/fr\/blog\/2014\/05\/07\/48-heures-cote-azur-nice-alentours\/\">Nice <\/a>offrent de nombreuses possibilit\u00e9s aux touristes. Certains des <a title=\"Le sud de la France est r\u00e9put\u00e9 pour sa cuisine, d\u00e9couvrez pourquoi gr\u00e2ce \u00e0 notre guide\" href=\"https:\/\/www.nyhabitat.com\/fr\/blog\/2012\/10\/12\/culture-gastronomique-specialites-provence-sud-france\/\">plats les plus c\u00e9l\u00e8bres de la r\u00e9gion<\/a> sont tr\u00e8s bien adapt\u00e9s pour l\u2019hiver, tels que la bouillabaisse, un rago\u00fbt de poisson rappelant le port anim\u00e9 de Marseille, ou la ratatouille r\u00e9confortante de la r\u00e9gion frontali\u00e8re avec l\u2019Italie. <strong>Le parc national des Calanques<\/strong>, qui s\u2019\u00e9tend de Marseille \u00e0 Cassis, est l\u2019un des sites touristiques naturels les plus spectaculaires du littoral qui est tout aussi beau (et moins peupl\u00e9) en hiver.<\/p>\n<p style=\"padding-left: 30px;\"><strong>Pr\u00e9voyez votre s\u00e9jour en fonction de l\u2019une de nos locations de vacances<\/strong><\/p>\n<div class=\"img aligncenter size-large wp-image-12292\" style='width:585px;'>\n\t<img src=\"https:\/\/www.nyhabitat.com\/fr\/blog\/wp-content\/uploads\/2016\/03\/sud-france-villeneuve-loubet-cote-azur-marina-baie-anges-pr-1223-1024x682.jpg\" alt=\"Photo du complexe de la Marina Baie des Anges sur la C\u00f4te d\u2019Azur, PR-1223\" width=\"585\" height=\"390\" \/>\n\t<div>Le complexe de la Marina Baie des Anges \u00e0 Villeneuve-Loubet profite de cette toile de fond spectaculaire des Alpes.<\/div>\n<\/div>\n<p><strong>Villeneuve-Loubet<\/strong>, une ville historique au sud de l\u2019a\u00e9roport de Nice, se trouve dans un coin du sud de la France tr\u00e8s bien adapt\u00e9 pour allier ski et neige avec sable et soleil. Comme vous pouvez le voir ci-dessus, le pittoresque <strong>massif du Mercantour-Argentera<\/strong> surplombe cet ancien village de p\u00eacheurs.<\/p>\n<p>Le complexe unique de la <strong>Marina Baie des Anges<\/strong> domine cette ville touristique. Il rappelle aussi bien les sommets des montagnes juste derri\u00e8re lui que les voiles blanches des bateaux bordant la C\u00f4te d\u2019Azur. Cet <a title=\"Notre appartement T2 \u00e0 Villeneuve-Loubet est \u00e0 seulement quelques m\u00e8tres de la mer !\" href=\"https:\/\/www.nyhabitat.com\/fr\/sud-france-appartement\/saisonniere-vacances\/1223\">appartement T2<\/a> est situ\u00e9 dans <strong>Le Baronnet<\/strong>, l\u2019un des quatre immeubles modernistes b\u00e9n\u00e9ficiant du centre de thalassoth\u00e9rapie de pointe du complexe et d\u2019une marina priv\u00e9e.<\/p>\n<div class=\"img aligncenter size-large wp-image-12293\" style='width:585px;'>\n\t<img src=\"https:\/\/www.nyhabitat.com\/fr\/blog\/wp-content\/uploads\/2016\/03\/sud-france-antibes-cannes-cote-azur-terrasse-studio-pr-1224-1024x682.jpg\" alt=\"Photo de la terrasse de l\u2019appartement PR-1224\" width=\"585\" height=\"390\" \/>\n\t<div> Profitez de la chaleur du soleil m\u00e9diterran\u00e9en sur la terrasse de l\u2019une de nos locations de vacances !<\/div>\n<\/div>\n<p>\u00c0 quelques kilom\u00e8tres au sud du littoral, entre <strong>Antibes<\/strong> et <a title=\"Cannes a bien plus \u00e0 offrir que son c\u00e9l\u00e8bre Festival de cin\u00e9ma\" href=\"https:\/\/www.nyhabitat.com\/fr\/blog\/2012\/08\/29\/48-heures-cannes\/ \">Cannes<\/a>, se trouve ce<a title=\"Ne manquez pas ce studio \u00e0 louer pr\u00e8s d\u2019Antibes et de Cannes\" href=\"https:\/\/www.nyhabitat.com\/fr\/sud-france-appartement\/saisonniere-vacances\/1224 \"> studio T1 unique<\/a> situ\u00e9 sur le terrain des propri\u00e9taires et donnant acc\u00e8s \u00e0 leur piscine priv\u00e9e. Ce logement est un tr\u00e8s bon endroit pour une <a title=\"Il n\u2019y a pas de meilleur endroit pour une escapade romantique que le sud de la France\" href=\"https:\/\/www.nyhabitat.com\/fr\/blog\/2015\/07\/08\/appartements-escapade-romantique-provence\/\">escapade romantique dans le sud de la France<\/a>, ou des vacances de derni\u00e8re minute gr\u00e2ce \u00e0 sa cuisine am\u00e9nag\u00e9e et ses \u00e9quipements modernes (t\u00e9l\u00e9vision \u00e0 \u00e9cran plat, climatisation). La location est aussi situ\u00e9e dans un excellent quartier, si vous pr\u00e9voyez un s\u00e9jour lors de l\u2019un des \u00e9v\u00e9nements saisonniers de la C\u00f4te d\u2019Azur !<\/p>\n<p style=\"padding-left: 30px;\"><strong>Les \u00e9v\u00e9nements qui ont lieu au printemps<\/strong><\/p>\n<p>Gr\u00e2ce \u00e0 ses temp\u00e9ratures douces, ses beaux paysages et ses infrastructures touristiques sans pr\u00e9c\u00e9dent, le sud de la France accueille de nombreux<a title=\"La Provence et la C\u00f4te d\u2019Azur accueillent de nombreux \u00e9v\u00e9nements int\u00e9ressants\" href=\"https:\/\/www.nyhabitat.com\/fr\/blog\/2014\/11\/12\/top-10-evenements-annuels-provence-cote-azur\/ \"> \u00e9v\u00e9nements et conf\u00e9rences c\u00e9l\u00e8bres dans le monde<\/a> mais organise aussi d\u2019importantes f\u00eates r\u00e9gionales historiques.<\/p>\n<p>La <strong>Feria d\u2019Arles<\/strong> respecte une tradition \u00e0 la fois appr\u00e9ci\u00e9e et controvers\u00e9e en France : la corrida. M\u00eame si elle diff\u00e8re l\u00e9g\u00e8rement de la c\u00e9l\u00e8bre version espagnole, les toreros d\u2019<a title=\"Arles est l\u2019un des secrets les mieux gard\u00e9s du sud de la France\" href=\"https:\/\/www.nyhabitat.com\/fr\/blog\/2011\/11\/25\/decouvrez-art-de-vivre-provence-arles\/ \">Arles<\/a> d\u00e9marrent la saison estivale \u00e0 P\u00e2ques par une f\u00eate organis\u00e9e par la municipalit\u00e9 depuis 1965.<\/p>\n<div class=\"img aligncenter  wp-image-12294\" style='width:585px;'>\n\t<img src=\"https:\/\/www.nyhabitat.com\/fr\/blog\/wp-content\/uploads\/2016\/03\/sud-france-cannes-festival-film-mannequin-glamour-mode-cote-azur-1024x682.jpg\" alt=\"Photo d\u2019un mannequin sur le balcon du palais des festivals \u00e0 Cannes\" width=\"585\" height=\"390\" \/>\n\t<div>Cannes est le joyau de la C\u00f4te d\u2019Azur et probablement la ville de province  la plus glamour.<\/div>\n<\/div>\n<p><strong>Le Festival de Cannes<\/strong>, consid\u00e9r\u00e9 comme le festival de cin\u00e9ma le plus prestigieux du monde, est s\u00fbrement l\u2019\u00e9v\u00e9nement le plus c\u00e9l\u00e8bre de la r\u00e9gion au printemps, voire m\u00eame de l\u2019ann\u00e9e. Chaque ann\u00e9e, il a lieu \u00e0 la mi-mai (du 11 au 22 mai en 2016), attire des invit\u00e9s spectaculaires venant des deux c\u00f4t\u00e9s de l\u2019Atlantique et passe en avant-premi\u00e8re des films et documentaires qui vont sortir dans l\u2019ann\u00e9e. Une seule production repart avec la convoit\u00e9e <strong>Palme d\u2019Or<\/strong>, faisant de cet \u00e9v\u00e9nement une comp\u00e9tition aux enjeux \u00e9lev\u00e9s.<\/p>\n<p>Une autre manifestation de renomm\u00e9e internationale a lieu de l\u2019autre c\u00f4t\u00e9 de la C\u00f4te d\u2019Azur, dans la toute petite <strong>Principaut\u00e9 de Monaco<\/strong>. C\u2019est bien s\u00fbr, le<strong> Grand Prix<\/strong>, la course de Formule 1 la plus importante et l\u2019une des trois formant la Triple couronne des sports automobiles. Cette course de vitesse se d\u00e9roule dans les rues \u00e9troites de ce minuscule pays d\u2019environ 2 km\u00b2, ce qui le rend d\u2019autant plus fascinant \u00e0 regarder !<\/p>\n<p>Passer l\u2019\u00e9t\u00e9 dans le sud de la France apporte encore plus de divertissement, avec des \u00e9v\u00e9nements culturels tels que la <strong>F\u00eate de la Musique<\/strong> (qui a lieu lors du solstice de juin), le <strong>Festival d\u2019Avignon<\/strong> consacr\u00e9 au th\u00e9\u00e2tre (qui d\u00e9bute le 4 juillet) et le <strong>Festival lyrique d\u2019Aix en Provence<\/strong> (qui commence le 30 juin cette ann\u00e9e).<\/p>\n<p>Gr\u00e2ce \u00e0 ces nombreux \u00e9v\u00e9nements extraordinaires, vous voudrez r\u00e9server une location de vacances aussi rapidement que possible ! Et avec autant de culture et de paysages \u00e0 disposition toute l\u2019ann\u00e9e, vous pouvez m\u00eame envisager un s\u00e9jour de longue dur\u00e9e gr\u00e2ce \u00e0 nos <a title=\"Nos locations meubl\u00e9es vous permettront de vivre comme les habitants du quartier\" href=\"https:\/\/www.nyhabitat.com\/fr\/sud-france-appartement\/meuble\">locations meubl\u00e9es<\/a>.<\/p>\n","protected":false},"excerpt":{"rendered":"<p>Le sud de la France est l\u2019une des premi\u00e8res destinations touristiques dans le monde, en partie gr\u00e2ce \u00e0 sa g\u00e9ographie unique. La Provence et la&#8230;<\/p>\n","protected":false},"author":1,"featured_media":0,"comment_status":"open","ping_status":"closed","sticky":false,"template":"","format":"standard","meta":[],"categories":[47],"tags":[],"_links":{"self":[{"href":"https:\/\/www.nyhabitat.com\/fr\/blog\/wp-json\/wp\/v2\/posts\/12286"}],"collection":[{"href":"https:\/\/www.nyhabitat.com\/fr\/blog\/wp-json\/wp\/v2\/posts"}],"about":[{"href":"https:\/\/www.nyhabitat.com\/fr\/blog\/wp-json\/wp\/v2\/types\/post"}],"author":[{"embeddable":true,"href":"https:\/\/www.nyhabitat.com\/fr\/blog\/wp-json\/wp\/v2\/users\/1"}],"replies":[{"embeddable":true,"href":"https:\/\/www.nyhabitat.com\/fr\/blog\/wp-json\/wp\/v2\/comments?post=12286"}],"version-history":[{"count":6,"href":"https:\/\/www.nyhabitat.com\/fr\/blog\/wp-json\/wp\/v2\/posts\/12286\/revisions"}],"predecessor-version":[{"id":12299,"href":"https:\/\/www.nyhabitat.com\/fr\/blog\/wp-json\/wp\/v2\/posts\/12286\/revisions\/12299"}],"wp:attachment":[{"href":"https:\/\/www.nyhabitat.com\/fr\/blog\/wp-json\/wp\/v2\/media?parent=12286"}],"wp:term":[{"taxonomy":"category","embeddable":true,"href":"https:\/\/www.nyhabitat.com\/fr\/blog\/wp-json\/wp\/v2\/categories?post=12286"},{"taxonomy":"post_tag","embeddable":true,"href":"https:\/\/www.nyhabitat.com\/fr\/blog\/wp-json\/wp\/v2\/tags?post=12286"}],"curies":[{"name":"wp","href":"https:\/\/api.w.org\/{rel}","templated":true}]}}