{"id":1480,"date":"2009-07-24T17:05:19","date_gmt":"2009-07-24T21:05:19","guid":{"rendered":"https:\/\/www.nyhabitat.com\/fr\/blog\/?p=1480"},"modified":"2012-12-31T11:29:08","modified_gmt":"2012-12-31T15:29:08","slug":"traversee-cafes-parisiens-saint-germain-des-pres","status":"publish","type":"post","link":"https:\/\/www.nyhabitat.com\/fr\/blog\/2009\/07\/24\/traversee-cafes-parisiens-saint-germain-des-pres\/","title":{"rendered":"Travers\u00e9e des caf\u00e9s parisiens : Saint Germain des Pr\u00e9s"},"content":{"rendered":"<p>A Paris, <a title=\"Savourez l'histoire des caf\u00e9s litt\u00e9raires de la rive droite\" href=\"\/fr\/blog\/2009\/07\/10\/traversee-paris-cafes-litteraires-rive-droite\/\">les caf\u00e9s de la rive droite<\/a> m\u00e9ritent leur place dans l\u2019histoire litt\u00e9raire de la ville. Toutefois, l\u2019histoire du Harry\u2019s Caf\u00e9, du Caf\u00e9 de la Paix ou encore du bar Hemingway du Ritz palissent en comparaison du formidable p\u00e9digr\u00e9e litt\u00e9raire de leurs homologues de la rive gauche. <strong>Les caf\u00e9s de la rive gauche ont \u00e9t\u00e9 immortalis\u00e9s dans les chefs-d\u2019\u0153uvre d\u2019Hemingway que sont \u00ab\u00a0Le soleil se l\u00e8ve aussi\u00a0\u00bb et \u00ab\u00a0Paris est une f\u00eate\u00a0\u00bb. Dans ces livres, comme dans la r\u00e9alit\u00e9, ces caf\u00e9s sont remplis d\u2019intellectuels travaillant sur leurs \u0153uvres ou bien refaisant le monde dans des discussions sans fin. <\/strong>Vous pourrez retrouver cette ambiance en louant une <a title=\"Recherche d'appartements en location meubl\u00e9e \u00e0 Paris \" href=\"\/fr\/paris-appartement\/meuble\">location meubl\u00e9e \u00e0 Paris<\/a> avec New York Habitat.<div class=\"img alignright size-full wp-image-1487\" style='width:300px;'>\n\t<a href=\"https:\/\/www.nyhabitat.com\/paris-apartment\/vacation\/2473\"><img src=\"https:\/\/www.nyhabitat.com\/fr\/blog\/wp-content\/uploads\/2009\/07\/t1_paris_2473.jpg\" alt=\"Location de vacances \u00e0 Paris. Photo d'un appartement T1 \u00e0 Saint Germain des Pr\u00e9s (PA-2473)\" width=\"300\" height=\"225\" \/><\/a>\n\t<div>Location de vacances \u00e0 Paris. Photo d'un appartement T1 \u00e0 Saint Germain des Pr\u00e9s (PA-2473)<\/div>\n<\/div>\n<p>Cette deuxi\u00e8me partie de notre travers\u00e9e des caf\u00e9s litt\u00e9raires parisiens commence \u00e0 Saint Germain des Pr\u00e9s sur le boulevard Saint-Germain. <strong>Trois Caf\u00e9s, Les Deux Magots, Le Caf\u00e9 de Flore et la brasserie Lipp, ont eu tout au long de leurs histoires une lign\u00e9e ininterrompue d\u2019habitu\u00e9s c\u00e9l\u00e8bres, intellectuels et artistes, et ont su pr\u00e9server leur charme Belle \u00c9poque.<\/strong><\/p>\n<p>Le \u00ab Flore \u00bb \u00e9tait la deuxi\u00e8me maison du couple Jean-Paul Sartre et Simone de Beauvoir. Il a \u00e9galement connu les visites r\u00e9p\u00e9t\u00e9es de Pablo Picasso et de Truman Capote. Les Deux Magots, autoproclam\u00e9 caf\u00e9 litt\u00e9raire, a connu les fr\u00e9quentes visites de l\u2019inclassable papa Hemingway. La brasserie Lipp, quant \u00e0 elle, attire les passants dans ce quartier extr\u00eamement fr\u00e9quent\u00e9 gr\u00e2ce \u00e0 son n\u00e9on en forme de chope de bi\u00e8re pleine.<strong> La petite histoire dit qu\u2019Hemingway, le jour de la lib\u00e9ration de Paris, fut le premier \u00e0 passer la porte de Lipp pour boire un verre.<\/strong> Bien conscients de leur histoire, ces caf\u00e9s en ont profit\u00e9 pour augmenter leurs prix en cons\u00e9quence, sans pour autant que ceux-ci ne deviennent excessifs. Attendez-vous donc \u00e0 payer un suppl\u00e9ment pour l\u2019ambiance si particuli\u00e8re de ces lieux.<!--more--><\/p>\n<p>Saint-Germain-des-Pr\u00e9s est l\u2019une des atmosph\u00e8res que nous pr\u00e9f\u00e9rons \u00e0 Paris. Voici une s\u00e9lection des appartements en location que nous proposons dans ce quartier :<\/p>\n<div class=\"img alignleft size-full wp-image-1489\" style='width:300px;'>\n\t<a href=\"https:\/\/www.nyhabitat.com\/fr\/paris-appartement\/saisonniere-vacances\/1348\"><img src=\"https:\/\/www.nyhabitat.com\/fr\/blog\/wp-content\/uploads\/2009\/07\/t2_paris_1348.jpg\" alt=\"Location de vacances \u00e0 Paris. Photo d'un appartement T2 \u00e0 Saint Germain des Pr\u00e9s (PA-1348)\" width=\"300\" height=\"225\" \/><\/a>\n\t<div>Location de vacances \u00e0 Paris. Photo d'un appartement T2 \u00e0 Saint Germain des Pr\u00e9s (PA-1348)<\/div>\n<\/div>&#8211; <a title=\"Appartement T2 \u00e0 louer pour les vacances : Saint Germain des Pr\u00e9s (PA-1348)\" href=\"https:\/\/www.nyhabitat.com\/fr\/paris-appartement\/saisonniere-vacances\/1348\">Location de vacances \u00e0 Paris T2\u00a0\u00e0 Saint Germain des Pr\u00e9s (PA-1348)<\/a> situ\u00e9e au rez-de-chauss\u00e9e. Il donne sur une jolie cour au charme tr\u00e8s rive gauche. Cet appartement vous plongera d\u2019embl\u00e9e dans l\u2019ambiance du quartier.<\/p>\n<p>&#8211; <a title=\"Saint Germain des Pr\u00e8s, location T4 meubl\u00e9e \u00e0 Paris (PA-2646)\" href=\"https:\/\/www.nyhabitat.com\/fr\/paris-appartement\/meuble\/2646\">Cet appartement meubl\u00e9 T4\u00a0\u00e0 louer\u00a0dans le quartier\u00a0Saint Germain des Pr\u00e9s (PA-2646)<\/a> est spacieux et clair. Il se situe \u00e0 quelques pas \u00e0 peine des caf\u00e9s mentionn\u00e9s dans notre article.<\/p>\n<p>&#8211; <a title=\"Location meubl\u00e9e \u00e0 Paris. Appartement T1 \u00e0 Saint Germain des Pr\u00e9s (PA-2473)\" href=\"\/fr\/paris-appartement\/saisonniere-vacances\/2473\">Voici un appartement T1 en location de vacances \u00e0 Saint Germain des Pr\u00e9s (PA-2473)<\/a> qui dispose de poutres apparentes, de larges fen\u00eatres ainsi que d&rsquo;un joli balcon.<\/p>\n<p>Pour plus d\u2019informations sur notre travers\u00e9e des caf\u00e9s litt\u00e9raires parisiens, nos vous conseillons l\u2019article suivant de notre blog : <a title=\"Lisez notre article sur les caf\u00e9s de Montparnasse pour y d\u00e9couvrir une atmosph\u00e8re unique et particuli\u00e8re\" href=\"\/fr\/blog\/2009\/07\/17\/traversee-cafes-parisiens-dernier-arret-montparnasse\/\">\u00ab\u00a0Travers\u00e9e des caf\u00e9s parisiens, dernier arr\u00eat Montparnasse\u00a0\u00bb<\/a>. Si vous connaissez d\u00e9j\u00e0 les caf\u00e9s litt\u00e9raires de Saint-Germain des Pr\u00e9s comme votre poche, n\u2019h\u00e9sitez pas \u00e0 nous faire partager vos impressions ci-dessous.<\/p>\n","protected":false},"excerpt":{"rendered":"<p>A Paris, les caf\u00e9s de la rive droite m\u00e9ritent leur place dans l\u2019histoire litt\u00e9raire de la ville. Toutefois, l\u2019histoire du Harry\u2019s Caf\u00e9, du Caf\u00e9 de&#8230;<\/p>\n","protected":false},"author":1,"featured_media":0,"comment_status":"open","ping_status":"closed","sticky":false,"template":"","format":"standard","meta":[],"categories":[81],"tags":[],"_links":{"self":[{"href":"https:\/\/www.nyhabitat.com\/fr\/blog\/wp-json\/wp\/v2\/posts\/1480"}],"collection":[{"href":"https:\/\/www.nyhabitat.com\/fr\/blog\/wp-json\/wp\/v2\/posts"}],"about":[{"href":"https:\/\/www.nyhabitat.com\/fr\/blog\/wp-json\/wp\/v2\/types\/post"}],"author":[{"embeddable":true,"href":"https:\/\/www.nyhabitat.com\/fr\/blog\/wp-json\/wp\/v2\/users\/1"}],"replies":[{"embeddable":true,"href":"https:\/\/www.nyhabitat.com\/fr\/blog\/wp-json\/wp\/v2\/comments?post=1480"}],"version-history":[{"count":44,"href":"https:\/\/www.nyhabitat.com\/fr\/blog\/wp-json\/wp\/v2\/posts\/1480\/revisions"}],"predecessor-version":[{"id":1780,"href":"https:\/\/www.nyhabitat.com\/fr\/blog\/wp-json\/wp\/v2\/posts\/1480\/revisions\/1780"}],"wp:attachment":[{"href":"https:\/\/www.nyhabitat.com\/fr\/blog\/wp-json\/wp\/v2\/media?parent=1480"}],"wp:term":[{"taxonomy":"category","embeddable":true,"href":"https:\/\/www.nyhabitat.com\/fr\/blog\/wp-json\/wp\/v2\/categories?post=1480"},{"taxonomy":"post_tag","embeddable":true,"href":"https:\/\/www.nyhabitat.com\/fr\/blog\/wp-json\/wp\/v2\/tags?post=1480"}],"curies":[{"name":"wp","href":"https:\/\/api.w.org\/{rel}","templated":true}]}}