{"id":15018,"date":"2019-12-05T12:10:17","date_gmt":"2019-12-05T16:10:17","guid":{"rendered":"https:\/\/www.nyhabitat.com\/fr\/blog\/?p=15018"},"modified":"2019-12-05T12:17:04","modified_gmt":"2019-12-05T16:17:04","slug":"5-locations-vacances-parisiennes-mieux-notees","status":"publish","type":"post","link":"https:\/\/www.nyhabitat.com\/fr\/blog\/2019\/12\/05\/5-locations-vacances-parisiennes-mieux-notees\/","title":{"rendered":"Les 5 locations de vacances parisiennes parmi les mieux not\u00e9es"},"content":{"rendered":"<div id=\"attachment_15027\" style=\"width: 750px\" class=\"wp-caption aligncenter\"><img aria-describedby=\"caption-attachment-15027\" loading=\"lazy\" class=\"wp-image-15027\" src=\"https:\/\/www.nyhabitat.com\/fr\/blog\/wp-content\/uploads\/2019\/12\/5-locations-vacances-parisiennes-mieux-notees-fenetre-vue-tour-eiffel.jpg\" alt=\"Photo d\u2019une fen\u00eatre ouverte avec vue sur la tour Eiffel et les toits de Paris.\" width=\"750\" height=\"500\" srcset=\"https:\/\/www.nyhabitat.com\/fr\/blog\/wp-content\/uploads\/2019\/12\/5-locations-vacances-parisiennes-mieux-notees-fenetre-vue-tour-eiffel.jpg 1500w, https:\/\/www.nyhabitat.com\/fr\/blog\/wp-content\/uploads\/2019\/12\/5-locations-vacances-parisiennes-mieux-notees-fenetre-vue-tour-eiffel-300x200.jpg 300w, https:\/\/www.nyhabitat.com\/fr\/blog\/wp-content\/uploads\/2019\/12\/5-locations-vacances-parisiennes-mieux-notees-fenetre-vue-tour-eiffel-768x512.jpg 768w, https:\/\/www.nyhabitat.com\/fr\/blog\/wp-content\/uploads\/2019\/12\/5-locations-vacances-parisiennes-mieux-notees-fenetre-vue-tour-eiffel-1024x683.jpg 1024w\" sizes=\"(max-width: 750px) 100vw, 750px\" \/><p id=\"caption-attachment-15027\" class=\"wp-caption-text\">D\u00e9couvrez Paris d\u2019un point de vue unique depuis le confort d\u2019une location de vacances !<\/p><\/div>\n<p>D\u00e9couvrez une autre facette de <strong>Paris\u00a0<\/strong>! Si la ville est une destination internationale privil\u00e9gi\u00e9e par des millions de visiteurs chaque ann\u00e9e, seule une fraction des touristes a la chance d&rsquo;exp\u00e9rimenter la vie d\u2019un habitant dans la <strong>Ville Lumi\u00e8re<\/strong>. En choisissant de s\u00e9journer dans une <strong>location de vacances<\/strong> et non dans un h\u00f4tel, vous aurez l\u2019opportunit\u00e9 de vivre dans l\u2019appartement authentique d\u2019un Parisien sans avoir \u00e0 vous engager pour un bail mensuel ou annuel (cependant, si cela vous int\u00e9resse, nous proposons \u00e9galement des <a title=\"D\u00e9couvrez nos appartements meubl\u00e9s \u00e0 Paris pour des s\u00e9jours d\u2019un mois ou plus\" href=\"https:\/\/www.nyhabitat.com\/fr\/paris-appartement\/meuble\">appartements meubl\u00e9s lou\u00e9s au mois \u00e0 Paris<\/a>\u00a0!).<\/p>\n<p>Les voyageurs h\u00e9sitent parfois \u00e0 r\u00e9server une location de vacances en raison des \u00e9v\u00e8nements impr\u00e9vus pouvant se produire lorsqu\u2019on ne s\u00e9journe pas \u00e0 l\u2019h\u00f4tel. Heureusement, <strong>New York Habitat<\/strong> est l\u00e0 pour vous aider \u00e0 s\u00e9lectionner votre logement en toute tranquillit\u00e9\u00a0! Votre processus de r\u00e9servation sera facilit\u00e9 gr\u00e2ce \u00e0 un agent agr\u00e9\u00e9 qui sera \u00e9galement \u00e0 votre disposition pour assurer la liaison avec le propri\u00e9taire de l\u2019appartement et pour r\u00e9pondre \u00e0 vos questions durant la p\u00e9riode de location. Lisez notre blog pour avoir une meilleure id\u00e9e de <a title=\"Apprenez-en plus sur les diff\u00e9rences entre les appartements \u00e0 travers le monde !\" href=\"https:\/\/www.nyhabitat.com\/blog\/2019\/06\/03\/the-top-cultural-differences-between-global-apartment-rentals\/\">ce que vous pouvez attendre d&rsquo;un appartement fran\u00e7ais si vous venez de l&rsquo;\u00e9tranger<\/a>.<\/p>\n<p>Enfin, notre base de donn\u00e9es utilise un syst\u00e8me d\u2019<strong>avis<\/strong> client exhaustif, qui permet aux anciens locataires de partager leur exp\u00e9rience et aux propri\u00e9taires de suivre les retours afin de faire des am\u00e9liorations si n\u00e9cessaire. Au fil des ans, certains de nos appartements ont gagn\u00e9 le titre distingu\u00e9 de <strong>locations de vacances parmi les mieux not\u00e9es<\/strong>. Lisez la suite de cet article pour d\u00e9couvrir cinq de celles les plus appr\u00e9ci\u00e9es, avec les commentaires d\u2019anciens voyageurs\u00a0!<\/p>\n<p style=\"padding-left: 30px;\"><strong>Profitez d\u2019une vue depuis les hauteurs de Paris dans un studio T1 en alc\u00f4ve tr\u00e8s bien not\u00e9 \u00e0 Saint-Germain<\/strong><\/p>\n<div id=\"attachment_15023\" style=\"width: 750px\" class=\"wp-caption aligncenter\"><img aria-describedby=\"caption-attachment-15023\" loading=\"lazy\" class=\"wp-image-15023\" src=\"https:\/\/www.nyhabitat.com\/fr\/blog\/wp-content\/uploads\/2019\/12\/5-locations-vacances-parisiennes-mieux-notees-pa-2473-salon-studio-saint-germain.jpg\" alt=\"Photo de la pi\u00e8ce \u00e0 vivre de l\u2019appartement PA-2473 avec un canap\u00e9 et des chaises.\" width=\"750\" height=\"500\" srcset=\"https:\/\/www.nyhabitat.com\/fr\/blog\/wp-content\/uploads\/2019\/12\/5-locations-vacances-parisiennes-mieux-notees-pa-2473-salon-studio-saint-germain.jpg 1500w, https:\/\/www.nyhabitat.com\/fr\/blog\/wp-content\/uploads\/2019\/12\/5-locations-vacances-parisiennes-mieux-notees-pa-2473-salon-studio-saint-germain-300x200.jpg 300w, https:\/\/www.nyhabitat.com\/fr\/blog\/wp-content\/uploads\/2019\/12\/5-locations-vacances-parisiennes-mieux-notees-pa-2473-salon-studio-saint-germain-768x512.jpg 768w, https:\/\/www.nyhabitat.com\/fr\/blog\/wp-content\/uploads\/2019\/12\/5-locations-vacances-parisiennes-mieux-notees-pa-2473-salon-studio-saint-germain-1024x683.jpg 1024w\" sizes=\"(max-width: 750px) 100vw, 750px\" \/><p id=\"caption-attachment-15023\" class=\"wp-caption-text\">Profitez du charme parisien et de la vue depuis un balcon priv\u00e9 en s\u00e9journant dans ce studio T1 en alc\u00f4ve. (R\u00e9f\u00e9rence de l\u2019appartement : PA-2473)<\/p><\/div>\n<p>Vous n\u2019avez pas vraiment d\u00e9couvert une ville tant que vous n\u2019en avez pas eu une vue panoramique. C\u2019est particuli\u00e8rement vrai \u00e0 Paris, o\u00f9 des milliers de touristes affluent vers la <a title=\"Votre guide complet pour la tour Eiffel vous attend ici\" href=\"https:\/\/www.nyhabitat.com\/fr\/blog\/2012\/11\/28\/tour-eiffel-paris\/\">tour Eiffel<\/a>, <strong>la tour Montparnasse<\/strong>, ou la <strong>basilique du<\/strong> <strong>Sacr\u00e9-C\u0153ur <\/strong>\u00e0 <a title=\"Le Sacr\u00e9-C\u0153ur est un lieu incontournable, mais il y a encore plus de choses \u00e0 voir \u00e0 Montmartre\" href=\"https:\/\/www.nyhabitat.com\/fr\/blog\/2012\/10\/31\/visite-montmartre-paris\/\">Montmartre<\/a>, simplement pour profiter de la vue sur la ville en contrebas. Vous pourrez \u00e9galement avoir un aper\u00e7u fabuleux de la capitale en s\u00e9journant dans une location de vacances situ\u00e9e aux premi\u00e8res loges comme <a title=\"Profitez d\u2019une vue somptueuse depuis un studio T1 au loyer abordable\" href=\"https:\/\/www.nyhabitat.com\/fr\/paris-appartement\/saisonniere-vacances\/2473\">ce studio T1 en alc\u00f4ve de Saint-Germain-des-Pr\u00e9s<\/a>.<\/p>\n<p>Cet appartement s\u2019inscrit dans le patrimoine parisien avec ses caract\u00e9ristiques sp\u00e9cifiques comme son <strong>parquet <\/strong>et ses poutres apparentes. Le studio T1 est bien organis\u00e9 gr\u00e2ce \u00e0 sa disposition s\u00e9parant la cuisine et le coin repas du salon, o\u00f9 vous pouvez \u00e9couter de la musique sur la cha\u00eene hi-fi ou vous divertir avec la t\u00e9l\u00e9vision par <strong>c\u00e2ble diffusant des cha\u00eenes internationales<\/strong>. Le <strong>lit double<\/strong> et l\u2019alc\u00f4ve servant de coin nuit sont \u00e9galement s\u00e9par\u00e9s de la pi\u00e8ce principale par un rideau \u00e9pais, et les locataires appr\u00e9cient g\u00e9n\u00e9ralement son c\u00f4t\u00e9 intime.<\/p>\n<div id=\"attachment_15022\" style=\"width: 750px\" class=\"wp-caption aligncenter\"><img aria-describedby=\"caption-attachment-15022\" loading=\"lazy\" class=\"wp-image-15022\" src=\"https:\/\/www.nyhabitat.com\/fr\/blog\/wp-content\/uploads\/2019\/12\/5-locations-vacances-parisiennes-mieux-notees-pa-2473-cuisine-studio-saint-germain.jpg\" alt=\"Photo de la cuisine de l\u2019appartement PA-2473 avec une table \u00e0 manger et des chaises.\" width=\"750\" height=\"500\" srcset=\"https:\/\/www.nyhabitat.com\/fr\/blog\/wp-content\/uploads\/2019\/12\/5-locations-vacances-parisiennes-mieux-notees-pa-2473-cuisine-studio-saint-germain.jpg 1500w, https:\/\/www.nyhabitat.com\/fr\/blog\/wp-content\/uploads\/2019\/12\/5-locations-vacances-parisiennes-mieux-notees-pa-2473-cuisine-studio-saint-germain-300x200.jpg 300w, https:\/\/www.nyhabitat.com\/fr\/blog\/wp-content\/uploads\/2019\/12\/5-locations-vacances-parisiennes-mieux-notees-pa-2473-cuisine-studio-saint-germain-768x512.jpg 768w, https:\/\/www.nyhabitat.com\/fr\/blog\/wp-content\/uploads\/2019\/12\/5-locations-vacances-parisiennes-mieux-notees-pa-2473-cuisine-studio-saint-germain-1024x683.jpg 1024w\" sizes=\"(max-width: 750px) 100vw, 750px\" \/><p id=\"caption-attachment-15022\" class=\"wp-caption-text\">Des fen\u00eatres sont align\u00e9es sur tout le mur du fond de cet appartement, inondant les pi\u00e8ces de lumi\u00e8re. (R\u00e9f\u00e9rence de l\u2019appartement : PA-2473)<\/p><\/div>\n<p>Les fen\u00eatres s\u2019\u00e9tendant de la pi\u00e8ce \u00e0 vivre jusqu\u2019\u00e0 la cuisine apportent une r\u00e9elle coh\u00e9sion \u00e0 l\u2019espace\u00a0! De l\u2019appartement, vous aurez une vue sur les toits de Paris et si cela ne vous suffit pas, vous pourrez aussi l\u2019admirer directement depuis votre spacieux <strong>balcon priv\u00e9<\/strong>. Cette location saisonni\u00e8re poss\u00e8de actuellement la <strong>note de 4,6\/5 <\/strong>avec 31 avis, et les locataires pr\u00e9c\u00e9dents comme Katrine H. du Danemark ont fait l\u2019\u00e9loge de son int\u00e9rieur, mais \u00e9galement de son ext\u00e9rieur\u00a0:<\/p>\n<blockquote><p><em>\u00ab\u00a0Nous avons pass\u00e9 un s\u00e9jour formidable \u00e0 Paris : l&rsquo;appartement est tr\u00e8s joli et convient id\u00e9alement pour une famille de 4 personnes. La vue est impressionnante et le grand balcon est vraiment un atout ind\u00e9niable : nous l&rsquo;avons ador\u00e9 !\u00a0\u00bb<\/em><\/p><\/blockquote>\n<p>Le propri\u00e9taire et l\u2019exp\u00e9rience sont en fait tellement appr\u00e9ci\u00e9s que certains clients comme Carey J. des \u00c9tats-Unis ne veulent plus s\u00e9journer ailleurs \u00e0 Paris\u00a0:<\/p>\n<blockquote><p><em>\u00ab\u00a0Olivier, le propri\u00e9taire, est tout simplement le meilleur. J&rsquo;adore cet appartement. Je r\u00eave de la vue et c&rsquo;est d\u00e9sormais le seul appartement \u00e0 Paris o\u00f9 j&rsquo;ai envie de s\u00e9journer. \u00c0 chaque fois que je choisis une autre location, chic ou pas, au bout du compte cet endroit finit toujours par me manquer.\u00a0\u00bb<\/em><\/p><\/blockquote>\n<p>Pour une location de vacances de charme, une vue fantastique, et un emplacement au c\u0153ur du <a title=\"Vous s\u00e9journez dans le 6e arrondissement ? D\u00e9couvrez notre guide du quartier.\" href=\"https:\/\/www.nyhabitat.com\/fr\/blog\/2013\/12\/31\/vivez-comme-habitant-6eme-arrondissement-paris\/\">6e arrondissement de Paris<\/a>, r\u00e9servez ce studio T1 ensoleill\u00e9 en alc\u00f4ve !<\/p>\n<p style=\"padding-left: 30px;\"><strong>Profitez du soleil dans un appartement T4 du Quartier latin<\/strong><\/p>\n<div id=\"attachment_15028\" style=\"width: 750px\" class=\"wp-caption aligncenter\"><img aria-describedby=\"caption-attachment-15028\" loading=\"lazy\" class=\"wp-image-15028\" src=\"https:\/\/www.nyhabitat.com\/fr\/blog\/wp-content\/uploads\/2019\/12\/5-locations-vacances-parisiennes-mieux-notees-pa-1331-salon-appartement-quartier-latin.jpg\" alt=\"Photo de la pi\u00e8ce \u00e0 vivre de l\u2019appartement PA-1331 avec un canap\u00e9 rouge, des fauteuils, un piano et une chemin\u00e9e d\u00e9corative.\" width=\"750\" height=\"550\" srcset=\"https:\/\/www.nyhabitat.com\/fr\/blog\/wp-content\/uploads\/2019\/12\/5-locations-vacances-parisiennes-mieux-notees-pa-1331-salon-appartement-quartier-latin.jpg 1500w, https:\/\/www.nyhabitat.com\/fr\/blog\/wp-content\/uploads\/2019\/12\/5-locations-vacances-parisiennes-mieux-notees-pa-1331-salon-appartement-quartier-latin-300x220.jpg 300w, https:\/\/www.nyhabitat.com\/fr\/blog\/wp-content\/uploads\/2019\/12\/5-locations-vacances-parisiennes-mieux-notees-pa-1331-salon-appartement-quartier-latin-768x563.jpg 768w, https:\/\/www.nyhabitat.com\/fr\/blog\/wp-content\/uploads\/2019\/12\/5-locations-vacances-parisiennes-mieux-notees-pa-1331-salon-appartement-quartier-latin-1024x751.jpg 1024w\" sizes=\"(max-width: 750px) 100vw, 750px\" \/><p id=\"caption-attachment-15028\" class=\"wp-caption-text\">L\u2019atmosph\u00e8re joyeuse de cette location de vacances et son emplacement dans le tr\u00e8s intellectuel Quartier latin susciteront certainement des discussions anim\u00e9es avec vos amis. (R\u00e9f\u00e9rence de l\u2019appartement : PA-1331)<\/p><\/div>\n<p>Que vous <a title=\"Profitez pleinement de Paris gr\u00e2ce \u00e0 ce guide d\u2019\u00e9t\u00e9\" href=\"https:\/\/www.nyhabitat.com\/fr\/blog\/2019\/07\/11\/paris-ete-guide-parisien-2019-appartements\/\">visitiez Paris durant la haute saison<\/a> ou profitiez de l\u2019automne et de l\u2019hiver, plus calmes, vous ne voudrez pas manquer un rayon de soleil. Heureusement, <a title=\"Explorez tous les recoins de cet appartement T4 somptueux du Quartier latin\" href=\"https:\/\/www.nyhabitat.com\/fr\/paris-appartement\/saisonniere-vacances\/1331\">cet appartement T4 dans le Quartier latin<\/a> <strong>not\u00e9 5\/5<\/strong> est l\u00e0 pour vous\u00a0! Avec ses murs blancs, ses meubles color\u00e9s, et ses nombreuses <strong>fen\u00eatres<\/strong> et <strong>portes-fen\u00eatres<\/strong>, cette location de vacances est inond\u00e9e de lumi\u00e8re, particuli\u00e8rement dans la pi\u00e8ce \u00e0 vivre situ\u00e9e au centre de l\u2019appartement, dans la v\u00e9randa servant de salle \u00e0 manger, et dans la <strong>cuisine \u00e9quip\u00e9e moderne<\/strong>.<\/p>\n<div id=\"attachment_15029\" style=\"width: 750px\" class=\"wp-caption aligncenter\"><img aria-describedby=\"caption-attachment-15029\" loading=\"lazy\" class=\"wp-image-15029\" src=\"https:\/\/www.nyhabitat.com\/fr\/blog\/wp-content\/uploads\/2019\/12\/5-locations-vacances-parisiennes-mieux-notees-pa-1331-veranda-appartement-quartier-latin.jpg\" alt=\"Photo de la v\u00e9randa de l\u2019appartement PA-1331 avec une petite table et des chaises, une chemin\u00e9e d\u00e9corative et des portes-fen\u00eatres.\" width=\"750\" height=\"500\" srcset=\"https:\/\/www.nyhabitat.com\/fr\/blog\/wp-content\/uploads\/2019\/12\/5-locations-vacances-parisiennes-mieux-notees-pa-1331-veranda-appartement-quartier-latin.jpg 1500w, https:\/\/www.nyhabitat.com\/fr\/blog\/wp-content\/uploads\/2019\/12\/5-locations-vacances-parisiennes-mieux-notees-pa-1331-veranda-appartement-quartier-latin-300x200.jpg 300w, https:\/\/www.nyhabitat.com\/fr\/blog\/wp-content\/uploads\/2019\/12\/5-locations-vacances-parisiennes-mieux-notees-pa-1331-veranda-appartement-quartier-latin-768x512.jpg 768w, https:\/\/www.nyhabitat.com\/fr\/blog\/wp-content\/uploads\/2019\/12\/5-locations-vacances-parisiennes-mieux-notees-pa-1331-veranda-appartement-quartier-latin-1024x683.jpg 1024w\" sizes=\"(max-width: 750px) 100vw, 750px\" \/><p id=\"caption-attachment-15029\" class=\"wp-caption-text\">D\u00eenez ou profitez du soleil dans ce salon suppl\u00e9mentaire \u00e9quip\u00e9 de portes-fen\u00eatres. (R\u00e9f\u00e9rence de l\u2019appartement : PA-1331)<\/p><\/div>\n<p>Le logement peut accueillir confortablement 8 adultes gr\u00e2ce \u00e0 ses trois chambres, et les somptueux <strong>plans de travail en granit<\/strong> de la cuisine ainsi que ses appareils \u00e9lectrom\u00e9nagers modernes vous permettront d\u2019accueillir comme il se doit vos invit\u00e9s. Vous appr\u00e9cierez \u00e9galement l\u2019ambiance <a title=\"Pr\u00e9parez votre voyage : suivez la visite guid\u00e9e en vid\u00e9o du Quartier latin\" href=\"https:\/\/www.nyhabitat.com\/fr\/blog\/2011\/09\/22\/visite-guidee-video-quartier-latin-partie-1\/\">du Quartier latin<\/a>, un secteur de la capitale connu pour son histoire culturelle riche, ses librairies et ses universit\u00e9s. L\u2019ancien locataire Harry B. des \u00c9tats-Unis a mis en avant l\u2019atmosph\u00e8re \u00e9l\u00e9gante du quartier dans son commentaire sur cette location qu\u2019il a not\u00e9 5\/5\u00a0:<\/p>\n<blockquote><p><em>\u00ab\u00a0Trois g\u00e9n\u00e9rations de notre famille ont s\u00e9journ\u00e9 dans cet appartement \u00e9quip\u00e9 et id\u00e9alement situ\u00e9. La fabuleuse collection de livres et de CD \u00e9tait un plus auquel nous ne nous attendions pas. L&rsquo;ambiance refl\u00e9tait le Quartier latin.\u00a0\u00bb<\/em><\/p><\/blockquote>\n<p><em>\u00a0<\/em>Si vous recherchez un appartement de caract\u00e8re et lumineux, id\u00e9al pour cr\u00e9er des souvenirs avec vos amis proches et votre famille \u00e0 Paris, cette location de vacances haut de gamme du <strong>Quartier latin <\/strong>vous ravira \u00e0 coup s\u00fbr.<\/p>\n<p style=\"padding-left: 30px;\"><strong>C\u00e9l\u00e9brez la cr\u00e9ativit\u00e9 avec un s\u00e9jour inoubliable dans le Marais<\/strong><\/p>\n<div id=\"attachment_15030\" style=\"width: 750px\" class=\"wp-caption aligncenter\"><img aria-describedby=\"caption-attachment-15030\" loading=\"lazy\" class=\"wp-image-15030\" src=\"https:\/\/www.nyhabitat.com\/fr\/blog\/wp-content\/uploads\/2019\/12\/5-locations-vacances-parisiennes-mieux-notees-pa-1460-salon-appartement-marais.jpg\" alt=\"Photo de la pi\u00e8ce \u00e0 vivre de l\u2019appartement PA-1460 avec un canap\u00e9 bleu, une t\u00e9l\u00e9vision \u00e0 \u00e9cran plat et des \u0153uvres d\u2019art accroch\u00e9es au mur.\" width=\"750\" height=\"520\" srcset=\"https:\/\/www.nyhabitat.com\/fr\/blog\/wp-content\/uploads\/2019\/12\/5-locations-vacances-parisiennes-mieux-notees-pa-1460-salon-appartement-marais.jpg 1500w, https:\/\/www.nyhabitat.com\/fr\/blog\/wp-content\/uploads\/2019\/12\/5-locations-vacances-parisiennes-mieux-notees-pa-1460-salon-appartement-marais-300x208.jpg 300w, https:\/\/www.nyhabitat.com\/fr\/blog\/wp-content\/uploads\/2019\/12\/5-locations-vacances-parisiennes-mieux-notees-pa-1460-salon-appartement-marais-768x532.jpg 768w, https:\/\/www.nyhabitat.com\/fr\/blog\/wp-content\/uploads\/2019\/12\/5-locations-vacances-parisiennes-mieux-notees-pa-1460-salon-appartement-marais-1024x709.jpg 1024w\" sizes=\"(max-width: 750px) 100vw, 750px\" \/><p id=\"caption-attachment-15030\" class=\"wp-caption-text\">Le style moderne de cette location de vacances dans le Marais stimulera votre imagination (R\u00e9f\u00e9rence de l\u2019appartement : PA-1460)<\/p><\/div>\n<p>Les sp\u00e9cificit\u00e9s les plus rares et les plus appr\u00e9ciables d\u2019une location de vacances sont l\u2019originalit\u00e9 et le caract\u00e8re. Vous retrouverez ce caract\u00e8re typiquement parisien dans cet <a title=\"S\u00e9journez dans cette location de vacances du Marais pour un accueil unique \u00e0 Paris\" href=\"https:\/\/www.nyhabitat.com\/fr\/paris-appartement\/saisonniere-vacances\/1460\">appartement T3 du Marais, parmi les mieux not\u00e9s<\/a>\u00a0! Malgr\u00e9 son emplacement dans l\u2019<a title=\"Tout le monde adore le Marais et son histoire glamour\" href=\"https:\/\/www.nyhabitat.com\/fr\/blog\/2013\/09\/04\/vivez-comme-parisien-marais-paris\/\">un des quartiers les plus historiques de Paris<\/a>, cette location de vacances adopte un style <strong>contemporain<\/strong> avec ses murs blancs, son mobilier \u00e9l\u00e9gant, et sa collection <strong>d\u2019\u0153uvres d\u2019art <\/strong>color\u00e9es. Vous pourrez \u00e9galement profiter du confort moderne avec des \u00e9quipements comme une <strong>t\u00e9l\u00e9vision par c\u00e2ble \u00e0 \u00e9cran plat<\/strong> ainsi qu\u2019une <strong>machine \u00e0 laver\/s\u00e8che-linge<\/strong>.<\/p>\n<p>La cuisine est elle aussi \u00e9l\u00e9gante et contemporaine, avec des placards enti\u00e8rement blancs et des <strong>appareils \u00e9lectrom\u00e9nagers en acier inoxydable<\/strong>. Vous ne vous sentirez cependant pas trop \u00e0 l\u2019\u00e9cart du charme historique du <strong>Marais<\/strong>\u00a0: de grandes fen\u00eatres dans les deux chambres donnent sur les rues du quartier.<\/p>\n<div id=\"attachment_15021\" style=\"width: 750px\" class=\"wp-caption aligncenter\"><img aria-describedby=\"caption-attachment-15021\" loading=\"lazy\" class=\"wp-image-15021\" src=\"https:\/\/www.nyhabitat.com\/fr\/blog\/wp-content\/uploads\/2019\/12\/5-locations-vacances-parisiennes-mieux-notees-pa-1460-vue-rue-marais.jpg\" alt=\"Photo d\u2019un caf\u00e9 donnant sur la rue dans le Marais.\" width=\"750\" height=\"500\" srcset=\"https:\/\/www.nyhabitat.com\/fr\/blog\/wp-content\/uploads\/2019\/12\/5-locations-vacances-parisiennes-mieux-notees-pa-1460-vue-rue-marais.jpg 1500w, https:\/\/www.nyhabitat.com\/fr\/blog\/wp-content\/uploads\/2019\/12\/5-locations-vacances-parisiennes-mieux-notees-pa-1460-vue-rue-marais-300x200.jpg 300w, https:\/\/www.nyhabitat.com\/fr\/blog\/wp-content\/uploads\/2019\/12\/5-locations-vacances-parisiennes-mieux-notees-pa-1460-vue-rue-marais-768x512.jpg 768w, https:\/\/www.nyhabitat.com\/fr\/blog\/wp-content\/uploads\/2019\/12\/5-locations-vacances-parisiennes-mieux-notees-pa-1460-vue-rue-marais-1024x683.jpg 1024w\" sizes=\"(max-width: 750px) 100vw, 750px\" \/><p id=\"caption-attachment-15021\" class=\"wp-caption-text\">En marchant dans le quartier du Marais, vous trouverez de nombreux b\u00e2timents magnifiques et des caf\u00e9s d\u00e9contract\u00e9s.<\/p><\/div>\n<p>Ce secteur est un charmant m\u00e9lange de b\u00e2timents du XVIIe si\u00e8cle et de places comme la <strong>place des Vosges<\/strong> ainsi que d\u2019\u00e9l\u00e9ments urbains incontournables comme des boutiques ou des <strong>caf\u00e9s<\/strong> servant des brunchs, le tout dans une atmosph\u00e8re artistique. Ce quartier \u00e0 la fois classique et moderne ravira la plupart des voyageurs\u00a0! Si vous ne nous croyez pas, lisez le commentaire \u00e9crit par notre ancien locataire Norman B., d\u2019Afrique du Sud\u00a0:<\/p>\n<blockquote><p><em>\u00ab\u00a0Nous avons v\u00e9cu une semaine typique dans cet appartement du Marais, un quartier magnifique de Paris. Le secteur correspondait parfaitement \u00e0 nos attentes\u00a0: c\u2019est un endroit vraiment sp\u00e9cial. L&rsquo;appartement en lui-m\u00eame [\u2026] offre une atmosph\u00e8re tr\u00e8s agr\u00e9able. Je pense que le quartier se pr\u00eate \u00e0 la cr\u00e9ativit\u00e9 et \u00e0 l\u2019art, et les propri\u00e9taires ont clairement des \u00e2mes d\u2019artistes \u00e0 qui nous nous sommes identifi\u00e9s.\u00a0\u00bb<\/em><\/p><\/blockquote>\n<p>Affichez votre originalit\u00e9 avec cette location de vacances aussi unique que vous\u00a0! En dehors de leur emplacement central, les h\u00e9bergements que vous choisirez peuvent refl\u00e9ter votre style personnel et vous permettre de vous mettre dans la peau d\u2019un habitant durant vos voyages.<\/p>\n<p style=\"padding-left: 30px;\"><strong>R\u00e9v\u00e9lez votre c\u00f4t\u00e9 nature dans cette location de vacances tr\u00e8s calme\u00a0!<\/strong><\/p>\n<div id=\"attachment_15025\" style=\"width: 750px\" class=\"wp-caption aligncenter\"><img aria-describedby=\"caption-attachment-15025\" loading=\"lazy\" class=\"wp-image-15025\" src=\"https:\/\/www.nyhabitat.com\/fr\/blog\/wp-content\/uploads\/2019\/12\/5-locations-vacances-parisiennes-mieux-notees-pa-4237-salon-bastille.jpg\" alt=\"Photo du salon de l\u2019appartement PA-4237 avec des si\u00e8ges confortables, une lampe sur pied et des \u0153uvres d\u2019art.\" width=\"750\" height=\"500\" srcset=\"https:\/\/www.nyhabitat.com\/fr\/blog\/wp-content\/uploads\/2019\/12\/5-locations-vacances-parisiennes-mieux-notees-pa-4237-salon-bastille.jpg 1500w, https:\/\/www.nyhabitat.com\/fr\/blog\/wp-content\/uploads\/2019\/12\/5-locations-vacances-parisiennes-mieux-notees-pa-4237-salon-bastille-300x200.jpg 300w, https:\/\/www.nyhabitat.com\/fr\/blog\/wp-content\/uploads\/2019\/12\/5-locations-vacances-parisiennes-mieux-notees-pa-4237-salon-bastille-768x512.jpg 768w, https:\/\/www.nyhabitat.com\/fr\/blog\/wp-content\/uploads\/2019\/12\/5-locations-vacances-parisiennes-mieux-notees-pa-4237-salon-bastille-1024x683.jpg 1024w\" sizes=\"(max-width: 750px) 100vw, 750px\" \/><p id=\"caption-attachment-15025\" class=\"wp-caption-text\">L\u2019atmosph\u00e8re naturelle et la v\u00e9g\u00e9tation alentour font de cette location de vacances de Bastille un espace paisible et relaxant. (R\u00e9f\u00e9rence de l\u2019appartement : PA-4237)<\/p><\/div>\n<p>Bien que tout le monde appr\u00e9cie les grandes villes comme Paris, il est toujours agr\u00e9able de s\u00e9journer dans une location de vacances servant de refuge paisible apr\u00e8s une journ\u00e9e bien remplie. <a title=\"Ces 10 attractions immanquables de Paris vous permettront de profiter pleinement de votre voyage !\" href=\"https:\/\/www.nyhabitat.com\/fr\/blog\/2014\/07\/16\/top-10-endroits-voir-absolument-paris\/\">Paris abrite certains des mus\u00e9es et attractions les plus visit\u00e9s<\/a> au monde, alors si vous en avez assez de la foule, ressourcez-vous dans cet <a title=\"S\u00e9journez dans cette location de vacances du Marais pour un accueil unique \u00e0 Paris\" href=\"https:\/\/www.nyhabitat.com\/fr\/paris-appartement\/saisonniere-vacances\/4237\">appartement T2 \u00e0 Bastille<\/a>\u00a0!<\/p>\n<p>La location saisonni\u00e8re <strong>en duplex<\/strong> est d\u00e9cor\u00e9e d\u2019objets anciens ramen\u00e9s par les propri\u00e9taires de leurs voyages, lui apportant une ambiance cosmopolite et boh\u00e8me. Les <strong>poutres apparentes<\/strong> en ch\u00eane renforcent le style naturel parisien de l\u2019appartement, et les grandes fen\u00eatres emplissent l\u2019espace de lumi\u00e8re. De plus, cette location de vacances est situ\u00e9e dans un b\u00e2timent contenant seulement un autre appartement et est encadr\u00e9e par <strong>un jardin priv\u00e9<\/strong> qui l\u2019isole des rues anim\u00e9es de Paris.<\/p>\n<p>Toute cette intimit\u00e9 cr\u00e9e une atmosph\u00e8re remarqu\u00e9e par de nombreux locataires qui appr\u00e9cient son calme et sa s\u00e9r\u00e9nit\u00e9. Stephen T. d\u2019Australie le dit lui-m\u00eame dans son commentaire\u00a0:<\/p>\n<blockquote><p><em>\u00ab\u00a0Ce qui fait vraiment sortir cet appartement du lot, c&rsquo;est l&rsquo;oasis de calme dans laquelle il se trouve. Paris, malgr\u00e9 tous ses bons c\u00f4t\u00e9s, est une grande ville [&#8230;] qui ne fait pas de concessions, et c&rsquo;est un r\u00e9el plaisir de rentrer dans un appartement incroyablement silencieux. Trois des quatre fen\u00eatres donnent sur un espace vert et nous nous r\u00e9veillions au son du chant (bruyant) des oiseaux. Cet appartement silencieux nous a procur\u00e9 \u00e9norm\u00e9ment de joie en nous permettant d\u2019\u00e9chapper \u00e0 l&rsquo;activit\u00e9 d\u00e9bordante de Paris.\u00a0\u00bb<\/em><\/p><\/blockquote>\n<p>En fait, certains des pr\u00e9c\u00e9dents locataires ont trouv\u00e9 cet appartement tellement calme qu\u2019ils ne voulaient plus partir\u00a0! Lisez l\u2019avis de notre voyageuse venue de Belgique, Emma G.\u00a0:<\/p>\n<blockquote><p><em>\u00ab\u00a0C&rsquo;\u00e9tait un appartement tr\u00e8s sympa, plein de caract\u00e8re et bien que petit, l&rsquo;espace \u00e9tait fonctionnel et plus que suffisant, tr\u00e8s confortable. J&rsquo;aurais pu y passer la journ\u00e9e enti\u00e8re et ne pas quitter la vue sur le jardin extraordinaire qu&rsquo;on a de la fen\u00eatre.\u00a0\u00bb<\/em><\/p><\/blockquote>\n<p>M\u00eame les plus grands passionn\u00e9s de Paris voudront probablement jeter un coup d\u2019\u0153il \u00e0 cette location de vacances offrant une oasis de tranquillit\u00e9, isol\u00e9e de la tr\u00e8s anim\u00e9e Ville Lumi\u00e8re. Et ne vous inqui\u00e9tez pas, vous pourrez vous d\u00e9placer facilement puisque la <strong>station de m\u00e9tro<\/strong> la plus proche est \u00e0 moins d\u2019un p\u00e2t\u00e9 de maisons\u00a0!<\/p>\n<p style=\"padding-left: 30px;\"><strong>Profitez d\u2019une vue typique depuis cet appartement des Invalides<\/strong><\/p>\n<div id=\"attachment_15024\" style=\"width: 750px\" class=\"wp-caption aligncenter\"><img aria-describedby=\"caption-attachment-15024\" loading=\"lazy\" class=\"wp-image-15024\" src=\"https:\/\/www.nyhabitat.com\/fr\/blog\/wp-content\/uploads\/2019\/12\/5-locations-vacances-parisiennes-mieux-notees-pa-3384-appartement-invalides-vue-fenetre-chambre.jpg\" alt=\"Photo de la chambre de l\u2019appartement PA-3384 avec un fauteuil et une fen\u00eatre ouverte.\" width=\"750\" height=\"512\" srcset=\"https:\/\/www.nyhabitat.com\/fr\/blog\/wp-content\/uploads\/2019\/12\/5-locations-vacances-parisiennes-mieux-notees-pa-3384-appartement-invalides-vue-fenetre-chambre.jpg 1500w, https:\/\/www.nyhabitat.com\/fr\/blog\/wp-content\/uploads\/2019\/12\/5-locations-vacances-parisiennes-mieux-notees-pa-3384-appartement-invalides-vue-fenetre-chambre-300x205.jpg 300w, https:\/\/www.nyhabitat.com\/fr\/blog\/wp-content\/uploads\/2019\/12\/5-locations-vacances-parisiennes-mieux-notees-pa-3384-appartement-invalides-vue-fenetre-chambre-768x524.jpg 768w, https:\/\/www.nyhabitat.com\/fr\/blog\/wp-content\/uploads\/2019\/12\/5-locations-vacances-parisiennes-mieux-notees-pa-3384-appartement-invalides-vue-fenetre-chambre-1024x699.jpg 1024w\" sizes=\"(max-width: 750px) 100vw, 750px\" \/><p id=\"caption-attachment-15024\" class=\"wp-caption-text\">R\u00e9veillez-vous avec une vue sur la tour Eiffel digne d\u2019une carte postale depuis la fen\u00eatre de votre chambre ! (R\u00e9f\u00e9rence de l\u2019appartement : PA-3384)<\/p><\/div>\n<p>La plupart des voyageurs se rendant \u00e0 Paris passent des heures \u00e0 parcourir des guides touristiques, \u00e0 faire une liste des endroits \u00e0 <strong>visiter<\/strong> et bien s\u00fbr \u00e0 planifier leur visite de l\u2019immanquable <strong>tour Eiffel<\/strong>. Pourquoi ne pas \u00eatre aux premi\u00e8res loges\u00a0? Vous ne trouverez pas de location de vacances plus typique que cet <a href=\"https:\/\/www.nyhabitat.com\/fr\/paris-appartement\/saisonniere-vacances\/3384\">appartement T2 aux Invalides avec vue sur la tour Eiffel<\/a>\u00a0!<\/p>\n<p>Le style \u00e9l\u00e9gant, moderne et minimaliste de cette location saisonni\u00e8re parisienne ravira la plupart des voyageurs. Le parquet, les murs blancs, les grandes portes et<strong> baies vitr\u00e9es<\/strong>, ainsi que la cuisine et la salle de bains carrel\u00e9es de blanc sont des touches intemporelles rendant cet espace accueillant pour les visiteurs des quatre coins du monde. De plus, l\u2019appartement b\u00e9n\u00e9ficie d\u2019une <strong>terrasse priv\u00e9e meubl\u00e9e, <\/strong>id\u00e9ale pour profiter de la vue sur les toits de Paris et le <strong>d\u00f4me des Invalides<\/strong><strong>.<\/strong><\/p>\n<div id=\"attachment_15026\" style=\"width: 750px\" class=\"wp-caption aligncenter\"><img aria-describedby=\"caption-attachment-15026\" loading=\"lazy\" class=\"wp-image-15026\" src=\"https:\/\/www.nyhabitat.com\/fr\/blog\/wp-content\/uploads\/2019\/12\/5-locations-vacances-parisiennes-mieux-notees-pa-3384-salon-appartement-invalides.jpg\" alt=\"Photo de la pi\u00e8ce \u00e0 vivre de l\u2019appartement PA-3384 avec des fauteuils, une t\u00e9l\u00e9vision ainsi qu\u2019une porte-fen\u00eatre donnant sur le balcon.\" width=\"750\" height=\"500\" srcset=\"https:\/\/www.nyhabitat.com\/fr\/blog\/wp-content\/uploads\/2019\/12\/5-locations-vacances-parisiennes-mieux-notees-pa-3384-salon-appartement-invalides.jpg 1500w, https:\/\/www.nyhabitat.com\/fr\/blog\/wp-content\/uploads\/2019\/12\/5-locations-vacances-parisiennes-mieux-notees-pa-3384-salon-appartement-invalides-300x200.jpg 300w, https:\/\/www.nyhabitat.com\/fr\/blog\/wp-content\/uploads\/2019\/12\/5-locations-vacances-parisiennes-mieux-notees-pa-3384-salon-appartement-invalides-768x512.jpg 768w, https:\/\/www.nyhabitat.com\/fr\/blog\/wp-content\/uploads\/2019\/12\/5-locations-vacances-parisiennes-mieux-notees-pa-3384-salon-appartement-invalides-1024x683.jpg 1024w\" sizes=\"(max-width: 750px) 100vw, 750px\" \/><p id=\"caption-attachment-15026\" class=\"wp-caption-text\">Le style moderne et original de cette location de vacances des Invalides ne fait qu\u2019ajouter \u00e0 la beaut\u00e9 de la vue sur l\u2019ext\u00e9rieur. (R\u00e9f\u00e9rence de l\u2019appartement : PA-3384)<\/p><\/div>\n<p>Cet <a href=\"https:\/\/www.nyhabitat.com\/fr\/blog\/2014\/05\/21\/paris-appartements-vue-tour-eiffel\/\">appartement offre une vue sur Paris<\/a> recherch\u00e9e par les voyageurs du monde entier. La preuve en est des excellentes critiques qu&rsquo;il a re\u00e7ues\u00a0: il d\u00e9tient actuellement la <strong>note de<\/strong> <strong>4,7\/5 <\/strong>avec 47 avis de pr\u00e9c\u00e9dents locataires en provenance de huit pays diff\u00e9rents. En plus de la vue, l\u2019emplacement et la gentillesse de la propri\u00e9taire sont r\u00e9guli\u00e8rement cit\u00e9s. Lisez le commentaire de notre client Paul F. du Canada\u00a0!<\/p>\n<blockquote><p><em>\u00ab\u00a0Encore une fois, cet appartement convenait tout simplement \u00e0 toutes mes attentes en termes d&rsquo;espace et d\u2019emplacement. C&rsquo;est la deuxi\u00e8me fois que je s\u00e9journe dans cette location de vacances qui en vaut vraiment la peine. Tout s&rsquo;est bien pass\u00e9, Marie \u00e9tait formidable et je recommande vivement cet appartement pour une ou deux personnes. L&#8217;emplacement est vraiment id\u00e9al, comment se lasser de la vue sur la tour Eiffel et le d\u00f4me des Invalides !\u00a0\u00bb<\/em><\/p><\/blockquote>\n<p>Que ce soit votre premi\u00e8re visite \u00e0 Paris ou que vous soyez un r\u00e9gulier, cet appartement est LA r\u00e9f\u00e9rence des locations de vacances pour un s\u00e9jour dans la capitale. En fait, n\u2019importe lequel de nos appartements les mieux not\u00e9s fera l\u2019affaire\u00a0! Si vous vous sentez l\u2019\u00e2me d\u2019un aventurier, pourquoi ne pas jeter un \u0153il aux autres <a href=\"https:\/\/www.nyhabitat.com\/fr\/paris-appartement\/saisonniere-vacances\">locations de vacances parisiennes de notre base de donn\u00e9es<\/a> pour trouver celle qui vous convient le mieux, ou <a href=\"https:\/\/www.nyhabitat.com\/fr\/paris-appartement\/demande.php\">envoyez-nous une demande<\/a> pour \u00eatre mis en contact avec un agent impatient de mettre sa connaissance de Paris \u00e0 votre service\u00a0? Qui sait, vous voudrez peut-\u00eatre prolonger votre s\u00e9jour \u00e0 <a href=\"https:\/\/www.nyhabitat.com\/blog\/2019\/05\/20\/5-top-rated-paris-furnished-apartment-rentals\/\">Paris avec un appartement meubl\u00e9 parmi les mieux not\u00e9s<\/a>. Il n\u2019y a qu\u2019un moyen de le d\u00e9couvrir\u00a0: commencez \u00e0 pr\u00e9parer votre voyage\u00a0!<\/p>\n","protected":false},"excerpt":{"rendered":"<p>D\u00e9couvrez une autre facette de Paris\u00a0! Si la ville est une destination internationale privil\u00e9gi\u00e9e par des millions de visiteurs chaque ann\u00e9e, seule une fraction des&#8230;<\/p>\n","protected":false},"author":1,"featured_media":0,"comment_status":"open","ping_status":"closed","sticky":false,"template":"","format":"standard","meta":[],"categories":[114,25],"tags":[],"_links":{"self":[{"href":"https:\/\/www.nyhabitat.com\/fr\/blog\/wp-json\/wp\/v2\/posts\/15018"}],"collection":[{"href":"https:\/\/www.nyhabitat.com\/fr\/blog\/wp-json\/wp\/v2\/posts"}],"about":[{"href":"https:\/\/www.nyhabitat.com\/fr\/blog\/wp-json\/wp\/v2\/types\/post"}],"author":[{"embeddable":true,"href":"https:\/\/www.nyhabitat.com\/fr\/blog\/wp-json\/wp\/v2\/users\/1"}],"replies":[{"embeddable":true,"href":"https:\/\/www.nyhabitat.com\/fr\/blog\/wp-json\/wp\/v2\/comments?post=15018"}],"version-history":[{"count":5,"href":"https:\/\/www.nyhabitat.com\/fr\/blog\/wp-json\/wp\/v2\/posts\/15018\/revisions"}],"predecessor-version":[{"id":15033,"href":"https:\/\/www.nyhabitat.com\/fr\/blog\/wp-json\/wp\/v2\/posts\/15018\/revisions\/15033"}],"wp:attachment":[{"href":"https:\/\/www.nyhabitat.com\/fr\/blog\/wp-json\/wp\/v2\/media?parent=15018"}],"wp:term":[{"taxonomy":"category","embeddable":true,"href":"https:\/\/www.nyhabitat.com\/fr\/blog\/wp-json\/wp\/v2\/categories?post=15018"},{"taxonomy":"post_tag","embeddable":true,"href":"https:\/\/www.nyhabitat.com\/fr\/blog\/wp-json\/wp\/v2\/tags?post=15018"}],"curies":[{"name":"wp","href":"https:\/\/api.w.org\/{rel}","templated":true}]}}