{"id":2035,"date":"2009-08-31T11:02:24","date_gmt":"2009-08-31T15:02:24","guid":{"rendered":"https:\/\/www.nyhabitat.com\/fr\/blog\/?p=2035"},"modified":"2012-12-31T11:32:26","modified_gmt":"2012-12-31T15:32:26","slug":"festival-automne-paris-fete-38-ans","status":"publish","type":"post","link":"https:\/\/www.nyhabitat.com\/fr\/blog\/2009\/08\/31\/festival-automne-paris-fete-38-ans\/","title":{"rendered":"Le Festival d&rsquo;Automne \u00e0 Paris f\u00eate ses 38 ans"},"content":{"rendered":"<p><img loading=\"lazy\" class=\"alignleft size-medium wp-image-7662\" src=\"https:\/\/www.nyhabitat.com\/fr\/blog\/wp-content\/uploads\/2009\/08\/festival_d_automne_a_paris_2010-212x300.jpg\" alt=\"\" width=\"212\" height=\"300\" srcset=\"https:\/\/www.nyhabitat.com\/fr\/blog\/wp-content\/uploads\/2009\/08\/festival_d_automne_a_paris_2010-212x300.jpg 212w, https:\/\/www.nyhabitat.com\/fr\/blog\/wp-content\/uploads\/2009\/08\/festival_d_automne_a_paris_2010.jpg 225w\" sizes=\"(max-width: 212px) 100vw, 212px\" \/>Le Festival d\u2019Automne est aussi familier \u00e0 Paris que les couleurs orang\u00e9es des feuilles et les temp\u00e9ratures d\u00e9clinantes de cette saison. <strong>Cr\u00e9\u00e9 en 1972 par le ministre de la culture de Georges Pompidou, ce festival est reconnu pour ses exposants avant-gardistes et sa repr\u00e9sentation des cultures non occidentales<\/strong>. Nous proposons de nombreux <a title=\"Rendez-vous sur notre site afin d'y d\u00e9couvrir de nombreuses possibilit\u00e9s de locations \u00e0 Paris\" href=\"\/fr\/paris-appartement.html\">appartements en location\u00a0\u00e0 Paris<\/a> qui vous permettront de profiter au mieux des myriades d\u2019activit\u00e9s que propose le festival.<\/p>\n<p>Le Festival d\u2019Automne ne se limite pas \u00e0 un \u00e9v\u00e9nement ou m\u00eame \u00e0 une s\u00e9rie d\u2019\u00e9v\u00e9nements. <strong>Il dure plus de quatre mois et s&rsquo;\u00e9tend sur une grande vari\u00e9t\u00e9 de sites.<\/strong><\/p>\n<p><strong>Il aborde six grandes cat\u00e9gories artistiques : arts visuels, th\u00e9\u00e2tre, danse, cin\u00e9ma, musique et autres (conf\u00e9rences, lectures, etc.).<\/strong> Un programme complet est disponible sur <a title=\"Site officiel du Festival d'Automne \u00e0 Paris\" href=\"http:\/\/www.festival-automne.com\/\" rel=\"nofollow\">le site du Festival d&rsquo;Automne. <\/a><\/p>\n<p><strong>Avec des expositions et des spectacles se tenant dans les quartiers de Paris aux quatre coins de la ville, les visiteurs ont un large \u00e9ventail de possibilit\u00e9s quant au choix d\u2019un endroit o\u00f9 r\u00e9sider. Nous vous sugg\u00e9rons, bien s\u00fbr, de loger en centre ville durant le festival<\/strong>.<!--more--><\/p>\n<p>Voici une s\u00e9lection des appartements en location que nous proposons :<div class=\"img alignright size-full wp-image-2048\" style='width:300px;'>\n\t<a href=\"https:\/\/www.nyhabitat.com\/fr\/paris-appartement\/saisonniere-vacances\/2585\"><img src=\"https:\/\/www.nyhabitat.com\/fr\/blog\/wp-content\/uploads\/2009\/08\/pa2585.jpg\" alt=\"Photo de la Seine dans le quartier de l'appartement PA-2585\" width=\"300\" height=\"225\" \/><\/a>\n\t<div>Photo de la Seine dans le quartier de l'appartement PA-2585<\/div>\n<\/div>\n<p>&nbsp;<\/p>\n<p>&#8211; <a title=\"Location meubl\u00e9e T2 dans le quartier euphorique de Montorgeuil-Le Marais (PA-2237)\" href=\"https:\/\/www.nyhabitat.com\/fr\/paris-appartement\/meuble\/2237\">Cet appartement T2 en location meubl\u00e9e dans le quartier Montorgueil- Le Marais, Paris (PA-2237)<\/a> se trouve \u00e0 quelques minutes \u00e0 pied des Halles, l&rsquo;un des quartiers les plus branch\u00e9s de Paris.<\/p>\n<p>&#8211;\u00a0<a title=\"Location de vacances \u00e0 Paris : appartement T2 aux Halles (PA-2585)\" href=\"https:\/\/www.nyhabitat.com\/fr\/paris-appartement\/saisonniere-vacances\/2585\">Un\u00a0duplex T2 en location de vacances dans le quartier du Marais &#8211; Les Halles (PA-2585)<\/a><\/p>\n<p>Gardez-vous de formidables souvenirs de pr\u00e9c\u00e9dentes escapades parisiennes durant le festival d\u2019Automne ? N\u2019h\u00e9sitez pas \u00e0 partager vos impressions ci-dessous.<\/p>\n","protected":false},"excerpt":{"rendered":"<p>Le Festival d\u2019Automne est aussi familier \u00e0 Paris que les couleurs orang\u00e9es des feuilles et les temp\u00e9ratures d\u00e9clinantes de cette saison. Cr\u00e9\u00e9 en 1972 par&#8230;<\/p>\n","protected":false},"author":1,"featured_media":0,"comment_status":"open","ping_status":"closed","sticky":false,"template":"","format":"standard","meta":[],"categories":[28],"tags":[],"_links":{"self":[{"href":"https:\/\/www.nyhabitat.com\/fr\/blog\/wp-json\/wp\/v2\/posts\/2035"}],"collection":[{"href":"https:\/\/www.nyhabitat.com\/fr\/blog\/wp-json\/wp\/v2\/posts"}],"about":[{"href":"https:\/\/www.nyhabitat.com\/fr\/blog\/wp-json\/wp\/v2\/types\/post"}],"author":[{"embeddable":true,"href":"https:\/\/www.nyhabitat.com\/fr\/blog\/wp-json\/wp\/v2\/users\/1"}],"replies":[{"embeddable":true,"href":"https:\/\/www.nyhabitat.com\/fr\/blog\/wp-json\/wp\/v2\/comments?post=2035"}],"version-history":[{"count":70,"href":"https:\/\/www.nyhabitat.com\/fr\/blog\/wp-json\/wp\/v2\/posts\/2035\/revisions"}],"predecessor-version":[{"id":2298,"href":"https:\/\/www.nyhabitat.com\/fr\/blog\/wp-json\/wp\/v2\/posts\/2035\/revisions\/2298"}],"wp:attachment":[{"href":"https:\/\/www.nyhabitat.com\/fr\/blog\/wp-json\/wp\/v2\/media?parent=2035"}],"wp:term":[{"taxonomy":"category","embeddable":true,"href":"https:\/\/www.nyhabitat.com\/fr\/blog\/wp-json\/wp\/v2\/categories?post=2035"},{"taxonomy":"post_tag","embeddable":true,"href":"https:\/\/www.nyhabitat.com\/fr\/blog\/wp-json\/wp\/v2\/tags?post=2035"}],"curies":[{"name":"wp","href":"https:\/\/api.w.org\/{rel}","templated":true}]}}