{"id":2851,"date":"2009-10-07T09:30:44","date_gmt":"2009-10-07T13:30:44","guid":{"rendered":"https:\/\/www.nyhabitat.com\/fr\/blog\/?p=2851"},"modified":"2012-12-31T11:34:05","modified_gmt":"2012-12-31T15:34:05","slug":"paris-ville-art-jazz","status":"publish","type":"post","link":"https:\/\/www.nyhabitat.com\/fr\/blog\/2009\/10\/07\/paris-ville-art-jazz\/","title":{"rendered":"Paris, ville d&rsquo;art&#8230;et de jazz"},"content":{"rendered":"<p><img loading=\"lazy\" class=\"alignleft size-medium wp-image-7672\" src=\"https:\/\/www.nyhabitat.com\/fr\/blog\/wp-content\/uploads\/2009\/10\/paris-jazz-band-300x252.jpg\" alt=\"Venez \u00e9couter les joueurs de Jazz \u00e0 Paris!\" width=\"265\" height=\"216\" \/>Ce n\u2019est pas un secret, <a title=\"Articles du blog consacr\u00e9s \u00e0 Paris\" href=\"\/fr\/blog\/category\/paris\/\">Paris<\/a> est une ville qui aime l\u2019art. Le Louvre est un hommage permanent aux grandes traditions esth\u00e9tiques du pass\u00e9, la Tour Eiffel un clin d\u2019\u0153il \u00e0 l\u2019innovation architecturale et le tout r\u00e9cent <a title=\"Lisez cet article de notre blog afin de d\u00e9couvrir les sp\u00e9cificit\u00e9s de ce jeune mais exceptionnel mus\u00e9e parisien\" href=\"\/fr\/blog\/2009\/06\/08\/paris-non-occidentales-musee-quai-branly\/\">mus\u00e9e du quai Branly<\/a> regarde quant \u00e0 lui vers les arts au-del\u00e0 de l\u2019Occident. <strong>Mais saviez vous que de toutes les formes d\u2019art qu\u2019aiment les fran\u00e7ais, une leur tient particuli\u00e8rement \u00e0 coeur : le jazz.<\/strong><\/p>\n<p>Certes le jazz n\u2019a pas \u00e9t\u00e9 invent\u00e9 \u00e0 Paris mais cette musique a \u00e9t\u00e9 appr\u00e9ci\u00e9e ici comme nulle part ailleurs. <strong>Les jazzmen am\u00e9ricains ont travers\u00e9 l\u2019Atlantique depuis des g\u00e9n\u00e9rations pour profiter d\u2019un public enthousiaste et connaisseur. <\/strong>Nous disposons de dizaines d\u2019appartements sur la rive droite \u00e0 Paris, tous proches des clubs de jazz de renomm\u00e9e mondiale que propose la ville. Lors votre prochain s\u00e9jour, vous pourrez \u00e9couter de la bonne musique jazz et rentrer dans votre <a title=\"Recherche d'appartements en location de vacances \u00e0 Paris \" href=\"\/fr\/paris-appartement\/saisonniere-vacances\">location de vacances \u00e0 Paris<\/a> juste apr\u00e8s.<!--more--><\/p>\n<div class=\"img alignright size-full wp-image-2861\" style='width:300px;'>\n\t<img src=\"https:\/\/www.nyhabitat.com\/fr\/blog\/wp-content\/uploads\/2009\/10\/pat33792.jpg\" alt=\"Location meubl\u00e9e \u00e0 Paris. Photo de la terrasse d'un appartement T3 dans le quartier Gare du Nord, Montmartre (PA-3792)\" width=\"300\" height=\"225\" \/>\n\t<div>Location meubl\u00e9e \u00e0 Paris. Photo de la terrasse d'un appartement T3 dans le quartier Gare du Nord, Montmartre (PA-3792)<\/div>\n<\/div>\n<p><strong>En l\u2019honneur de l\u2019engouement fran\u00e7ais pour la musique jazz, le Mus\u00e9e du Quai Branly accueillera une exposition sp\u00e9ciale jusqu\u2019au 28 juin. L\u2019exposition examine la relation entre jazz et arts graphiques tout au long du 20\u00e8me si\u00e8cle. <\/strong>Elle se concentre tout particuli\u00e8rement sur le d\u00e9veloppement du jazz en Europe et au Mexique dans les ann\u00e9es 30 et 40 et la mani\u00e8re dont il a influenc\u00e9, et a \u00e9t\u00e9 influenc\u00e9 par, la peinture, la photographie, le cin\u00e9ma, la litt\u00e9rature et les arts graphiques.<\/p>\n<p>Une journ\u00e9e parfaite pour les amoureux de jazz pourrait commencer par un apr\u00e8s-midi pass\u00e9 \u00e0 l\u2019exposition et la soir\u00e9e \u00e0 \u00e9couter la musique elle-m\u00eame dans un des nombreux clubs de jazz parisiens. Enfin, un retour \u00e0 pied dans une location de vacances New York Habitat comme par exemple :<\/p>\n<p>&#8211; <a title=\"Appartement T3 en location meubl\u00e9e \u00e0 Paris : Gare du Nord-Montmartre (PA-3792)\" href=\"https:\/\/www.nyhabitat.com\/fr\/paris-appartement\/meuble\/3792\">Cet appartement T3 en location meubl\u00e9e dans le quartier Gare du Nord, Montmartre-Sacr\u00e9 C\u0153ur (PA-3792)<\/a> qui capture l\u2019essence du jazz cool et novateur.<\/p>\n<div class=\"img alignleft size-full wp-image-2863\" style='width:300px;'>\n\t<a href=\"https:\/\/www.nyhabitat.com\/fr\/paris-appartement\/saisonniere-vacances\/1516\"><img src=\"https:\/\/www.nyhabitat.com\/fr\/blog\/wp-content\/uploads\/2009\/10\/vacancest41516.jpg\" alt=\"Location de vacances \u00e0 Paris. Photo d'un appartement T4 dans le quartier Marais, Les Halles (PA-1516)\" width=\"300\" height=\"225\" \/><\/a>\n\t<div>Location de vacances \u00e0 Paris. Photo d'un appartement T4 dans le quartier Marais, Les Halles (PA-1516)<\/div>\n<\/div>&#8211; <a title=\"Location de vacances \u00e0 Paris dans le quartier du Marais-Les Halles. Appartement T4 (PA-1516)\" href=\"https:\/\/www.nyhabitat.com\/fr\/paris-appartement\/saisonniere-vacances\/1516\">Un appartement T4 \u00e0 louer pour les vacances dans le Marais, les Halles (PA-1516)<\/a> qui dispose de tout le confort moderne.<\/p>\n<p>&#8211; <a title=\"Original appartement T2 \u00e0 Belleville \/ Cit\u00e9 des Sciences - Location de vacances (PA-2163)\" href=\"https:\/\/www.nyhabitat.com\/fr\/paris-appartement\/saisonniere-vacances\/2163\">Une location de vacances<\/a><a title=\"Original appartement T2 \u00e0 Belleville \/ Cit\u00e9 des Sciences - Location de vacances (PA-2163)\" href=\"https:\/\/www.nyhabitat.com\/fr\/paris-appartement\/saisonniere-vacances\/2163\"> T2 <\/a><a title=\"Original appartement T2 \u00e0 Belleville \/ Cit\u00e9 des Sciences - Location de vacances (PA-2163)\" href=\"https:\/\/www.nyhabitat.com\/fr\/paris-appartement\/saisonniere-vacances\/2163\">\u00e0 Paris, \u00e0 Belleville-Cit\u00e9 des Sciences (PA-2163)<\/a> qui offre, ce qui est rare, le charme de la campagne en plein Paris.<\/p>\n<p>Les fran\u00e7ais ont sans doute adopt\u00e9 le jazz am\u00e9ricain plus encore que les am\u00e9ricains eux-m\u00eames. Pouvez-vous penser \u00e0 des situations o\u00f9 les am\u00e9ricains ont adopt\u00e9 quelque chose de fran\u00e7ais plus encore que les fran\u00e7ais eux-m\u00eames? N\u2019h\u00e9sitez pas \u00e0 laisser vos commentaires ci-dessous.<\/p>\n","protected":false},"excerpt":{"rendered":"<p>Ce n\u2019est pas un secret, Paris est une ville qui aime l\u2019art. Le Louvre est un hommage permanent aux grandes traditions esth\u00e9tiques du pass\u00e9, la&#8230;<\/p>\n","protected":false},"author":1,"featured_media":0,"comment_status":"open","ping_status":"closed","sticky":false,"template":"","format":"standard","meta":[],"categories":[28],"tags":[],"_links":{"self":[{"href":"https:\/\/www.nyhabitat.com\/fr\/blog\/wp-json\/wp\/v2\/posts\/2851"}],"collection":[{"href":"https:\/\/www.nyhabitat.com\/fr\/blog\/wp-json\/wp\/v2\/posts"}],"about":[{"href":"https:\/\/www.nyhabitat.com\/fr\/blog\/wp-json\/wp\/v2\/types\/post"}],"author":[{"embeddable":true,"href":"https:\/\/www.nyhabitat.com\/fr\/blog\/wp-json\/wp\/v2\/users\/1"}],"replies":[{"embeddable":true,"href":"https:\/\/www.nyhabitat.com\/fr\/blog\/wp-json\/wp\/v2\/comments?post=2851"}],"version-history":[{"count":30,"href":"https:\/\/www.nyhabitat.com\/fr\/blog\/wp-json\/wp\/v2\/posts\/2851\/revisions"}],"predecessor-version":[{"id":6532,"href":"https:\/\/www.nyhabitat.com\/fr\/blog\/wp-json\/wp\/v2\/posts\/2851\/revisions\/6532"}],"wp:attachment":[{"href":"https:\/\/www.nyhabitat.com\/fr\/blog\/wp-json\/wp\/v2\/media?parent=2851"}],"wp:term":[{"taxonomy":"category","embeddable":true,"href":"https:\/\/www.nyhabitat.com\/fr\/blog\/wp-json\/wp\/v2\/categories?post=2851"},{"taxonomy":"post_tag","embeddable":true,"href":"https:\/\/www.nyhabitat.com\/fr\/blog\/wp-json\/wp\/v2\/tags?post=2851"}],"curies":[{"name":"wp","href":"https:\/\/api.w.org\/{rel}","templated":true}]}}