{"id":3159,"date":"2009-11-06T15:50:51","date_gmt":"2009-11-06T19:50:51","guid":{"rendered":"https:\/\/www.nyhabitat.com\/fr\/blog\/?p=3159"},"modified":"2014-03-18T17:13:35","modified_gmt":"2014-03-18T21:13:35","slug":"univers-salle-pleyel-paris","status":"publish","type":"post","link":"https:\/\/www.nyhabitat.com\/fr\/blog\/2009\/11\/06\/univers-salle-pleyel-paris\/","title":{"rendered":"Le nouvel univers de la salle Pleyel \u00e0 Paris"},"content":{"rendered":"<p><img loading=\"lazy\" class=\"alignright size-full wp-image-3386\" src=\"https:\/\/www.nyhabitat.com\/fr\/blog\/wp-content\/uploads\/2009\/11\/parist23607.jpg\" alt=\"Location de vacances \u00e0 Paris. Photo d'un appartement T2 aux Champs Elys\u00e9es (PA-3607)\" width=\"300\" height=\"225\" \/><\/p>\n<p>Ce ne sont pas les salles de concerts qui manquent \u00e0 Paris, mais l\u2019acoustique de la nouvelle salle Pleyel est r\u00e9ellement unique en son genre. <strong>La salle de concerts a r\u00e9cemment r\u00e9ouvert ses portes apr\u00e8s deux ann\u00e9es de travaux intensifs. Elle a retrouv\u00e9 la puret\u00e9 et le d\u00e9nuement de son esth\u00e9tique initiale, ainsi qu\u2019une acoustique et une qualit\u00e9 de l\u2019\u00e9coute sup\u00e9rieure.<\/strong> La salle Pleyel est situ\u00e9e au 252, rue du faubourg Saint-Honor\u00e9, dans le 8\u00e8me arrondissement de Paris. Et New York Habitat dispose de nombreux <a title=\"Recherche d'appartements en location de vacances \u00e0 Paris \" href=\"\/fr\/paris-appartement\/saisonniere-vacances\">appartements en location dans ce quartier de Paris<\/a>.<\/p>\n<p>Inaugur\u00e9e en 1927 et r\u00e9nov\u00e9e entre 2002 et 2004, la salle Pleyel a \u00e9t\u00e9 enti\u00e8rement con\u00e7ue pour r\u00e9pondre aux exigences acoustiques des performances musicales. <strong>Par exemple, les balcons lat\u00e9raux ont \u00e9t\u00e9 ajout\u00e9s pour homog\u00e9n\u00e9iser la diffusion sonore. De plus la modification du plafond et des parois lat\u00e9rales a permis d\u2019optimiser d\u2019environ 20% le volume de la salle et de favoriser le temps de r\u00e9verb\u00e9ration du son.<\/strong> Venez donc admirer l\u2019architecture moderne et appr\u00e9cier la qualit\u00e9 acoustique incomparable de cette magnifique salle de concerts. Mais ne vous attendez pas \u00e0 croiser les fant\u00f4mes du pass\u00e9 dans les couloirs de la salle Pleyel\u2026<!--more--><\/p>\n<p>La programmation est \u00e9galement riche en diversit\u00e9 : orchestres de musique classique, concerts de jazz, artistes rock ou DJ de la sc\u00e8ne \u00e9lectro\u2026<strong>Le calendrier pour l\u2019ann\u00e9e 2010 vous r\u00e9serve de nombreuses surprises, avec notamment des performances du London Symphony Orchestra et de l\u2019Orchestre de Paris, du saxophoniste jazz Joshua Redman, de la chanteuse de soul folk Yael Naim ou du DJ de musique techno Laurent Garnier.<\/strong><\/p>\n<div class=\"img alignleft size-full wp-image-3387\" style='width:300px;'>\n\t<a href=\"https:\/\/www.nyhabitat.com\/fr\/paris-appartement\/saisonniere-vacances\/3607\"><img src=\"https:\/\/www.nyhabitat.com\/picture-pa-apt\/3607\/3607D17.jpg\" alt=\"Appartement \u00e0 Paris, Location de Vacances T2 - Champs \u00c9lys\u00e9es (PA-3607)\" width=\"300\" height=\"225\" \/><\/a>\n\t<div>Appartement \u00e0 Paris, Location de Vacances T2 - Champs \u00c9lys\u00e9es (PA-3607)<\/div>\n<\/div>Voici une s\u00e9lection d&rsquo;appartements que nous proposons dans ce quartier :<\/p>\n<p>&#8211; <a title=\"Location meubl\u00e9e \u00e0 Paris. Appartement T1 aux Champs Elys\u00e9es (PA-3373)\" href=\"https:\/\/www.nyhabitat.com\/fr\/paris-appartement\/meuble\/3373\">cet appartement T1 en location meubl\u00e9e aux Champs Elys\u00e9es (PA-3373)<\/a> est d\u00e9cor\u00e9 de fa\u00e7on \u00e9clectique et se situe \u00e0 quelques pas de la salle Pleyel<\/p>\n<p>&#8211; <a title=\"Location de vacances \u00e0 Paris. Appartement T2 aux Champs Elys\u00e9es (PA-3607)\" href=\"https:\/\/www.nyhabitat.com\/fr\/paris-appartement\/saisonniere-vacances\/3607\">cet appartement T2 en location de vacances aux Champs Elys\u00e9es (PA-3607)<\/a> est situ\u00e9 sur le faubourg Saint-Honor\u00e9 et entour\u00e9 d\u2019une multitude de magasins chic et d\u2019alimentation bio<\/p>\n<p>&#8211; <a title=\"T5 - Parc Monceau, Champs \u00c9lys\u00e9es - Gare Saint Lazare (PA-4208)\" href=\"https:\/\/www.nyhabitat.com\/fr\/paris-appartement\/saisonniere-vacances\/4208\">cet appartement T5 en location de vacances \u00e0\u00a0Parc Monceau,<br \/>\nChamps \u00c9lys\u00e9es\u00a0(PA-3625)<\/a>\u00a0dispose de plus d&rsquo;espace et propose un design contemporain.<\/p>\n<p>A Paris, vous trouverez de nombreuses salles de concerts o\u00f9 \u00e9couter tous les genres musicaux de votre choix. Mais nous vous encourageons \u00e0 d\u00e9couvrir le nouveau Pleyel, sans nul doute la salle de concerts la plus impressionnante d\u2019un point de vue acoustique. N&rsquo;h\u00e9sitez pas \u00e0 laisser votre avis sur cette salle dans la section ci-dessous.<\/p>\n","protected":false},"excerpt":{"rendered":"<p>Ce ne sont pas les salles de concerts qui manquent \u00e0 Paris, mais l\u2019acoustique de la nouvelle salle Pleyel est r\u00e9ellement unique en son genre&#8230;.<\/p>\n","protected":false},"author":2,"featured_media":0,"comment_status":"open","ping_status":"closed","sticky":false,"template":"","format":"standard","meta":[],"categories":[28],"tags":[],"_links":{"self":[{"href":"https:\/\/www.nyhabitat.com\/fr\/blog\/wp-json\/wp\/v2\/posts\/3159"}],"collection":[{"href":"https:\/\/www.nyhabitat.com\/fr\/blog\/wp-json\/wp\/v2\/posts"}],"about":[{"href":"https:\/\/www.nyhabitat.com\/fr\/blog\/wp-json\/wp\/v2\/types\/post"}],"author":[{"embeddable":true,"href":"https:\/\/www.nyhabitat.com\/fr\/blog\/wp-json\/wp\/v2\/users\/2"}],"replies":[{"embeddable":true,"href":"https:\/\/www.nyhabitat.com\/fr\/blog\/wp-json\/wp\/v2\/comments?post=3159"}],"version-history":[{"count":38,"href":"https:\/\/www.nyhabitat.com\/fr\/blog\/wp-json\/wp\/v2\/posts\/3159\/revisions"}],"predecessor-version":[{"id":10399,"href":"https:\/\/www.nyhabitat.com\/fr\/blog\/wp-json\/wp\/v2\/posts\/3159\/revisions\/10399"}],"wp:attachment":[{"href":"https:\/\/www.nyhabitat.com\/fr\/blog\/wp-json\/wp\/v2\/media?parent=3159"}],"wp:term":[{"taxonomy":"category","embeddable":true,"href":"https:\/\/www.nyhabitat.com\/fr\/blog\/wp-json\/wp\/v2\/categories?post=3159"},{"taxonomy":"post_tag","embeddable":true,"href":"https:\/\/www.nyhabitat.com\/fr\/blog\/wp-json\/wp\/v2\/tags?post=3159"}],"curies":[{"name":"wp","href":"https:\/\/api.w.org\/{rel}","templated":true}]}}