{"id":3225,"date":"2009-10-26T17:06:41","date_gmt":"2009-10-26T21:06:41","guid":{"rendered":"https:\/\/www.nyhabitat.com\/fr\/blog\/?p=3225"},"modified":"2012-12-31T11:36:29","modified_gmt":"2012-12-31T15:36:29","slug":"saint-remy-provence-sud-france","status":"publish","type":"post","link":"https:\/\/www.nyhabitat.com\/fr\/blog\/2009\/10\/26\/saint-remy-provence-sud-france\/","title":{"rendered":"Saint R\u00e9my de Provence dans le sud de la France"},"content":{"rendered":"<p>La ville de <a title=\"Articles du blog consacr\u00e9s \u00e0 Saint R\u00e9my de Provence\" href=\"\/fr\/blog\/category\/sud-france\/sejour-voyage\/provence\/saint-remy-provence\/\">Saint R\u00e9my de Provence<\/a> est situ\u00e9e dans une vall\u00e9e luxuriante de la chaine des Alpilles. <strong>Le village poss\u00e8de un riche patrimoine arch\u00e9ologique et vous trouverez les ruines de la ville romaine de Glanum au c\u0153ur de Saint-R\u00e9my.<\/strong> Un mur, construit au 14\u00e8me si\u00e8cle, prot\u00e9geait d\u2019ailleurs autrefois l\u2019int\u00e9rieur classique et pittoresque de la ville. Il sert aujourd\u2019hui d\u2019entr\u00e9e vers les restes de la ville ancienne.<div class=\"img alignright size-full wp-image-3238\" style='width:300px;'>\n\t<a href=\"https:\/\/www.nyhabitat.com\/fr\/sud-france-appartement\/saisonniere-vacances\/557\"><img src=\"https:\/\/www.nyhabitat.com\/fr\/blog\/wp-content\/uploads\/2009\/10\/t5vacancespr557.jpg\" alt=\"Location de vacances dans le Sud de la France. Photo d'une villa T5 \u00e0 Saint R\u00e9my de Provence, Alpilles (PR-557)\" width=\"300\" height=\"225\" \/><\/a>\n\t<div>Location de vacances dans le Sud de la France. Photo d'une villa T5 \u00e0 Saint R\u00e9my de Provence, Alpilles (PR-557)<\/div>\n<\/div>\n<p><strong>S<\/strong><strong>aint R\u00e9my de Provence tire une grande fiert\u00e9 d\u2019\u00eatre le lieu de naissance du physicien et proph\u00e8te, Nostradamus. Les visiteurs peuvent d\u2019ailleurs d\u00e9ambuler sur la rue Nostradamus o\u00f9 ils d\u00e9couvriront une jolie fontaine du m\u00eame nom.<\/strong> Saint R\u00e9my accueillit \u00e9galement Vincent Van Gogh pour une courte p\u00e9riode. Le grand peintre utilisa d\u2019ailleurs le paysage du village comme source d\u2019inspiration pour une \u0153uvre d\u00e9sormais de renomm\u00e9e mondiale : la nuit \u00e9toil\u00e9e.<\/p>\n<p><strong>Le mercredi est jour de march\u00e9 \u00e0 Saint R\u00e9my de Provence<\/strong>. Les parties nord et ouest de la ville sont occup\u00e9es par les marchands. Les visiteurs pourront aussi profiter des caf\u00e9s et restaurants qui connaissent une animation particuli\u00e8re durant ces apr\u00e8s-midis.<!--more--><\/p>\n<p><strong><div class=\"img alignleft size-full wp-image-3239\" style='width:300px;'>\n\t<a href=\"https:\/\/www.nyhabitat.com\/fr\/sud-france-appartement\/saisonniere-vacances\/695\"><img src=\"https:\/\/www.nyhabitat.com\/fr\/blog\/wp-content\/uploads\/2009\/10\/t3bandb695.jpg\" alt=\"Appartement dans le Sud de la France Location de Vacances - T3 - Saint R\u00e9my de Provence, Provence (PR-695)\" width=\"300\" height=\"225\" \/><\/a>\n\t<div>Appartement dans le Sud de la France Location de Vacances - T3 - Saint R\u00e9my de Provence, Provence (PR-695)<\/div>\n<\/div>Le village historique est construit sur l\u2019un des plus anciens sites arch\u00e9ologiques d\u2019Europe et a connu de nombreuses civilisations au cours de sa longue histoire.<\/strong> Profitez de la richesse antique de Saint R\u00e9my de Provence, de son charme proven\u00e7al et immergez-vous dans son histoire et sa culture.<\/p>\n<p>Nous proposons de nombreuses <a title=\"Recherche d'appartements, et villas en location de vacances \u00e0 Saint R\u00e9my de Provence\" href=\"\/fr\/sud-france-appartement\/saisonniere-vacances\/provence\/saint-remy\">locations de vacances \u00e0 Saint-R\u00e9my-de-Provence<\/a> ainsi que des locations en bed &amp; breakfast. En voici quelques exemples:<\/p>\n<p>&#8211; <a title=\"Appartement dans le Sud de la France Location de Vacances - T3 - Saint R\u00e9my de Provence, Provence (PR-695)\" href=\"https:\/\/www.nyhabitat.com\/fr\/sud-france-appartement\/saisonniere-vacances\/695\">cette villa T3 en Bed &amp; Breakast \u00e0 Saint R\u00e9my de Provence, Alpilles (PR-695)<\/a><\/p>\n<p>&#8211; <a title=\"Location de vacances dans le sud de la France. Villa T5 \u00e0 Saint Remy de Provence, Alpilles (PR-557)\" href=\"https:\/\/www.nyhabitat.com\/fr\/sud-france-appartement\/saisonniere-vacances\/557\">cette villa T5 en location de vacances \u00e0 Saint R\u00e9my de Provence, Alpilles (PR-557)<\/a><\/p>\n<p>Rejoignez-nous la semaine prochaine alors que nous continuons notre tour d\u2019horizon des villes \u00e0 visiter dans le Sud de la France. N\u2019h\u00e9sitez pas \u00e0 nous laisser vos commentaires et impressions de visites \u00e0 Saint-R\u00e9my-de-Provence ci-dessous.<\/p>\n","protected":false},"excerpt":{"rendered":"<p>La ville de Saint R\u00e9my de Provence est situ\u00e9e dans une vall\u00e9e luxuriante de la chaine des Alpilles. Le village poss\u00e8de un riche patrimoine arch\u00e9ologique&#8230;<\/p>\n","protected":false},"author":1,"featured_media":0,"comment_status":"open","ping_status":"closed","sticky":false,"template":"","format":"standard","meta":[],"categories":[95],"tags":[],"_links":{"self":[{"href":"https:\/\/www.nyhabitat.com\/fr\/blog\/wp-json\/wp\/v2\/posts\/3225"}],"collection":[{"href":"https:\/\/www.nyhabitat.com\/fr\/blog\/wp-json\/wp\/v2\/posts"}],"about":[{"href":"https:\/\/www.nyhabitat.com\/fr\/blog\/wp-json\/wp\/v2\/types\/post"}],"author":[{"embeddable":true,"href":"https:\/\/www.nyhabitat.com\/fr\/blog\/wp-json\/wp\/v2\/users\/1"}],"replies":[{"embeddable":true,"href":"https:\/\/www.nyhabitat.com\/fr\/blog\/wp-json\/wp\/v2\/comments?post=3225"}],"version-history":[{"count":41,"href":"https:\/\/www.nyhabitat.com\/fr\/blog\/wp-json\/wp\/v2\/posts\/3225\/revisions"}],"predecessor-version":[{"id":6034,"href":"https:\/\/www.nyhabitat.com\/fr\/blog\/wp-json\/wp\/v2\/posts\/3225\/revisions\/6034"}],"wp:attachment":[{"href":"https:\/\/www.nyhabitat.com\/fr\/blog\/wp-json\/wp\/v2\/media?parent=3225"}],"wp:term":[{"taxonomy":"category","embeddable":true,"href":"https:\/\/www.nyhabitat.com\/fr\/blog\/wp-json\/wp\/v2\/categories?post=3225"},{"taxonomy":"post_tag","embeddable":true,"href":"https:\/\/www.nyhabitat.com\/fr\/blog\/wp-json\/wp\/v2\/tags?post=3225"}],"curies":[{"name":"wp","href":"https:\/\/api.w.org\/{rel}","templated":true}]}}