{"id":4354,"date":"2010-01-29T14:20:49","date_gmt":"2010-01-29T18:20:49","guid":{"rendered":"https:\/\/www.nyhabitat.com\/fr\/blog\/?p=4354"},"modified":"2021-07-23T03:11:51","modified_gmt":"2021-07-23T07:11:51","slug":"etude-marche-immobilier-locatif-paris-1er-semestre-2009","status":"publish","type":"post","link":"https:\/\/www.nyhabitat.com\/fr\/blog\/2010\/01\/29\/etude-marche-immobilier-locatif-paris-1er-semestre-2009\/","title":{"rendered":"Etude du march\u00e9 immobilier locatif \u00e0 Paris au 1er semestre 2009"},"content":{"rendered":"<p><img loading=\"lazy\" class=\"alignright size-full wp-image-4373\" src=\"https:\/\/www.nyhabitat.com\/fr\/blog\/wp-content\/uploads\/2010\/01\/location-dappartements-a-paris-tendances-du-marche-immobilier-1er-semestre-2009.jpg\" alt=\"Location meubl\u00e9e et location de vacances \u00e0 Paris. Rapport sur les tendances du march\u00e9 au 1er semestre 2009\" width=\"287\" height=\"377\" srcset=\"https:\/\/www.nyhabitat.com\/fr\/blog\/wp-content\/uploads\/2010\/01\/location-dappartements-a-paris-tendances-du-marche-immobilier-1er-semestre-2009.jpg 287w, https:\/\/www.nyhabitat.com\/fr\/blog\/wp-content\/uploads\/2010\/01\/location-dappartements-a-paris-tendances-du-marche-immobilier-1er-semestre-2009-228x300.jpg 228w\" sizes=\"(max-width: 287px) 100vw, 287px\" \/><\/p>\n<p>Pour des raisons connues de tous, le march\u00e9 immobilier \u00e0 Paris a connu un 1er semestre 2009 particuli\u00e8rement d\u00e9licat. <strong>Le segment de la location meubl\u00e9e (s\u00e9jour &gt; 1 mois) et celui de la location de vacances (de 3 nuits \u00e0 1 mois) n&rsquo;ont pas \u00e9chapp\u00e9 au ralentissement g\u00e9n\u00e9ral du march\u00e9.<\/strong> Notre \u00e9tude analyse les tendances du march\u00e9 locatif de Paris au 1er semestre 2009 afin d\u2019aider propri\u00e9taires et locataires \u00e0 se positionner sur leur offre ou sur leur demande de location d&rsquo;appartement \u00e0 Paris.<\/p>\n<p><strong>Le segment de la location meubl\u00e9e:<\/strong><\/p>\n<p>Sans surprise, la morosit\u00e9 \u00e9conomique a entra\u00een\u00e9 une baisse g\u00e9n\u00e9ralis\u00e9e des r\u00e9servations sur le 1er semestre 2009. Le march\u00e9 de la <a title=\"Recherche d'appartements en location meubl\u00e9e \u00e0 Paris\" href=\"\/fr\/paris-appartement\/meuble\">location meubl\u00e9e \u00e0 Paris<\/a> a suivi cette tendance, entra\u00eenant par cons\u00e9quent une baisse sensible des prix des loyers. <strong>Dans un secteur o\u00f9 la variable prix joue un r\u00f4le pr\u00e9dominant dans la d\u00e9cision d\u2019achat, les propri\u00e9taires ayant anticip\u00e9 cette tendance, et ceux qui ont su r\u00e9agir rapidement, ont pu amortir le choc et s&rsquo;assurer un taux d\u2019occupation de leur appartement sup\u00e9rieur \u00e0 la moyenne.<\/strong> Gr\u00e2ce \u00e0 une demande plus faible, les locataires ont, quant \u00e0 eux, pu profiter d\u2019une offre plus large en terme de taille d\u2019appartements et de gamme de prix.<!--more--><\/p>\n<p><strong>Le segment de la location de vacances:<\/strong><\/p>\n<p>En plus des pr\u00e9visions pessimistes concernant le march\u00e9 du tourisme de loisirs, <strong>le segment de la <a title=\"Recherche d'appartements en location de vacances \u00e0 Paris \" href=\"\/fr\/paris-appartement\/saisonniere-vacances\">location de vacances \u00e0 Paris<\/a> a souffert d\u2019un euro fort, rendant un voyage \u00e0 partir des USA, d\u2019Angleterre ou d\u2019Asie plus on\u00e9reux que ces derni\u00e8res ann\u00e9es. <\/strong>A l&rsquo;instar de la location meubl\u00e9e, les propri\u00e9taires ayant ajust\u00e9s leurs prix ont connu une baisse de leurs r\u00e9servations moins forte que la moyenne. Ce pessimisme \u00e9conomique risque de se prolonger au 2nd semestre 2009 et en d\u00e9but 2010.<strong> 65 % de notre panel estime que le ralentissement du march\u00e9 va se poursuivre en 2010.<\/strong> Paris peut toutefois esp\u00e9rer une embellie dans les prochains trimestres en cas d&rsquo;affaiblissement de l\u2019euro ou d&rsquo;un retour \u00e0 la croissance de l\u2019\u00e9conomie globale.<\/p>\n<p>Que vous soyez propri\u00e9taire d\u2019un appartement en location \u00e0 Paris ou que vous pr\u00e9voyez de louer un appartement pour votre s\u00e9jour \u00e0 Paris, nous esp\u00e9rons que cette \u00e9tude apportera des r\u00e9ponses pr\u00e9cises \u00e0 vos questions. Notre but est de vous informer sur les derni\u00e8res tendances d\u2019un march\u00e9 en constante \u00e9volution, que ce soit pour la location meubl\u00e9e ou la location de vacances \u00e0 Paris. N\u2019h\u00e9sitez pas \u00e0 nous laisser vos remarques et avis dans la section commentaires en bas de cette page ou par email \u00e0 <a href=\"mailto:marketreport@nyhabitat.com\">marketreport@nyhabitat.com<\/a>.<\/p>\n","protected":false},"excerpt":{"rendered":"<p>Pour des raisons connues de tous, le march\u00e9 immobilier \u00e0 Paris a connu un 1er semestre 2009 particuli\u00e8rement d\u00e9licat. Le segment de la location meubl\u00e9e&#8230;<\/p>\n","protected":false},"author":2,"featured_media":0,"comment_status":"open","ping_status":"closed","sticky":false,"template":"","format":"standard","meta":[],"categories":[114],"tags":[],"_links":{"self":[{"href":"https:\/\/www.nyhabitat.com\/fr\/blog\/wp-json\/wp\/v2\/posts\/4354"}],"collection":[{"href":"https:\/\/www.nyhabitat.com\/fr\/blog\/wp-json\/wp\/v2\/posts"}],"about":[{"href":"https:\/\/www.nyhabitat.com\/fr\/blog\/wp-json\/wp\/v2\/types\/post"}],"author":[{"embeddable":true,"href":"https:\/\/www.nyhabitat.com\/fr\/blog\/wp-json\/wp\/v2\/users\/2"}],"replies":[{"embeddable":true,"href":"https:\/\/www.nyhabitat.com\/fr\/blog\/wp-json\/wp\/v2\/comments?post=4354"}],"version-history":[{"count":35,"href":"https:\/\/www.nyhabitat.com\/fr\/blog\/wp-json\/wp\/v2\/posts\/4354\/revisions"}],"predecessor-version":[{"id":15383,"href":"https:\/\/www.nyhabitat.com\/fr\/blog\/wp-json\/wp\/v2\/posts\/4354\/revisions\/15383"}],"wp:attachment":[{"href":"https:\/\/www.nyhabitat.com\/fr\/blog\/wp-json\/wp\/v2\/media?parent=4354"}],"wp:term":[{"taxonomy":"category","embeddable":true,"href":"https:\/\/www.nyhabitat.com\/fr\/blog\/wp-json\/wp\/v2\/categories?post=4354"},{"taxonomy":"post_tag","embeddable":true,"href":"https:\/\/www.nyhabitat.com\/fr\/blog\/wp-json\/wp\/v2\/tags?post=4354"}],"curies":[{"name":"wp","href":"https:\/\/api.w.org\/{rel}","templated":true}]}}