{"id":464,"date":"2009-05-01T12:43:55","date_gmt":"2009-05-01T16:43:55","guid":{"rendered":"https:\/\/www.nyhabitat.com\/fr\/blog\/?p=464"},"modified":"2011-01-25T14:56:20","modified_gmt":"2011-01-25T18:56:20","slug":"unesco-briancon-architecte-vauban","status":"publish","type":"post","link":"https:\/\/www.nyhabitat.com\/fr\/blog\/2009\/05\/01\/unesco-briancon-architecte-vauban\/","title":{"rendered":"L&rsquo;UNESCO classe Brian\u00e7on et l&rsquo;architecte Vauban"},"content":{"rendered":"<p>Nous avons\u00a0\u00e9voqu\u00e9, sur notre blog en anglais, certains des\u00a0sites du patrimoine mondial de l\u2019UNESCO du\u00a0Sud de la France. Il y a peu de temps, <strong>l\u2019UNESCO a ajout\u00e9 \u00e0 sa liste une douzaine d&rsquo;\u0153uvres de l\u2019architecte et ing\u00e9nieur fran\u00e7ais Vauban, dont deux se trouvent dans le Sud de la France<\/strong>. Ces sites fortifi\u00e9s font partie d\u2019un ensemble de plus de 300 constructions diss\u00e9min\u00e9es le long des fronti\u00e8res fran\u00e7aises. Comme toujours, nous vous proposons des <a title=\"Recherche de locations de vacances, maisons et appartements dans les Alpes du Sud\" href=\"\/fr\/sud-france-appartement\/saisonniere-vacances\/alpes-sud\">locations de vacances dans les Alpes du Sud<\/a> proches de ces sites .<\/p>\n<div class=\"img alignright size-full wp-image-482\" style='width:300px;'>\n\t<a href=\"https:\/\/www.nyhabitat.com\/fr\/sud-france-appartement\/meuble\/10\"><img src=\"https:\/\/www.nyhabitat.com\/fr\/blog\/wp-content\/uploads\/2009\/04\/location_meublee_serre_chevalier_t3_pr101.jpg\" alt=\"Location meubl\u00e9e dans le Sud de la France. Photo d'un appartement T3 \u00e0 Serre Chevalier, Alpes du Sud (PR 10)\" width=\"300\" height=\"225\" \/><\/a>\n\t<div>Location meubl\u00e9e dans le Sud de la France. Photo d'un appartement T3 \u00e0 Serre Chevalier, Alpes du Sud (PR 10)<\/div>\n<\/div>Vauban, qui \u0153uvra sous Louis XIV, est c\u00e9l\u00e8bre pour la conception et la construction de forteresses et autres types de fortifications le long des fronti\u00e8res fran\u00e7aises. Il a aussi permis le d\u00e9veloppement d\u2019une approche totalement nouvelle dans la conception de ces forteresses. Au total, <strong>Vauban a travaill\u00e9 sur plus de 300 sites en France<\/strong> et 12 d\u2019entre eux font donc leur entr\u00e9e sur la fameuse liste de l\u2019UNESCO. Les deux sites du <a title=\"Articles du blog consacr\u00e9s au Sud de la France\" href=\"\/fr\/blog\/category\/sud-france\/\">Sud de la France<\/a> sont situ\u00e9s dans les Alpes, le long de la fronti\u00e8re avec l\u2019Italie. <strong>La plus grande des deux \u0153uvres se trouve \u00e0 Brian\u00e7on<\/strong> (par ailleurs ville la plus haute d\u2019Europe !) et comprend les murailles de la ville ainsi que de nombreux autres forts, plus petits, situ\u00e9s \u00e0 l\u2019int\u00e9rieur de ces murs.<\/p>\n<p><strong>Mont-Dauphin, \u00e0 trente minutes au sud de Brian\u00e7on, accueille le second site distingu\u00e9 par<\/strong> <strong>l\u2019UNESCO dans la r\u00e9gion<\/strong>. Une restauration compl\u00e8te et r\u00e9ussie, coupl\u00e9e \u00e0 une limitation de l\u2019expansion immobili\u00e8re, a permis de pr\u00e9server un environnement similaire \u00e0 celui existant au 17\u00e8me si\u00e8cle \u00e0 l\u2019int\u00e9rieur des murs de la ville. Tous ces diff\u00e9rents sites sont bien \u00e9videmment ouverts au public.<\/p>\n<p>New York Habitat vous propose \u00a0plusieurs offres\u00a0de location\u00a0\u00e0 proximit\u00e9\u00a0de ces sites historiques et nouvellement distingu\u00e9s.<\/p>\n<p>Vous pouvez s\u00e9journer dans <a title=\"Location meubl\u00e9e dans le Sud de la France. Appartement T3 \u00e0 Serre Chevalier, Alpes du Sud (PR 10)\" href=\"https:\/\/www.nyhabitat.com\/fr\/sud-france-appartement\/meuble\/10\">cette location meubl\u00e9e T3\u00a0\u00e0 Serre-Chevalier, \u00a0Alpes du Sud (PR-10)<\/a>. Ce chalet rustique, avec ses panneaux de bois recouvrant les murs et ses poutres apparentes, est un formidable lieu de vill\u00e9giature en \u00e9t\u00e9 comme en hiver. Cette location meubl\u00e9e vous offre tout le confort souhait\u00e9 gr\u00e2ce notamment \u00e0 une cuisine et une salle de bain parfaitement \u00e9quip\u00e9es. D\u00e9gustez donc votre caf\u00e9 du matin sur la large terrasse en respirant l\u2019air vivifiant des <a title=\"Articles du blog consacr\u00e9s aux Alpes du Sud\" href=\"\/fr\/blog\/category\/sud-france\/sejour-voyage\/alpes\/\">Alpes<\/a> et en profitant de vues spectaculaires !<\/p>\n<p>Que vous soyez \u00e0 la recherche de nouveaux sites \u00e0 explorer dans le Sud de la France, ou bien int\u00e9ress\u00e9s par le tourisme historique, un voyage \u00e0 la d\u00e9couverte des fortifications du XVIIe si\u00e8cle de Vauban (agr\u00e9ment\u00e9 par un s\u00e9jour dans une des superbes <a title=\"Recherche de locations de vacances dans le Sud de la France avec NYHabitatRecherche de locations de vacances dans le Sud de la France avec NYHabitat\" href=\"\/fr\/sud-france-appartement\/saisonniere-vacances\">locations de vacances<\/a> New York Habitat)\u00a0vaut vraiment le coup.<\/p>\n<p>Que pensez-vous de la d\u00e9cision de l&rsquo;UNESCO d\u2019ajouter Brian\u00e7on et le travail architectural de Vauban \u00e0 sa liste du patrimoine mondial ? Quels autres monuments ou sites du Sud de la France voulez-vous voir ajout\u00e9s \u00e0 la liste ? N\u2019h\u00e9sitez pas \u00e0 partager vos opinions avec nous dans notre section commentaires.<\/p>\n","protected":false},"excerpt":{"rendered":"<p>Nous avons\u00a0\u00e9voqu\u00e9, sur notre blog en anglais, certains des\u00a0sites du patrimoine mondial de l\u2019UNESCO du\u00a0Sud de la France. Il y a peu de temps, l\u2019UNESCO&#8230;<\/p>\n","protected":false},"author":1,"featured_media":0,"comment_status":"open","ping_status":"closed","sticky":false,"template":"","format":"standard","meta":[],"categories":[47],"tags":[],"_links":{"self":[{"href":"https:\/\/www.nyhabitat.com\/fr\/blog\/wp-json\/wp\/v2\/posts\/464"}],"collection":[{"href":"https:\/\/www.nyhabitat.com\/fr\/blog\/wp-json\/wp\/v2\/posts"}],"about":[{"href":"https:\/\/www.nyhabitat.com\/fr\/blog\/wp-json\/wp\/v2\/types\/post"}],"author":[{"embeddable":true,"href":"https:\/\/www.nyhabitat.com\/fr\/blog\/wp-json\/wp\/v2\/users\/1"}],"replies":[{"embeddable":true,"href":"https:\/\/www.nyhabitat.com\/fr\/blog\/wp-json\/wp\/v2\/comments?post=464"}],"version-history":[{"count":44,"href":"https:\/\/www.nyhabitat.com\/fr\/blog\/wp-json\/wp\/v2\/posts\/464\/revisions"}],"predecessor-version":[{"id":537,"href":"https:\/\/www.nyhabitat.com\/fr\/blog\/wp-json\/wp\/v2\/posts\/464\/revisions\/537"}],"wp:attachment":[{"href":"https:\/\/www.nyhabitat.com\/fr\/blog\/wp-json\/wp\/v2\/media?parent=464"}],"wp:term":[{"taxonomy":"category","embeddable":true,"href":"https:\/\/www.nyhabitat.com\/fr\/blog\/wp-json\/wp\/v2\/categories?post=464"},{"taxonomy":"post_tag","embeddable":true,"href":"https:\/\/www.nyhabitat.com\/fr\/blog\/wp-json\/wp\/v2\/tags?post=464"}],"curies":[{"name":"wp","href":"https:\/\/api.w.org\/{rel}","templated":true}]}}