{"id":6595,"date":"2010-07-15T16:16:54","date_gmt":"2010-07-15T20:16:54","guid":{"rendered":"https:\/\/www.nyhabitat.com\/fr\/blog\/?p=6595"},"modified":"2012-12-31T12:40:09","modified_gmt":"2012-12-31T16:40:09","slug":"fete-musique-avec-new-york-habitat","status":"publish","type":"post","link":"https:\/\/www.nyhabitat.com\/fr\/blog\/2010\/07\/15\/fete-musique-avec-new-york-habitat\/","title":{"rendered":"La F\u00eate de la Musique avec New York Habitat"},"content":{"rendered":"<p><img loading=\"lazy\" class=\"alignleft size-medium wp-image-7666\" src=\"https:\/\/www.nyhabitat.com\/fr\/blog\/wp-content\/uploads\/2010\/07\/paris-jazz-band-300x252.jpg\" alt=\"Venez prendre part \u00e0 la F\u00eate de la Musique \u00e0 Paris!\" width=\"300\" height=\"252\" srcset=\"https:\/\/www.nyhabitat.com\/fr\/blog\/wp-content\/uploads\/2010\/07\/paris-jazz-band-300x252.jpg 300w, https:\/\/www.nyhabitat.com\/fr\/blog\/wp-content\/uploads\/2010\/07\/paris-jazz-band.jpg 900w\" sizes=\"(max-width: 300px) 100vw, 300px\" \/><strong> Paris est une ville musicale<\/strong>. Les visiteurs prenant le m\u00e9tro tomberont in\u00e9vitablement sur des musiciens jouant pour les usagers, avec les \u00e9tuis de leurs instruments largement ouverts pour solliciter la g\u00e9n\u00e9rosit\u00e9 des passants. Il y aussi les accord\u00e9onistes jouant la s\u00e9r\u00e9nade aux couples se promenant le long des quais de la Seine ou encore les violonistes remplissant l\u2019air de notes de Chopin au pied de Notre-Dame. Les visiteurs baignent d\u00e9j\u00e0 dans les m\u00e9lodies <strong>avant m\u00eame de passer les portes de l\u2019Op\u00e9ra ou de la salle Pleyel<\/strong>, tous deux mondialement c\u00e9l\u00e8bres. Cependant, le jour le plus musical de l\u2019ann\u00e9e dans cette ville de musiciens est le 21 juin, lorsque la <strong>F\u00eate de la Musique<\/strong> annuelle met tous les genres de musique dans la rue pour une des soir\u00e9es les plus bruyantes de l\u2019ann\u00e9e.<\/p>\n<p><strong>Chaque ann\u00e9e depuis 1982, la F\u00eate r\u00e9unit de grands noms de la musique dans les principales salles de la ville<\/strong>, avec des chorales, des groupes de rock et autres quartets de jazz pour une f\u00eate des plus parisiennes. Bien que le festival d\u00e9fie les cat\u00e9gories, le th\u00e8me de cette ann\u00e9e est 50 ans de chanson fran\u00e7aise et vous trouverez certainement de nombreux spectacles \u00e9grenant les tubes fran\u00e7ais les plus populaires de ces 50 derni\u00e8res ann\u00e9es. Tous les spectacles musicaux sont gratuits et ouverts au public le soir de la F\u00eate. Il s\u2019agit d\u2019une vraie nuit de partage et d\u2019\u00e9change o\u00f9 la notion de communaut\u00e9 est reine.<!--more--><\/p>\n<p>La F\u00eate de la Musique est devenue tellement populaire en France qu\u2019elle a \u00e9t\u00e9 imit\u00e9e \u00e0 travers le monde et se tient d\u00e9sormais dans plus de 100 pays sur 5 continents. Ceux qui visitent Paris le 21 juin ne doivent pas \u00eatre surpris de croiser une fanfare descendant une grande avenue ou un attroupement sur une des nombreuses petites places de la ville. L\u2019\u00e9v\u00e9nement est vraiment participatif et les voyageurs les mieux organis\u00e9s pourront trouver la place pour glisser leur instrument favori dans leur valise.<\/p>\n<div class=\"img size-full wp-image-6596 alignright\" style='width:300px;'>\n\t<a href=\"\/fr\/paris-appartement\/saisonniere-vacances\/1577\"><img src=\"https:\/\/www.nyhabitat.com\/fr\/blog\/wp-content\/uploads\/2010\/07\/paris-vacation-rental.jpg\" alt=\"Photo : location de vacances \u00e0 Paris (PA-1577)\" width=\"300\" height=\"225\" \/><\/a>\n\t<div>Photo : location de vacances \u00e0 Paris (PA-1577)<\/div>\n<\/div><br \/>\n&#8211; Cet <a title=\"Appartement \u00e0 Paris: Location de Vacances: T3 - Belleville (PA-1577)\" href=\"\/fr\/paris-appartement\/saisonniere-vacances\/1577\">appartement T3 en location de vacances \u00e0 Belleville, Cit\u00e9 des Sciences \u2013 Buttes Chaumont (PA-1577)<\/a> dispose de parquets r\u00e9nov\u00e9s, de portes en verre coulissantes donnant sur une terrasse. L\u2019appartement est d\u00e9cor\u00e9 et con\u00e7u avec gout.<br \/>\n&#8211; Ce <a title=\"Appartement \u00e0 Paris Location de Vacances: T4 - Republique, Marais - Les Halles (PA-3938)\" href=\"\/fr\/paris-appartement\/saisonniere-vacances\/3939\">Studio en location de vacances \u00e0 Montmartre \u2013 Sacr\u00e9 C\u0153ur (PA-3938)<\/a> dispose de parquets, d\u2019une grande cuisine et d\u2019une cabine de douche avec option massage de luxe dans une salle de bain r\u00e9nov\u00e9e.<br \/>\nAvez-vous d\u00e9j\u00e0 assist\u00e9 \u00e0 une F\u00eate de la Musique \u00e0 Paris ou dans une autre ville ? Partagez vos impressions ci-dessous.<\/p>\n","protected":false},"excerpt":{"rendered":"<p>Paris est une ville musicale. Les visiteurs prenant le m\u00e9tro tomberont in\u00e9vitablement sur des musiciens jouant pour les usagers, avec les \u00e9tuis de leurs instruments&#8230;<\/p>\n","protected":false},"author":1,"featured_media":0,"comment_status":"open","ping_status":"closed","sticky":false,"template":"","format":"standard","meta":[],"categories":[27],"tags":[],"_links":{"self":[{"href":"https:\/\/www.nyhabitat.com\/fr\/blog\/wp-json\/wp\/v2\/posts\/6595"}],"collection":[{"href":"https:\/\/www.nyhabitat.com\/fr\/blog\/wp-json\/wp\/v2\/posts"}],"about":[{"href":"https:\/\/www.nyhabitat.com\/fr\/blog\/wp-json\/wp\/v2\/types\/post"}],"author":[{"embeddable":true,"href":"https:\/\/www.nyhabitat.com\/fr\/blog\/wp-json\/wp\/v2\/users\/1"}],"replies":[{"embeddable":true,"href":"https:\/\/www.nyhabitat.com\/fr\/blog\/wp-json\/wp\/v2\/comments?post=6595"}],"version-history":[{"count":9,"href":"https:\/\/www.nyhabitat.com\/fr\/blog\/wp-json\/wp\/v2\/posts\/6595\/revisions"}],"predecessor-version":[{"id":6784,"href":"https:\/\/www.nyhabitat.com\/fr\/blog\/wp-json\/wp\/v2\/posts\/6595\/revisions\/6784"}],"wp:attachment":[{"href":"https:\/\/www.nyhabitat.com\/fr\/blog\/wp-json\/wp\/v2\/media?parent=6595"}],"wp:term":[{"taxonomy":"category","embeddable":true,"href":"https:\/\/www.nyhabitat.com\/fr\/blog\/wp-json\/wp\/v2\/categories?post=6595"},{"taxonomy":"post_tag","embeddable":true,"href":"https:\/\/www.nyhabitat.com\/fr\/blog\/wp-json\/wp\/v2\/tags?post=6595"}],"curies":[{"name":"wp","href":"https:\/\/api.w.org\/{rel}","templated":true}]}}