{"id":6677,"date":"2010-08-05T16:57:25","date_gmt":"2010-08-05T20:57:25","guid":{"rendered":"https:\/\/www.nyhabitat.com\/fr\/blog\/?p=6677"},"modified":"2012-12-31T12:40:48","modified_gmt":"2012-12-31T16:40:48","slug":"plaisirs-cotes-de-provence-region-viticole-sud-est-france","status":"publish","type":"post","link":"https:\/\/www.nyhabitat.com\/fr\/blog\/2010\/08\/05\/plaisirs-cotes-de-provence-region-viticole-sud-est-france\/","title":{"rendered":"Les plaisirs des C\u00f4tes de Provence, r\u00e9gion viticole du Sud Est de la France"},"content":{"rendered":"<div class=\"img alignright size-full wp-image-6678\" style='width:300px;'>\n\t<img src=\"https:\/\/www.nyhabitat.com\/fr\/blog\/wp-content\/uploads\/2010\/08\/south-france-outdoors.jpg\" alt=\"Photo : Beaucaire, r\u00e9gion d\u2019Avignon, Sud de la France\" width=\"300\" height=\"225\" \/>\n\t<div>Photo : Beaucaire, r\u00e9gion d\u2019Avignon, Sud de la France<\/div>\n<\/div>\n<p>Lorsque vous entrerez en <a title=\"Articles du blog consacr\u00e9s \u00e0 la Provence\" href=\"\/fr\/blog\/category\/sud-france\/sejour-voyage\/provence\/\"><strong>Provence<\/strong><\/a>, toutes les sensations seront soudainement d\u00e9multipli\u00e9es\u00a0: le soleil sera plus fort, les couleurs plus vives et les senteurs plus pr\u00e9gnantes. Cette r\u00e9gion enchanteresse, v\u00e9ritable festival des sens, jouit d\u2019une popularit\u00e9 jamais d\u00e9mentie. Ses atouts sont une histoire riche et vari\u00e9e ou encore ses petits villages, parfois nich\u00e9s sur des montagnes au relief accident\u00e9 ou diss\u00e9min\u00e9s au milieu des champs o\u00f9 l\u2019intensit\u00e9 du bleu lavande le dispute \u00e0 l\u2019exub\u00e9rance du jaune des tournesols. Et n\u2019oublions pas bien s\u00fbr la dimension \u00e9picurienne des <strong>traditions culinaires de la r\u00e9gion<\/strong>. New York Habitat vous permet de s\u00e9journer dans cette r\u00e9gion<span style=\"font-size: 12pt; font-family: 'Times New Roman';\" lang=\"FR\"> gr\u00e2ce \u00e0<\/span> de nombreux <a title=\"Recherche de villas et d'appartements en location meubl\u00e9e en Provence\" href=\"\/fr\/sud-france-appartement\/meuble\/provence\">appartements et villas en location meubl\u00e9e en Provence<\/a>.<\/p>\n<p>Ici aussi, le vin est roi et vous trouverez de nombreuses routes des vins parmi lesquelles choisir. Les vins des c\u00f4tes de Provence sont fruit\u00e9s et gorg\u00e9s de soleil, un parfait reflet du climat b\u00e9ni de leur terroir. Cependant, l\u2019un de ces vins est r\u00e9ellement sp\u00e9cial. Bien connu pour sa l\u00e9g\u00e8ret\u00e9 et sa d\u00e9licatesse, le ros\u00e9 de Provence est absolument unique \u00e0 la r\u00e9gion et aussi tr\u00e8s appr\u00e9ci\u00e9 \u00e0 travers le monde par les connaisseurs et autres amateurs de vins.<!--more--><\/p>\n<p>Maintenant, c\u2019est \u00e0 votre tour de vous familiariser avec ce nectar. Si vous cherchez un point de d\u00e9part \u00e0 votre exploration de la r\u00e9gion, <strong>la ville m\u00e9di\u00e9vale de Beaucaire<\/strong>, au bord du Rh\u00f4ne majestueux, offre des possibilit\u00e9s sans fin gr\u00e2ce \u00e0 sa proximit\u00e9 avec les villes d\u2019Avignon au nord, N\u00eemes \u00e0 l\u2019ouest et Arles au sud, toutes trois constituant des points de passage attrayants<\/p>\n<p>Nous avons de nombreux appartements parmi lesquels vous pourrez choisir le v\u00f4tre. Voici par exemple cette <a title=\"Appartement dans le Sud de France: T4 - Beaucaire, Provence (PR-477)\" href=\"\/fr\/sud-france-appartement\/saisonniere-vacances\/477\">location de vacances T4, spacieuse, dans le centre de Beaucaire (PR-477)<\/a>. L\u2019appartement peut facilement accueillir tout un groupe. Situ\u00e9 dans un superbe immeuble de pierre et disposant d\u2019une terrasse priv\u00e9e, c\u2019est l\u2019endroit o\u00f9 vous r\u00eavez de passer vos prochaines vacances.<\/p>\n<div class=\"img size-full wp-image-6679 alignleft\" style='width:300px;'>\n\t<a href=\"https:\/\/www.nyhabitat.com\/fr\/sud-france-appartement\/saisonniere-vacances\/939\"><img src=\"https:\/\/www.nyhabitat.com\/fr\/blog\/wp-content\/uploads\/2010\/08\/pr-939-swimming-pool1.jpg\" alt=\"\" width=\"300\" height=\"225\" \/><\/a>\n\t<div>Photo : Location de vacances \u00e0 Saint-R\u00e9my-de-Provence, Alpilles, Sud de la France (PR-939)<\/div>\n<\/div>\n<p>Plus \u00e0 l\u2019est, vous croiserez <a title=\"Articles du blog li\u00e9s \u00e0 Saint R\u00e9my de Provence\" href=\"\/fr\/blog\/category\/sud-france\/sejour-voyage\/provence\/saint-remy-provence\/\">Saint-R\u00e9my-de-Provence<\/a> et son charme discret.\u00a0La commune est situ\u00e9e au pied des Alpilles, une chaine de montagne maintes fois immortalis\u00e9e par Van Gogh\u00a0; elle comprend la cit\u00e9 antique de Glanum, une des plus anciennes colonies gr\u00e9co-romaines de Provence. L\u00e0, vous trouverez un magnifique arc de triomphe et un mausol\u00e9e collectif connu sous le nom de \u00ab\u00a0Les Antiques\u00a0\u00bb. Bien plus qu\u2019un simple d\u00e9tour, Saint-R\u00e9my-de-Provence m\u00e9rite un vrai s\u00e9jour.<\/p>\n<p>New York Habitat vous propose de nombreuses options de s\u00e9jour \u00e0 <a title=\"Location de Vacances: T3 - Saint R\u00e9my de Provence, Alpilles (PR-939)\" href=\"\/fr\/sud-france-appartement\/saisonniere-vacances\/939\">Saint-R\u00e9my-de-Provence, dont cette location de vacances T3, calme et priv\u00e9e ,(PR-939) <\/a>juste au sortir de la ville et d\u00e9j\u00e0 en pleine campagne. L\u2019appartement est moderne, confortable, ensoleill\u00e9 et le jardin offre une irr\u00e9sistible piscine. Que pourriez-vous demander de plus<\/p>\n<p>S\u2019il vous arrive d\u2019\u00eatre l\u00e0 pendant le weekend de Pentec\u00f4te, vous aurez \u00e9galement la chance d\u2019assister \u00e0 la transhumance au cours de laquelle les bergers en costume traditionnel r\u00e9unissent pas moins de 3 000 moutons, ch\u00e8vres et autres \u00e2nes dans le vieux village avant de rejoindre de plus verts et plus frais p\u00e2turages pour l\u2019\u00e9t\u00e9.<\/p>\n<p>Vous aurez aussi de nombreuses opportunit\u00e9s de d\u00e9couvrir l\u2019art et l\u2019artisanat locaux, ainsi que de gouter \u00e0 la cuisine et aux vins de la r\u00e9gion durant les c\u00e9l\u00e9brations. Que vous soyez l\u00e0 pour profiter de plaisirs visuels, auditifs, olfactifs ou gustatifs, la Provence a ce qu\u2019il vous faut.<\/p>\n<p>Avez-vous d\u00e9j\u00e0 profit\u00e9 du charme irr\u00e9sistible de la Provence et d\u00e9sirez-vous partager votre exp\u00e9rience\u00a0? N\u2019h\u00e9sitez pas en laissant un commentaire ci-dessous.<\/p>\n","protected":false},"excerpt":{"rendered":"<p>Lorsque vous entrerez en Provence, toutes les sensations seront soudainement d\u00e9multipli\u00e9es\u00a0: le soleil sera plus fort, les couleurs plus vives et les senteurs plus pr\u00e9gnantes&#8230;.<\/p>\n","protected":false},"author":1,"featured_media":0,"comment_status":"open","ping_status":"closed","sticky":false,"template":"","format":"standard","meta":[],"categories":[64],"tags":[],"_links":{"self":[{"href":"https:\/\/www.nyhabitat.com\/fr\/blog\/wp-json\/wp\/v2\/posts\/6677"}],"collection":[{"href":"https:\/\/www.nyhabitat.com\/fr\/blog\/wp-json\/wp\/v2\/posts"}],"about":[{"href":"https:\/\/www.nyhabitat.com\/fr\/blog\/wp-json\/wp\/v2\/types\/post"}],"author":[{"embeddable":true,"href":"https:\/\/www.nyhabitat.com\/fr\/blog\/wp-json\/wp\/v2\/users\/1"}],"replies":[{"embeddable":true,"href":"https:\/\/www.nyhabitat.com\/fr\/blog\/wp-json\/wp\/v2\/comments?post=6677"}],"version-history":[{"count":12,"href":"https:\/\/www.nyhabitat.com\/fr\/blog\/wp-json\/wp\/v2\/posts\/6677\/revisions"}],"predecessor-version":[{"id":6685,"href":"https:\/\/www.nyhabitat.com\/fr\/blog\/wp-json\/wp\/v2\/posts\/6677\/revisions\/6685"}],"wp:attachment":[{"href":"https:\/\/www.nyhabitat.com\/fr\/blog\/wp-json\/wp\/v2\/media?parent=6677"}],"wp:term":[{"taxonomy":"category","embeddable":true,"href":"https:\/\/www.nyhabitat.com\/fr\/blog\/wp-json\/wp\/v2\/categories?post=6677"},{"taxonomy":"post_tag","embeddable":true,"href":"https:\/\/www.nyhabitat.com\/fr\/blog\/wp-json\/wp\/v2\/tags?post=6677"}],"curies":[{"name":"wp","href":"https:\/\/api.w.org\/{rel}","templated":true}]}}