{"id":6693,"date":"2010-08-12T16:34:00","date_gmt":"2010-08-12T20:34:00","guid":{"rendered":"https:\/\/www.nyhabitat.com\/fr\/blog\/?p=6693"},"modified":"2012-12-31T12:41:02","modified_gmt":"2012-12-31T16:41:02","slug":"10-raisons-de-passer-ses-vacances-antibes","status":"publish","type":"post","link":"https:\/\/www.nyhabitat.com\/fr\/blog\/2010\/08\/12\/10-raisons-de-passer-ses-vacances-antibes\/","title":{"rendered":"10 raisons de passer ses vacances \u00e0 Antibes"},"content":{"rendered":"<div class=\"img alignright size-full wp-image-6694\" style='width:300px;'>\n\t<img src=\"https:\/\/www.nyhabitat.com\/fr\/blog\/wp-content\/uploads\/2010\/08\/juan_les_pine_france.jpg\" alt=\"Photo : Juan-les-Pins \u2013 Antibes, France\" width=\"300\" height=\"225\" \/>\n\t<div>Photo : Juan-les-Pins \u2013 Antibes, France<\/div>\n<\/div>\n<ol>\n<li>Tout d\u2019abord, <strong>Antibes est une superbe ville<\/strong>. La ville est sublime avec ses nombreux jardins ainsi que ses vestiges grecques et romains. Pour faire r\u00e9ellement l\u2019exp\u00e9rience de la culture m\u00e9diterran\u00e9enne fran\u00e7aise, Antibes est un point de passage oblig\u00e9.<\/li>\n<li><strong>Antibes est nich\u00e9e entre <a title=\"Cannes informations\" href=\"\/fr\/blog\/category\/sud-france\/sejour-voyage\/cote-azur\/cannes\/\">Cannes<\/a> et <a title=\"Documentation sur Nice\" href=\"\/fr\/blog\/category\/sud-france\/sejour-voyage\/cote-azur\/nice\/\">Nice<\/a> sur la<a title=\"Articles consacr\u00e9s \u00e0 la C\u00f4te d\u2019Azur  \" href=\"\/fr\/blog\/category\/sud-france\/sejour-voyage\/cote-azur\/\"> C\u00f4te d\u2019Azur<\/a><\/strong>. Vous y trouverez une atmosph\u00e8re chaleureuse de petite ville tout en profitant de connexions ferroviaires vers les villes les plus visit\u00e9es du Sud de la France. Il est facile de se rendre \u00e0 Monte-Carlo, par exemple, ou m\u00eame \u00e0 Vintimille en Italie.<\/li>\n<li>Un ch\u00e2teau m\u00e9di\u00e9val a \u00e9t\u00e9 transform\u00e9 en<strong> mus\u00e9e Picasso<\/strong>, proposant aussi des \u0153uvres d\u2019art moderne et contemporain. Le rez-de-chauss\u00e9e est d\u00e9di\u00e9 \u00e0 Picasso lui-m\u00eame avec des toiles, c\u00e9ramiques et autres sculptures qu\u2019il cr\u00e9a alors qu\u2019il vivait au ch\u00e2teau en 1946. D\u2019autres expositions incluent des \u0153uvres de Sta\u00ebl, Ernst, Mir\u00f3, L\u00e9ger, Hartung, Atlan, Richier, Adami, Modigliani, Saura, C\u00e9sar, Arman et Alechinsky.<\/li>\n<li>Vous trouverez aussi <strong>d\u2019autres formidables mus\u00e9es<\/strong> dont un mus\u00e9e d\u2019arch\u00e9ologie, un mus\u00e9e du dessin humoristique, un mus\u00e9e Napol\u00e9on et deux mus\u00e9es d\u00e9di\u00e9s aux \u00e9v\u00e9nements locaux et \u00e0 l\u2019Histoire d\u2019Antibes.<\/li>\n<li><strong>De formidables locations de vacances New York Habitat<\/strong>\u00a0sont disponibles \u00e0 Antibes :: cette <a href=\"https:\/\/www.nyhabitat.com\/fr\/sud-france-appartement\/saisonniere-vacances\/406\">villa de type T4 \u00e0 Cannes sur la C\u00f4te d&rsquo;Azur (PR-406)<\/a> dispose d&rsquo;une piscine et se trouve \u00e0 quelques m\u00e8tres de la plage. Ou ce\u00a0<a title=\"Appartement dans le Sud de la France Location de Vacances - Studio T1 - Cannes, C\u00f4te d'Azur (PR-175)\" href=\"https:\/\/www.nyhabitat.com\/fr\/sud-france-appartement\/saisonniere-vacances\/175\">studio en location de vacances \u00e0 Cannes (PR-175)<\/a>, qui se trouve sur la c\u00f4te entre Antibes et Cannes et poss\u00e8de une terrasse avec vue sur la mer.<!--more--><br \/>\n<strong><div class=\"img alignright size-full wp-image-6695\" style='width:300px;'>\n\t<img src=\"https:\/\/www.nyhabitat.com\/fr\/blog\/wp-content\/uploads\/2010\/08\/anibes_france.jpg\" alt=\"Photo : Antibes, C\u00f4tes d\u2019Azur, Sud de la France\" width=\"300\" height=\"225\" \/>\n\t<div>Photo : Antibes, C\u00f4tes d\u2019Azur, Sud de la France<\/div>\n<\/div><\/strong><\/li>\n<li>Les march\u00e9s en plein air.Il y a quatre march\u00e9s en plein air \u00e0 Antibes durant l\u2019ann\u00e9e. Le march\u00e9 des artisans se tient Cour Mass\u00e9na les jeudis, vendredis et dimanches apr\u00e8s 15h, et \u00e0 16h30 les samedis, de P\u00e2ques \u00e0 la fin du mois de septembre. Il a aussi quelques march\u00e9s \u00e0 la brocante : Place Audiberti les jeudis et samedis ; Place nationale les jeudis et samedis ; Boulevard d\u2019Aiguillon les jeudis ; et enfin Antibes-les Pins, les samedis. Vous trouverez aussi un march\u00e9 proven\u00e7al du 1er juin au 31 ao\u00fbt sur le Cour Mass\u00e9na, tous les jours sauf le samedi.<\/li>\n<li>A partir du mois d\u2019avril, <strong>Antibes accueillera le 36\u00e8me salon d\u2019Antiquit\u00e9s-Brocante du vieil Antibes<\/strong>. En expansion depuis 1971, le salon est d\u00e9sormais une des plus grandes rencontres de France sur le th\u00e8me des antiquit\u00e9s. 130 exposants pr\u00e9sentent des meubles, des bijoux, des tableaux, et plus encore, des quatre coins du monde.<\/li>\n<li><strong>Antibes organise des festivals toute l\u2019ann\u00e9e<\/strong>. En juin d\u00e9couvrez une parade de fleurs, de chars et de fanfares pour la Bataille de fleurs ; sautez par-dessus les flammes et prouvez votre amour lors de la f\u00eate de la Saint-Jean. En juillet, c\u00e9l\u00e9brez la f\u00eate de la Saint-Pierre et les f\u00eates de Notre-Dame de Bon-Port. Profitez de l\u2019automne avec la F\u00eate des vendanges et r\u00e9chauffez-vous en novembre lors de la F\u00eate de la ch\u00e2taigne.<\/li>\n<li><strong>Fontaines, \u00e9tangs, oliviers, jardins m\u00e9diterran\u00e9ens dans le style de la Rome antique recouvrent 5 hectares du parc Exflora<\/strong>. Ouvert au public, vous pourrez humer de magnifiques rosiers qui m\u00e8nent jusqu\u2019\u00e0 la mer, profiter du jardin exotique et de nombreux espaces verts.<\/li>\n<li>Pour finir en beaut\u00e9, <strong>Antibes est entour\u00e9e de plusieurs ports et de pas moins de 48 plages<\/strong>. Promenez-vous dans le sable, observez les passants ou admirez les yachts, vous \u00eates s\u00fbrs de ne jamais vous ennuyer \u00e0 Antibes.<\/li>\n<\/ol>\n<p>Avez-vous d\u00e9j\u00e0 \u00e9t\u00e9 \u00e0 Antibes ? Qu\u2019avez-vous aim\u00e9 de la ville ? Laissez vos commentaires ci-dessous.<\/p>\n","protected":false},"excerpt":{"rendered":"<p>Tout d\u2019abord, Antibes est une superbe ville. La ville est sublime avec ses nombreux jardins ainsi que ses vestiges grecques et romains. Pour faire r\u00e9ellement&#8230;<\/p>\n","protected":false},"author":1,"featured_media":0,"comment_status":"open","ping_status":"closed","sticky":false,"template":"","format":"standard","meta":[],"categories":[104],"tags":[],"_links":{"self":[{"href":"https:\/\/www.nyhabitat.com\/fr\/blog\/wp-json\/wp\/v2\/posts\/6693"}],"collection":[{"href":"https:\/\/www.nyhabitat.com\/fr\/blog\/wp-json\/wp\/v2\/posts"}],"about":[{"href":"https:\/\/www.nyhabitat.com\/fr\/blog\/wp-json\/wp\/v2\/types\/post"}],"author":[{"embeddable":true,"href":"https:\/\/www.nyhabitat.com\/fr\/blog\/wp-json\/wp\/v2\/users\/1"}],"replies":[{"embeddable":true,"href":"https:\/\/www.nyhabitat.com\/fr\/blog\/wp-json\/wp\/v2\/comments?post=6693"}],"version-history":[{"count":16,"href":"https:\/\/www.nyhabitat.com\/fr\/blog\/wp-json\/wp\/v2\/posts\/6693\/revisions"}],"predecessor-version":[{"id":6703,"href":"https:\/\/www.nyhabitat.com\/fr\/blog\/wp-json\/wp\/v2\/posts\/6693\/revisions\/6703"}],"wp:attachment":[{"href":"https:\/\/www.nyhabitat.com\/fr\/blog\/wp-json\/wp\/v2\/media?parent=6693"}],"wp:term":[{"taxonomy":"category","embeddable":true,"href":"https:\/\/www.nyhabitat.com\/fr\/blog\/wp-json\/wp\/v2\/categories?post=6693"},{"taxonomy":"post_tag","embeddable":true,"href":"https:\/\/www.nyhabitat.com\/fr\/blog\/wp-json\/wp\/v2\/tags?post=6693"}],"curies":[{"name":"wp","href":"https:\/\/api.w.org\/{rel}","templated":true}]}}