{"id":6756,"date":"2010-09-08T22:59:00","date_gmt":"2010-09-09T02:59:00","guid":{"rendered":"https:\/\/www.nyhabitat.com\/fr\/blog\/?p=6756"},"modified":"2012-12-31T12:46:21","modified_gmt":"2012-12-31T16:46:21","slug":"decouvrez-provence-voie-imperiale-route-napoleon","status":"publish","type":"post","link":"https:\/\/www.nyhabitat.com\/fr\/blog\/2010\/09\/08\/decouvrez-provence-voie-imperiale-route-napoleon\/","title":{"rendered":"D\u00e9couvrez la Provence par la voie imp\u00e9riale de la Route Napol\u00e9on"},"content":{"rendered":"<div class=\"img alignright size-full wp-image-6757\" style='width:231px;'>\n\t<img src=\"https:\/\/www.nyhabitat.com\/fr\/blog\/wp-content\/uploads\/2010\/09\/462px-route-napoleon021-231x300.jpg\" alt=\"Photo : Statue d\u2019aigle marquant la route emprunt\u00e9e par Napol\u00e9on\" width=\"231\" height=\"300\" \/>\n\t<div>Photo : Statue d\u2019aigle marquant la route emprunt\u00e9e par Napol\u00e9on<\/div>\n<\/div>La route c\u00f4ti\u00e8re entre Cannes et Antibes sur la <a title=\"Articles du blog li\u00e9s \u00e0 la C\u00f4te d\u2019Azur\" href=\"\/fr\/blog\/category\/sud-france\/sejour-voyage\/cote-azur\/\">C\u00f4t\u00e9 d\u2019Azur<\/a> est mondialement c\u00e9l\u00e8bre pour sa beaut\u00e9 intemporelle. Cependant, les passionn\u00e9s d\u2019Histoire de France la connaissent aussi car c\u2019est l\u00e0, depuis la petite ville baln\u00e9aire de Golfe Juan, que Napol\u00e9on se lan\u00e7a le 1er Mars 1815 dans la reconqu\u00eate de Paris, entour\u00e9 d\u2019un groupe de fid\u00e8les supporters. Plus tard, le segment de route emprunt\u00e9 par Napol\u00e9on entre la c\u00f4te et Grenoble devint la mythique route Napol\u00e9on qui est rest\u00e9e un lieu de passage tr\u00e8s fr\u00e9quent\u00e9 jusqu\u2019\u00e0 nos jours.<\/p>\n<p>Bien qu\u2019il ait choisi cet itin\u00e9raire afin d\u2019\u00e9viter toute r\u00e9sistance potentielle de villes royalistes plut\u00f4t que pour la beaut\u00e9 des paysages, il est difficile d\u2019imaginer que l\u2019empereur ne se soit pas parfois arr\u00eat\u00e9 pour admirer celle-ci. En ce temps-l\u00e0, <a title=\"Articles du blog consacr\u00e9s \u00e0 Cannes\" href=\"\/fr\/blog\/category\/sud-france\/sejour-voyage\/cote-azur\/cannes\/\">Cannes<\/a> n\u2019\u00e9tait pas le lieu d\u2019un festival de cin\u00e9ma peupl\u00e9 de stars et Antibes ne r\u00e9sonnait pas encore aux sons du groove de son prestigieux festival de Jazz ; cependant, il ne fait pas de doute que la r\u00e9gion m\u00e9ritait d\u00e9j\u00e0 de s\u2019y arr\u00eater, m\u00eame si certains \u00e9taient tr\u00e8s press\u00e9s de faire tomber le gouvernement de la France\u2026 une nouvelle fois.<\/p>\n<p>Pour faciliter votre d\u00e9couverte de la Route Napol\u00e9on depuis sa source, New York Habitat dispose d\u2019une grande vari\u00e9t\u00e9 de <a title=\"Recherche de locations de vacances, maisons et appartement \u00e0 Cannes, sur la C\u00f4te d\u2019Azur \" href=\"\/fr\/sud-france-appartement\/saisonniere-vacances\/cote-azur\/cannes\">locations de vacances \u00e0 Cannes<\/a>.<!--more--><\/p>\n<p>Vous pourriez loger sur la c\u00e9l\u00e8bre Croisette, juste \u00e0 c\u00f4t\u00e9 de l\u2019h\u00f4tel Martinez, dans notre <a title=\"Appartement T3 en location de vacances \u00e0 Cannes, C\u00f4te d\u2019Azur:(PR-579) \" href=\"\/fr\/sud-france-appartement\/saisonniere-vacances\/579\">appartement T3 en location de vacances \u00e0 Cannes \u2013 Croisette (PR-579<\/a>).<\/p>\n<p>Si vous avez besoin de plus d&rsquo;espace, vous pourrez profiter du calme du quartier de la Californie. En effet, vous vous sentirez comme chez vous dans cette jolie <a title=\"Location de vacances: Maison T3 \u00e0 Cannes, sur la C\u00f4te d\u2019Azur (PR-292)\" href=\"\/fr\/sud-france-appartement\/saisonniere-vacances\/292\">petite maison T3 en location de vacances \u00e0 Cannes \u2013 Californie (PR-292)<\/a> avec de superbes vues, un jardin et la plage \u00e0 15 minutes \u00e0 peine \u00e0 pied.<\/p>\n<p>Sur la route de Paris, l\u2019empereur d\u00e9chu et ses troupes fam\u00e9liques travers\u00e8rent Grasse aux senteurs divines. Perch\u00e9e en haut de sa colline, la ville \u00e9tait d\u00e9j\u00e0 la capitale mondiale du parfum. Au-del\u00e0 de son microclimat proche de la perfection, Grasse a aussi r\u00e9ussi \u00e0 pr\u00e9server son authentique caract\u00e8re m\u00e9di\u00e9val, tout en attirant les amateurs d\u2019art moderne gr\u00e2ce \u00e0 ses nombreuses galeries. De plus, si vous visitez la ville au d\u00e9but du mois d\u2019ao\u00fbt, vous ne pouvez manquer l\u2019extravagante F\u00eate du Jasmin dont les festivit\u00e9s incluent un d\u00e9fil\u00e9, des artistes de rue, une bataille de fleurs et des feux d\u2019artifice.<\/p>\n<p>Plus haut, Digne (ou Digne-les-Bains) a accueilli Napol\u00e9on pour une \u00e9tape de son trajet, et une plaque sur un mur au coin de la rue du Jeu de Paume et du cours des Ar\u00e8s en pr\u00e9serve le souvenir. M\u00eame si l\u2019Histoire militaire n\u2019est pas votre tasse de th\u00e9, vous appr\u00e9cierez votre s\u00e9jour dans une r\u00e9gion qui combine mer, montagne, soleil et des milliers de fleurs.\u00a0 N\u2019h\u00e9sitez pas \u00e0 partager avec nous ce que vous pensez de ce p\u00e9riple en laissant vos commentaires ci-dessous.<\/p>\n","protected":false},"excerpt":{"rendered":"<p>La route c\u00f4ti\u00e8re entre Cannes et Antibes sur la C\u00f4t\u00e9 d\u2019Azur est mondialement c\u00e9l\u00e8bre pour sa beaut\u00e9 intemporelle. Cependant, les passionn\u00e9s d\u2019Histoire de France la&#8230;<\/p>\n","protected":false},"author":1,"featured_media":0,"comment_status":"open","ping_status":"closed","sticky":false,"template":"","format":"standard","meta":[],"categories":[62],"tags":[],"_links":{"self":[{"href":"https:\/\/www.nyhabitat.com\/fr\/blog\/wp-json\/wp\/v2\/posts\/6756"}],"collection":[{"href":"https:\/\/www.nyhabitat.com\/fr\/blog\/wp-json\/wp\/v2\/posts"}],"about":[{"href":"https:\/\/www.nyhabitat.com\/fr\/blog\/wp-json\/wp\/v2\/types\/post"}],"author":[{"embeddable":true,"href":"https:\/\/www.nyhabitat.com\/fr\/blog\/wp-json\/wp\/v2\/users\/1"}],"replies":[{"embeddable":true,"href":"https:\/\/www.nyhabitat.com\/fr\/blog\/wp-json\/wp\/v2\/comments?post=6756"}],"version-history":[{"count":16,"href":"https:\/\/www.nyhabitat.com\/fr\/blog\/wp-json\/wp\/v2\/posts\/6756\/revisions"}],"predecessor-version":[{"id":7363,"href":"https:\/\/www.nyhabitat.com\/fr\/blog\/wp-json\/wp\/v2\/posts\/6756\/revisions\/7363"}],"wp:attachment":[{"href":"https:\/\/www.nyhabitat.com\/fr\/blog\/wp-json\/wp\/v2\/media?parent=6756"}],"wp:term":[{"taxonomy":"category","embeddable":true,"href":"https:\/\/www.nyhabitat.com\/fr\/blog\/wp-json\/wp\/v2\/categories?post=6756"},{"taxonomy":"post_tag","embeddable":true,"href":"https:\/\/www.nyhabitat.com\/fr\/blog\/wp-json\/wp\/v2\/tags?post=6756"}],"curies":[{"name":"wp","href":"https:\/\/api.w.org\/{rel}","templated":true}]}}