{"id":7101,"date":"2011-01-19T10:27:22","date_gmt":"2011-01-19T14:27:22","guid":{"rendered":"https:\/\/www.nyhabitat.com\/fr\/blog\/?p=7101"},"modified":"2012-12-31T12:50:55","modified_gmt":"2012-12-31T16:50:55","slug":"cannes-janvier-chefs-musiciens-prennent-commandes","status":"publish","type":"post","link":"https:\/\/www.nyhabitat.com\/fr\/blog\/2011\/01\/19\/cannes-janvier-chefs-musiciens-prennent-commandes\/","title":{"rendered":"Cannes en Janvier : Les chefs et les musiciens prennent les commandes"},"content":{"rendered":"<p>Connue dans le monde entier pour son fameux festival du film, <a title=\"Cannes\" href=\"\/fr\/blog\/category\/sud-france\/sejour-voyage\/cote-azur\/cannes\/\">Cannes<\/a> ne se repose pas sur ses lauriers durant le reste de l\u2019ann\u00e9e. De nombreux autres \u00e9v\u00e9nements se d\u00e9roulent dans ce cadre magnifique. Si vous r\u00eaviez d\u2019\u00eatre un grand Chef ou une star du rock durant votre enfance, mais avez d\u00fb vivre une vie plus normale comme nous tous, voici l\u2019opportunit\u00e9 de croiser ceux qui ont r\u00e9alis\u00e9 leur r\u00eave dans ces domaines fascinants que sont la grande gastronomie et la musique. En janvier 2011 se tiendront donc \u00e0 Cannes le Cooking Festival (les 15 et 16 Janvier) pour les amoureux d\u2019exp\u00e9riences culinaires, et le MIDEM (du 22 au 26 Janvier) pour les amoureux de musique.<\/p>\n<p>Si vous souhaitez s\u00e9rieusement nouer des relations avec les professionnels pr\u00e9sents, vous devrez mettre la main \u00e0 la poche pour payer les frais d\u2019accr\u00e9ditation ; cependant, si vous souhaitez simplement profiter d\u2019une atmosph\u00e8re agr\u00e9able et peut-\u00eatre apercevoir une de vos anciennes idoles attabl\u00e9e \u00e0 un restaurant local ou dans un bar, une <a title=\"Location de Vacances \u00e0 Cannes\" href=\"\/fr\/sud-france-appartement\/saisonniere-vacances\/cote-azur\/cannes\">location de vacances New York Habitat \u00e0 Cannes <\/a>constitue un bon d\u00e9but. La chance s\u2019occupera peut-\u00eatre du reste\u2026<\/p>\n<div class=\"img aligncenter size-full wp-image-7102\" style='width:554px;'>\n\t<img src=\"https:\/\/www.nyhabitat.com\/fr\/blog\/wp-content\/uploads\/2011\/01\/istock_000012932827xsmall.jpg\" alt=\"Photo : Cannes, C\u00f4te d\u2019Azur\" width=\"554\" height=\"217\" \/>\n\t<div>Photo : Cannes, C\u00f4te d\u2019Azur<\/div>\n<\/div>\n<p>Un peu plus \u00e9loign\u00e9 du centre, \u00e0 10-15 minutes plus \u00e0 l\u2019ouest et pr\u00e8s du port, nous disposons aussi de ce <a title=\"Location de vacances: Studio T1 - Cannes, C\u00f4te d'Azur (PR-289)\" href=\"\/fr\/sud-france-appartement\/saisonniere-vacances\/289\">Studio en location de vacances \u00e0 Cannes \u2013 Le Suquet, C\u00f4te d\u2019Azur \u2013 PR 289<\/a> dans le quartier historique du Suquet. Sa meilleure caract\u00e9ristique est sans aucun doute le balcon depuis lequel vous pourrez profiter de paisibles petit-d\u00e9jeuner ou d\u00eeners avec une superbe vue de la M\u00e9diterran\u00e9e et des \u00eeles de L\u00e9rins.<!--more--><\/p>\n<p>Si vous pr\u00e9f\u00e9rez les joies de la nature \u00e0 la folie incessante des grands rassemblements, essayez notre grand <a title=\"Location de Vacances: Studio T1 - Cannes, C\u00f4te d'Azur, Sud de la France (PR-175)\" href=\"\/fr\/sud-france-appartement\/saisonniere-vacances\/175\">Studio meubl\u00e9 en location de vacances \u00e0 Cannes \u2013 Basse Californie \u2013 PR 175<\/a> \u00e0 la p\u00e9riph\u00e9rie de la ville. Il fait partie du b\u00e2timent du 19\u00e8me Si\u00e8cle qui se tient fi\u00e8rement au c\u0153ur d\u2019un jardin luxuriant et offre des vues fantastiques de la mer et de la baie de Cannes.<\/p>\n<p>Et nous disposons de nombreuses autres locations de vacances parmi lesquelles vous pourrez choisir. Alors pourquoi ne pas vous lancer et commencer \u00e0 planifier une escapade hivernale dans un des lieux les plus s\u00e9duisants au monde ?<\/p>\n<p>Connaissez-vous d\u00e9j\u00e0 Cannes ? Avez-vous d\u00e9j\u00e0 particip\u00e9 \u00e0 un des grands \u00e9v\u00e9nements qui s\u2019y tiennent toute l\u2019ann\u00e9e durant ? N\u2019h\u00e9sitez pas \u00e0 partager votre sentiment avec nous.<\/p>\n","protected":false},"excerpt":{"rendered":"<p>Connue dans le monde entier pour son fameux festival du film, Cannes ne se repose pas sur ses lauriers durant le reste de l\u2019ann\u00e9e. De&#8230;<\/p>\n","protected":false},"author":1,"featured_media":0,"comment_status":"open","ping_status":"closed","sticky":false,"template":"","format":"standard","meta":[],"categories":[89,42],"tags":[],"_links":{"self":[{"href":"https:\/\/www.nyhabitat.com\/fr\/blog\/wp-json\/wp\/v2\/posts\/7101"}],"collection":[{"href":"https:\/\/www.nyhabitat.com\/fr\/blog\/wp-json\/wp\/v2\/posts"}],"about":[{"href":"https:\/\/www.nyhabitat.com\/fr\/blog\/wp-json\/wp\/v2\/types\/post"}],"author":[{"embeddable":true,"href":"https:\/\/www.nyhabitat.com\/fr\/blog\/wp-json\/wp\/v2\/users\/1"}],"replies":[{"embeddable":true,"href":"https:\/\/www.nyhabitat.com\/fr\/blog\/wp-json\/wp\/v2\/comments?post=7101"}],"version-history":[{"count":6,"href":"https:\/\/www.nyhabitat.com\/fr\/blog\/wp-json\/wp\/v2\/posts\/7101\/revisions"}],"predecessor-version":[{"id":7419,"href":"https:\/\/www.nyhabitat.com\/fr\/blog\/wp-json\/wp\/v2\/posts\/7101\/revisions\/7419"}],"wp:attachment":[{"href":"https:\/\/www.nyhabitat.com\/fr\/blog\/wp-json\/wp\/v2\/media?parent=7101"}],"wp:term":[{"taxonomy":"category","embeddable":true,"href":"https:\/\/www.nyhabitat.com\/fr\/blog\/wp-json\/wp\/v2\/categories?post=7101"},{"taxonomy":"post_tag","embeddable":true,"href":"https:\/\/www.nyhabitat.com\/fr\/blog\/wp-json\/wp\/v2\/tags?post=7101"}],"curies":[{"name":"wp","href":"https:\/\/api.w.org\/{rel}","templated":true}]}}