{"id":7743,"date":"2011-03-17T09:53:31","date_gmt":"2011-03-17T13:53:31","guid":{"rendered":"https:\/\/www.nyhabitat.com\/fr\/blog\/?p=7743"},"modified":"2013-02-19T13:02:52","modified_gmt":"2013-02-19T17:02:52","slug":"visite-guidee-video-saint-germain-des-pres-paris-france-1er-partie","status":"publish","type":"post","link":"https:\/\/www.nyhabitat.com\/fr\/blog\/2011\/03\/17\/visite-guidee-video-saint-germain-des-pres-paris-france-1er-partie\/","title":{"rendered":"Visite Guid\u00e9e en Vid\u00e9o &#8211; Saint-Germain-des-Pr\u00e9s, Paris &#8211; 1\u00e8r Partie"},"content":{"rendered":"<p>Bonjour, c&rsquo;est David Hill de New York Habitat. Dans cette visite guid\u00e9e en vid\u00e9o, nous allons visiter aujourd\u2019hui un autre quartier anim\u00e9 de Paris &#8211; un endroit \u00e0 la mode : Saint-Germain-des-Pr\u00e9s.<\/p>\n<p>Il y a tellement de choses \u00e0 voir dans ce quartier que cet \u00e9pisode sera le 1er d&rsquo;une trilogie consacr\u00e9e \u00e0 Saint-Germain-des-Pr\u00e9s. Ne manque pas la suite avec la <a title=\"Seconde partie de notre visite vid\u00e9o de Saint-Germain-des-Pr\u00e9s\" href=\"https:\/\/www.nyhabitat.com\/fr\/blog\/2011\/04\/20\/visite-guidee-video-saint-germain-pres-partie-2\/\">seconde partie de notre visite vid\u00e9o de Saint-Germain-des-Pr\u00e9s<\/a> et la <a title=\"Troisi\u00e8me partie de notre visite vid\u00e9o de Saint-Germain-des-Pr\u00e9s\" href=\"https:\/\/www.nyhabitat.com\/fr\/blog\/2011\/05\/26\/video-saint-germain-pres-part-3\/\">troisi\u00e8me partie de notre visite vid\u00e9o de Saint-Germain-des-Pr\u00e9s<\/a>.<\/p>\n<p style=\"text-align: center;\"><object width=\"592\" height=\"358\" classid=\"clsid:d27cdb6e-ae6d-11cf-96b8-444553540000\" codebase=\"http:\/\/download.macromedia.com\/pub\/shockwave\/cabs\/flash\/swflash.cab#version=6,0,40,0\"><param name=\"allowFullScreen\" value=\"true\" \/><param name=\"allowscriptaccess\" value=\"always\" \/><param name=\"src\" value=\"https:\/\/www.youtube.com\/v\/OQsqgIsq8w0&amp;hl=en_US&amp;fs=1\" \/><param name=\"allowfullscreen\" value=\"true\" \/><embed width=\"592\" height=\"358\" type=\"application\/x-shockwave-flash\" src=\"https:\/\/www.youtube.com\/v\/OQsqgIsq8w0&amp;hl=en_US&amp;fs=1\" allowFullScreen=\"true\" allowscriptaccess=\"always\" allowfullscreen=\"true\" \/><\/object><br \/>\nVisite Guid\u00e9e en Vid\u00e9o &#8211; Saint-Germain-des-Pr\u00e9s, Paris, France &#8211; 1\u00e8re Partie (7:06)<\/p>\n<p>Ce quartier, situ\u00e9 juste au sud de la Seine et \u00e0 l\u2019ouest du Quartier Latin, \u00e9tait autrefois occup\u00e9 par un grand monast\u00e8re et un petit bourg.<br \/>\nLe nom \u00ab <a title=\"Articles sur Saint-Germain-des-Pr\u00e9s \u00e0 Paris : activit\u00e9s, conseils et astuces pour organiser votre viste\" href=\"https:\/\/www.nyhabitat.com\/fr\/blog\/category\/paris\/sejour-voyage-paris\/quartiers-paris\/saint-germain\/\">Saint-Germain-des-Pr\u00e9s<\/a> \u00bb d\u00e9crivait parfaitement le paysage de l\u2019\u00e9poque, en dehors des murs de la ville.<!--more--><\/p>\n<p>Le monast\u00e8re fut fond\u00e9 en 532 par Childebert, le second roi de France. Bien que de venu riche et puissant, le monast\u00e8re ne surv\u00e9cut aux raids Viking du 9\u00e8me si\u00e8cle. Les moines camp\u00e8rent dans les ruines jusqu\u2019en 990, quand le monast\u00e8re fut reconstruit par le roi Robert le Pieu.<\/p>\n<p>Le bourg situ\u00e9 entre le monast\u00e8re et la ville \u00e9tait tr\u00e8s vivant. Des th\u00e9\u00e2tres firent m\u00eame leur apparition. Au 17\u00e8me si\u00e8cle, la ville, devenue un centre artistique et litt\u00e9raire, avait d\u00e9j\u00e0 pu accueillir le premier op\u00e9ra de Lully, les premi\u00e8res pi\u00e8ces de Moli\u00e8re et la premi\u00e8re Com\u00e9die Fran\u00e7aise.<\/p>\n<p><strong><div class=\"img alignright size-full wp-image-7746\" style='width:300px;'>\n\t<img src=\"https:\/\/www.nyhabitat.com\/fr\/blog\/wp-content\/uploads\/2011\/03\/paris-saint-germain-des-pres.jpg\" alt=\"Paris Saint-Germain-des-Pr\u00e9s\" width=\"300\" height=\"295\" \/>\n\t<div>Paris Saint-Germain-des-Pr\u00e9s - Photo du caf\u00e9 &quot;Les Deux Magots&quot;<\/div>\n<\/div>Eglise Saint-Germain-des-Pr\u00e9s<\/strong> (3 place de l\u2019Eglise Saint-Germain-des-Pr\u00e9s)<\/p>\n<p>La construction de l\u2019\u00e9glise Saint-Germain-des-Pr\u00e9s, de style roman a commenc\u00e9 aux alentours de l\u2019an 1000, c\u2019est l\u2019une des plus anciennes de Paris. Les arches arrondies, les petites fen\u00eatres et les \u00e9pais murs du clocher sont typiques du style roman. Nous voyons l\u2019\u00e9glise, mais o\u00f9 est le monast\u00e8re ? Pendant la r\u00e9volution fran\u00e7aise, l\u2019\u00e9glise a servie de d\u00e9p\u00f4t de munition. La suite ? Vous l\u2019avez devin\u00e9e : les 15 tonnes de poudre ont explos\u00e9, d\u00e9truisant un flanc de l\u2019\u00e9glise. Il ne reste \u00e0 pr\u00e9sent que l\u2019\u00e9glise et le palais de l\u2019abb\u00e9.<\/p>\n<p>La Place et ses fameux Caf\u00e9s<br \/>\nLe quartier de Saint-Germain-des-Pr\u00e9s est rapidement devenu le rendez-vous des artistes, des intellectuels et des \u00e9crivains. D\u00e8s le 17\u00e8me si\u00e8cle le village a accueilli des \u00e9crivains comme Racine ou La Rochefoucauld. Au 19\u00e8me si\u00e8cle des peintres comme Delacroix ou Manet et des \u00e9crivains comme Balzac se sont \u00e9galement install\u00e9s ici, tout comme Benjamin Franklin et Oscar Wilde. Dans les ann\u00e9es 1920, de nombreux am\u00e9ricains ont \u00e9t\u00e9 attir\u00e9s par le charme de ce quartier. M\u00eame Hemingway et sa femme ont habit\u00e9 ici et Henry Miller s\u2019y trouvait souvent \u00e9galement. Plus tard, Picasso \u00e0 d\u00e9m\u00e9nag\u00e9 ici et c&rsquo;est ici qu&rsquo;il a peint Guernica.<\/p>\n<p>La vie ici est regroup\u00e9e au centre de la place en face de l\u2019\u00e9glise et dans 3 fameux caf\u00e9s des alentours. La place est un lieu de rendez-vous populaire, on y retrouve souvent des musiciens et des sculptures expos\u00e9es. Chaque ann\u00e9e se tient un festival de Jazz et un petit march\u00e9 de No\u00ebl.<\/p>\n<p>Les trois caf\u00e9s sont situ\u00e9s sur la droite, sur le Boulevard. Autrefois fr\u00e9quent\u00e9s par des artistes et des intellectuels, ils sont toujours aussi populaires.<\/p>\n<p><strong>Les Deux Magots<\/strong> (6 place de L\u2019Eglise Saint-Germain-des-Pr\u00e9s)<br \/>\nLes Deux Magots, 6 place de L\u2019Eglise Saint-Germain-des-Pr\u00e9s, tient son nom des deux statues chinoises expos\u00e9es \u00e0 l\u2019int\u00e9rieur depuis l\u2019\u00e9poque o\u00f9 le caf\u00e9 \u00e9tait une boutique de soie. A son ouverture, ce caf\u00e9 \u00e9tait le favori de po\u00e8tes comme Verlaine et Rimbaud. Dans les ann\u00e9es 1930, Picasso aimait \u00e9galement venir ici. Vers la fin des ann\u00e9es 1930, le caf\u00e9 \u00e9tait fr\u00e9quent\u00e9 par le philosophe existentialiste Jean Paul Sartre et les \u00e9crivains Camus et Pr\u00e9vert.<\/p>\n<p><strong>Caf\u00e9 de Flore<\/strong> (172 Boulevard Saint-Germain)<br \/>\nUne fois le caf\u00e9 est devenu l\u2019un des favoris des occupants allemands \u00e0 Paris, Sartre et ses coll\u00e8gues l\u2019abandonn\u00e8rent pour le Caf\u00e9 de Flore un p\u00e2t\u00e9 de maisons plus loin au 172 Boulevard Saint-Germain. Le propri\u00e9taire leur mettait \u00e0 disposition le premier \u00e9tage pour s\u2019asseoir, siroter un caf\u00e9 et \u00e9crire. C\u2019est ici que Sartre \u00e0 \u00e9crit son fameux trait\u00e9 : L\u2019\u00eatre et le n\u00e9ant<\/p>\n<p><strong>Brasserie Lipp<\/strong> (151 Boulevard St-Germain)<br \/>\nL\u2019autre fameux lieu pour s\u2019arr\u00eater boire un coup est la Brasserie Lipp, de l\u2019autre cot\u00e9 de la rue au 151 Boulevard St-Germain. Il \u00e9tait appr\u00e9ci\u00e9 des po\u00e8tes Andr\u00e9 Gide et Paul Val\u00e9ry dans les ann\u00e9es 1920 et c\u2019est ici qu\u2019Hemingway \u00e0 \u00e9crit A Farewell to Arms. Cette brasserie a par la suite attir\u00e9 des \u00e9diteurs et c\u2019est \u00e0 pr\u00e9sent le repaire de nombreux journalistes et politiciens.<\/p>\n<p>Faites une pause dans l\u2019un de ces caf\u00e9s pour vous m\u00ealer \u00e0 l\u2019\u00e9lite des intellectuels parisiens, mais prenez garde aux prix, qui sont eux aussi des prix \u00ab d\u2019\u00e9lite \u00bb.<\/p>\n<p>Bien sur, la meilleure fa\u00e7on de socialiser avec l\u2019\u00e9lite intellectuelle parisienne est de vivre comme un local, en louant un appartement meubl\u00e9 au c\u0153ur de ce fameux quartier. New York Habitat offre des locations meubl\u00e9es \u00e0 Saint-Germain-des-Pr\u00e9s et partout dans Paris. La meilleure mani\u00e8re de s\u2019impr\u00e9gner de l\u2019ambiance Parisienne est d\u2019habiter dans un appartement parisien.<\/p>\n<p>Jetez un \u0153il \u00e0 cet <a title=\"Location de Vacances \u00e0 Paris : T2 - Saint Germain des Pr\u00e9s\" href=\"https:\/\/www.nyhabitat.com\/fr\/paris-appartement\/saisonniere-vacances\/3151\">appartement T2 situ\u00e9 au c\u0153ur du quartier de Saint-Germain-des-Pr\u00e9s \u00e0 Paris (PA-3151)<\/a>. Il se trouve au 2\u00e8me \u00e9tage d\u2019un immeuble avec ascenseur et dispose de nombreux \u00e9quipements modernes avec entre autres le c\u00e2ble et internet en WIFI. L\u2019appartement dispose \u00e9galement d\u2019une salle de bain, de toilettes s\u00e9par\u00e9s et d\u2019une machine \u00e0 laver !<\/p>\n<div class=\"img alignright size-full wp-image-7747\" style='width:300px;'>\n\t<img src=\"https:\/\/www.nyhabitat.com\/fr\/blog\/wp-content\/uploads\/2011\/03\/paris-saint-germain-des-pres-1-bedroom-apartment.jpg\" alt=\"Paris Saint-Germain-des-Pr\u00e9s - Location de Vacances T2 (PA-3316)\" width=\"300\" height=\"225\" \/>\n\t<div>Paris Saint-Germain-des-Pr\u00e9s - Location de Vacances T2 (PA-3316)<\/div>\n<\/div>Vous aimerez peut-\u00eatre cet <a href=\"https:\/\/www.nyhabitat.com\/fr\/paris-appartement\/saisonniere-vacances\/3025\">appartement T3 \u00e0 Saint-Germain-des-Pr\u00e9s, Paris (PA-3025)<\/a> qui offre le luxe d&rsquo;une machine \u00e0 laver. La location de vacances se trouve au 6<sup>\u00e8me<\/sup> \u00e9tage d&rsquo;un immeuble remis au go\u00fbt du jour. L&rsquo;appartement poss\u00e8de le c\u00e2ble satellite, Internet et bien s\u00fbr, une cuisine enti\u00e8rement \u00e9quip\u00e9e! Vous pouvez m\u00eame profiter du magnifique balcon duquel vous pouvez admirer Paris!<\/p>\n<p>Ou alors, il y a \u00e9galement ce <a title=\"Apartment meubl\u00e9 \u00e0 Paris : Studio T1 - Saint Germain des Pr\u00e9s\" href=\"https:\/\/www.nyhabitat.com\/fr\/paris-appartement\/saisonniere-vacances\/3966\">studio meubl\u00e9 \u00e0 Paris, toujours dans le quartier de Saint-Germain-des-Pr\u00e9s (PA-3966)<\/a> \u00e0 quelques pas seulement de nombreux caf\u00e9s et de restaurants, comme par exemple Les Deux Magots. Ce studio dispose d\u2019un espace chambre en mezzanine qui permet de profiter d\u2019un grand salon avec vue sur cour et cuisine \u00e9quip\u00e9e.<\/p>\n<p><strong>The Institut de France<\/strong> (23 quai Conti)<br \/>\nApr\u00e8s avoir pris un expresso et un croissant, vous serez pr\u00eat \u00e0 explorer \u00e0 d&rsquo;autres parties de Saint-Germain-des-Pr\u00e9s. Notre dernier arr\u00eat dans ce premier \u00e9pisode est l&rsquo;Institut de France.<\/p>\n<p>L\u2019institut de France au 23 quai Conti, avec son d\u00f4me distinctif, a \u00e9t\u00e9 construit au 17\u00e8me si\u00e8cle pour le premier ministre de Louis XIV, Mazarin. C\u2019est \u00e0 pr\u00e9sent l\u2019Institut Fran\u00e7ais, quartier g\u00e9n\u00e9ral des 5 acad\u00e9mies fran\u00e7aises des arts et des sciences. La plus connue d\u2019entre elles est l\u2019Acad\u00e9mie Fran\u00e7aise, qui r\u00e9gule la langue fran\u00e7aise. Ils mettent constamment \u00e0 jour les mots et expressions fran\u00e7aises autoris\u00e9es, chaque ann\u00e9e quelques mots venus de l\u2019anglais s\u2019invitent dans le dictionnaire comme \u00ab surfing \u00bb ou \u00ab chewing-gum \u00bb.<\/p>\n<p>J\u2019esp\u00e8re que vous avez appr\u00e9ci\u00e9 le quartier de Saint-Germain-des-Pr\u00e9s, o\u00f9 se c\u00f4toient la culture et l\u2019histoire. Il y a tellement de choses \u00e0 voir que nous n\u2019avons pas pu tout vous montrer dans notre vid\u00e9o de St-Germain, donc il y aura encore deux \u00e9pisodes qui sortiront prochainement. Si vous avez des choses \u00e0 rajouter, assurez vous de laisser un commentaire dans la section ci-dessous.<\/p>\n<p>C\u2019\u00e9tait David Hill de New York Habitat. Nous esp\u00e9rons vous croiser bient\u00f4t en train de siroter votre caf\u00e9 comme tout bon parisien, au c\u0153ur de Saint-Germain-des-Pr\u00e9s.<\/p>\n","protected":false},"excerpt":{"rendered":"<p>Bonjour, c&rsquo;est David Hill de New York Habitat. Dans cette visite guid\u00e9e en vid\u00e9o, nous allons visiter aujourd\u2019hui un autre quartier anim\u00e9 de Paris &#8211;&#8230;<\/p>\n","protected":false},"author":1,"featured_media":0,"comment_status":"open","ping_status":"closed","sticky":false,"template":"","format":"standard","meta":[],"categories":[133,81],"tags":[],"_links":{"self":[{"href":"https:\/\/www.nyhabitat.com\/fr\/blog\/wp-json\/wp\/v2\/posts\/7743"}],"collection":[{"href":"https:\/\/www.nyhabitat.com\/fr\/blog\/wp-json\/wp\/v2\/posts"}],"about":[{"href":"https:\/\/www.nyhabitat.com\/fr\/blog\/wp-json\/wp\/v2\/types\/post"}],"author":[{"embeddable":true,"href":"https:\/\/www.nyhabitat.com\/fr\/blog\/wp-json\/wp\/v2\/users\/1"}],"replies":[{"embeddable":true,"href":"https:\/\/www.nyhabitat.com\/fr\/blog\/wp-json\/wp\/v2\/comments?post=7743"}],"version-history":[{"count":16,"href":"https:\/\/www.nyhabitat.com\/fr\/blog\/wp-json\/wp\/v2\/posts\/7743\/revisions"}],"predecessor-version":[{"id":7755,"href":"https:\/\/www.nyhabitat.com\/fr\/blog\/wp-json\/wp\/v2\/posts\/7743\/revisions\/7755"}],"wp:attachment":[{"href":"https:\/\/www.nyhabitat.com\/fr\/blog\/wp-json\/wp\/v2\/media?parent=7743"}],"wp:term":[{"taxonomy":"category","embeddable":true,"href":"https:\/\/www.nyhabitat.com\/fr\/blog\/wp-json\/wp\/v2\/categories?post=7743"},{"taxonomy":"post_tag","embeddable":true,"href":"https:\/\/www.nyhabitat.com\/fr\/blog\/wp-json\/wp\/v2\/tags?post=7743"}],"curies":[{"name":"wp","href":"https:\/\/api.w.org\/{rel}","templated":true}]}}