{"id":7842,"date":"2011-05-24T16:30:59","date_gmt":"2011-05-24T20:30:59","guid":{"rendered":"https:\/\/www.nyhabitat.com\/fr\/blog\/?p=7842"},"modified":"2012-12-31T12:55:33","modified_gmt":"2012-12-31T16:55:33","slug":"mai-mois-art-musique-festival-film-cannes","status":"publish","type":"post","link":"https:\/\/www.nyhabitat.com\/fr\/blog\/2011\/05\/24\/mai-mois-art-musique-festival-film-cannes\/","title":{"rendered":"Mai est le mois de l\u2019art, de la musique et du festival du film de Cannes"},"content":{"rendered":"<div class=\"img alignright size-full wp-image-7843\" style='width:300px;'>\n\t<img src=\"https:\/\/www.nyhabitat.com\/fr\/blog\/wp-content\/uploads\/2011\/05\/bigstock_cannes_festival_3911319-300x200.jpg\" alt=\"Photo au Festival de Cannes dans le Sud de la France\" width=\"300\" height=\"200\" \/>\n\t<div>Photo: le festival de Cannes dans le Sud de la France<\/div>\n<\/div>\n<p>Le printemps sur la <a title=\"C\u00f4te d'Azur\" href=\"\/fr\/blog\/category\/sud-france\/sejour-voyage\/cote-azur\/\">C\u00f4te d\u2019Azur<\/a>, apr\u00e8s l\u2019accalmie hivernale et avant les hordes de l\u2019\u00e9t\u00e9, est un concept auquel il est tr\u00e8s dur de r\u00e9sister. Ajoutez \u00e0 cela un des \u00e9v\u00e9nements culturels les plus importants au monde, et vous obtenez un cocktail id\u00e9al. Bien qu\u2019il ait \u00e9t\u00e9 inaugur\u00e9 \u00e0 l\u2019automne 1946, le festival du film de Cannes fut rapidement d\u00e9plac\u00e9 au mois de mai afin de ne pas entrer en comp\u00e9tition avec le non moins prestigieux festival du film de Venise. Cette d\u00e9cision s\u2019av\u00e9ra un excellent choix. Au-del\u00e0 de quelques premi\u00e8res ann\u00e9es l\u00e9g\u00e8rement chaotiques, l\u2019\u00e9v\u00e9nement connut une croissance exponentielle pour rapidement devenir un lieu incontournable de l\u2019industrie cin\u00e9matographique internationale. On trouve en effet \u00e0 Cannes chaque ann\u00e9e des films venant de diff\u00e9rentes parties du monde, des acteurs ou r\u00e9alisateurs plus ou moins connus montant les c\u00e9l\u00e8bres marches, ainsi que des rues et des plages d\u00e9bordantes d\u2019autochtones ou de visiteurs r\u00eavant d\u2019apercevoir une c\u00e9l\u00e9brit\u00e9, ou d\u2019\u00eatre d\u00e9couvert(e) par un producteur en qu\u00eate de sa nouvelle star.<\/p>\n<p><strong>Cette ann\u00e9e, le festival de Cannes se d\u00e9roulera du 11 au 22 mai<\/strong>. Pour ceux que la magie du cin\u00e9ma ne touche pas, d\u2019autres activit\u00e9s existent. Vous pourrez par exemple profiter de la <strong>7\u00e8me nuit europ\u00e9enne<\/strong> des mus\u00e9es et vous rendre au mus\u00e9e de la Castre qui propose des animations de 18h \u00e0 minuit dans le ch\u00e2teau m\u00e9di\u00e9val qui lui sert d\u2019\u00e9crin.<!--more--><\/p>\n<p>Plus tard dans le mois, <strong>le 26, l\u2019association Vibrasong pr\u00e9sente son concert annuel de performances vocales pr\u00e9sent\u00e9es de mani\u00e8res les plus vari\u00e9es<\/strong>. Le lendemain, Cannes c\u00e9l\u00e8brera la F\u00eate des voisins, durant laquelle des f\u00eates de quartier sont organis\u00e9es entre voisins pour cr\u00e9er des liens autour d\u2019un verre de vin ou d\u2019un repas. M\u00eame si vous ne connaissez personne, l\u2019esprit convivial de cette c\u00e9l\u00e9bration devrait vous valoir de beaux souvenirs en perspective.<\/p>\n<p>Pour profiter de ces opportunit\u00e9s et bien d\u2019autres, ou bien pour l\u00e9zarder sans honte sur la plage, New York Habitat dispose de <a title=\"Appartaments a Cannes\" href=\"\/fr\/sud-france-appartement\/saisonniere-vacances\/cote-azur\/cannes\">locations de vacances ou meubl\u00e9es id\u00e9ales \u00e0 Cannes<\/a>, que vous soyez seul ou en groupe.<\/p>\n<p>Gr\u00e2ce \u00e0 son exposition vers le sud et \u00e0 sa terrasse donnant sur la M\u00e9diterran\u00e9e, notre <a title=\"Appartement \u00e0 Cannes: T2 - Cannes, C\u00f4te d'Azur (PR-709)\" href=\"\/fr\/sud-france-appartement\/saisonniere-vacances\/709\">appartement T2 en location meubl\u00e9e \u00e0 Cannes \u2013 C\u00f4te d\u2019Azur \u2013 PR 709<\/a> ne pourra pas vous d\u00e9cevoir. L\u2019appartement est situ\u00e9 dans la partie Ouest de la ville, et tout ce dont vous avez besoin se trouve au pas de votre porte.<\/p>\n<p>Si vous voyagez en groupe, notre <a title=\"Appartement dans le Sud de la France: T4 - Cannes, C\u00f4te d'Azur (PR-737)\" href=\"\/fr\/sud-france-appartement\/saisonniere-vacances\/737\">appartement T4 en location de vacances \u00e0 Cannes-Centre \u2013 PR 737<\/a> vous permettra de r\u00e9sider en plein centre-ville, \u00e0 quelques minutes de la Croisette et de ses h\u00f4tels et restaurants de luxe.<\/p>\n<p>Enfin, d\u00e9couvrez un lieu \u00e0 la fois vaste et flexible avec notre <a title=\"Appartement a Cannes: Studio T1 - Cannes, C\u00f4te d'Azur (PR-264)\" href=\"\/fr\/sud-france-appartement\/saisonniere-vacances\/264\">Studio en location meubl\u00e9e \u00e0 Cannes-Centre \u2013 PR 264<\/a> qui peut accueillir jusqu\u2019\u00e0 trois personnes, \u00e0 une rue \u00e0 peine de la Croisette. Vous pourrez aussi d\u00eener \u00e0 la belle \u00e9toile gr\u00e2ce \u00e0 votre propre terrasse.<\/p>\n<p>Quelles que soient vos raisons pour visiter Cannes, vous ne serez pas d\u00e9\u00e7us.<\/p>\n<p>Connaissez-vous d\u00e9j\u00e0 Cannes ? Dans ce cas, n\u2019h\u00e9sitez pas \u00e0 laisser vos commentaires ci-dessous.<\/p>\n","protected":false},"excerpt":{"rendered":"<p>Le printemps sur la C\u00f4te d\u2019Azur, apr\u00e8s l\u2019accalmie hivernale et avant les hordes de l\u2019\u00e9t\u00e9, est un concept auquel il est tr\u00e8s dur de r\u00e9sister&#8230;.<\/p>\n","protected":false},"author":1,"featured_media":0,"comment_status":"open","ping_status":"closed","sticky":false,"template":"","format":"standard","meta":[],"categories":[89],"tags":[],"_links":{"self":[{"href":"https:\/\/www.nyhabitat.com\/fr\/blog\/wp-json\/wp\/v2\/posts\/7842"}],"collection":[{"href":"https:\/\/www.nyhabitat.com\/fr\/blog\/wp-json\/wp\/v2\/posts"}],"about":[{"href":"https:\/\/www.nyhabitat.com\/fr\/blog\/wp-json\/wp\/v2\/types\/post"}],"author":[{"embeddable":true,"href":"https:\/\/www.nyhabitat.com\/fr\/blog\/wp-json\/wp\/v2\/users\/1"}],"replies":[{"embeddable":true,"href":"https:\/\/www.nyhabitat.com\/fr\/blog\/wp-json\/wp\/v2\/comments?post=7842"}],"version-history":[{"count":5,"href":"https:\/\/www.nyhabitat.com\/fr\/blog\/wp-json\/wp\/v2\/posts\/7842\/revisions"}],"predecessor-version":[{"id":9340,"href":"https:\/\/www.nyhabitat.com\/fr\/blog\/wp-json\/wp\/v2\/posts\/7842\/revisions\/9340"}],"wp:attachment":[{"href":"https:\/\/www.nyhabitat.com\/fr\/blog\/wp-json\/wp\/v2\/media?parent=7842"}],"wp:term":[{"taxonomy":"category","embeddable":true,"href":"https:\/\/www.nyhabitat.com\/fr\/blog\/wp-json\/wp\/v2\/categories?post=7842"},{"taxonomy":"post_tag","embeddable":true,"href":"https:\/\/www.nyhabitat.com\/fr\/blog\/wp-json\/wp\/v2\/tags?post=7842"}],"curies":[{"name":"wp","href":"https:\/\/api.w.org\/{rel}","templated":true}]}}