{"id":7856,"date":"2011-06-01T13:32:52","date_gmt":"2011-06-01T17:32:52","guid":{"rendered":"https:\/\/www.nyhabitat.com\/fr\/blog\/?p=7856"},"modified":"2014-03-18T17:17:49","modified_gmt":"2014-03-18T21:17:49","slug":"arles-mai-plongez-vous-dans-musique-histoire","status":"publish","type":"post","link":"https:\/\/www.nyhabitat.com\/fr\/blog\/2011\/06\/01\/arles-mai-plongez-vous-dans-musique-histoire\/","title":{"rendered":"Arles en mai : Plongez-vous dans la musique et l\u2019histoire"},"content":{"rendered":"<p>Personne ne viendra contester le fait qu\u2019assister \u00e0 un spectacle dans un cadre exceptionnel ajoute encore au plaisir du spectateur ; c\u2019est exactement ce qui vous attend si vous pouvez vous rendre dans la charmante <a title=\"Arles\" href=\"\/fr\/blog\/category\/sud-france\/sejour-voyage\/provence\/arles\/\">ville d\u2019Arles <\/a>pour assister au<strong> fameux festival de jazz du 15 au 21 mai<\/strong>. Apr\u00e8s des d\u00e9buts quelque peu anodins en 1996, l\u2019\u00e9v\u00e9nement a continuellement grandi et s\u2019est attach\u00e9 \u00e0 offrir le meilleur du jazz, que ce soit avec de jeunes musiciens prometteurs ou d\u2019autres plus \u00e9tablis. Restant \u00e0 l\u2019\u00e9cart de modes \u00e9ph\u00e9m\u00e8res, le festival est r\u00e9solument d\u00e9di\u00e9 \u00e0 faire d\u00e9couvrir les diff\u00e9rents styles de la musique jazz \u00e0 un public fait de jeunes convertis et de passionn\u00e9s de longue date. Bonus suppl\u00e9mentaire : l\u2019environnement unique de la chapelle du M\u00e9jan offre non seulement un cadre merveilleux, mais apporte aussi une r\u00e9elle proximit\u00e9 entre les musiciens et le public.<\/p>\n<div class=\"img alignright size-full wp-image-7857\" style='width:300px;'>\n\t<img src=\"https:\/\/www.nyhabitat.com\/fr\/blog\/wp-content\/uploads\/2011\/06\/bigstock_arles_1435152-300x200.jpg\" alt=\"Photo d'Arles, France\" width=\"300\" height=\"200\" \/>\n\t<div>Photo d'Arles, France<\/div>\n<\/div>\n<p>Une fois rassasi\u00e9s de rythmes jazz, ne manquez pas d\u2019explorer ce site class\u00e9 au <strong>patrimoine mondial de l\u2019UNESCO<\/strong>. Bien connue pour disposer du plus grand nombre de sites romains apr\u00e8s Rome, Arles a effectu\u00e9 un extraordinaire travail de pr\u00e9servation de ces monuments inestimables. Situ\u00e9e \u00e0 \u00e9gale distance de l\u2019Espagne et de l\u2019Italie, la ville \u00e9tait consid\u00e9r\u00e9e comme \u00ab <strong>La petite Rome des Gaules<\/strong> \u00bb sous l\u2019Empereur Constantin et son importance strat\u00e9gique \u00e0 cette \u00e9poque est toujours visible aujourd\u2019hui. Pour une d\u00e9couverte en d\u00e9tails de l\u2019architecture et du fonctionnement des thermes romains, du forum, de l\u2019amphith\u00e9\u00e2tre, des temples et davantage encore, ne manquez pas le Mus\u00e9e d\u00e9partemental de l\u2019Arles antique. Vous promener en ville reste cependant la meilleure mani\u00e8re de profiter de ces nombreux tr\u00e9sors historiques.<!--more--><\/p>\n<p>Pour une exp\u00e9rience r\u00e9ellement arl\u00e9sienne, rien ne vaut le fait de vivre avec les habitants. C\u2019est exactement ce que vous pourrez faire dans l\u2019une de nos nombreuses <a title=\"Arles: Location Vacances\" href=\"\/fr\/sud-france-appartement\/saisonniere-vacances\/provence\/arles\">locations de vacances<\/a>.<\/p>\n<p>Si tout ce que vous d\u00e9sirez est un pied-\u00e0-terre discret dans une rue calme, notre charmant petit <a title=\"Location de Vacances a Arles: Studio (PR-1024)\" href=\"\/fr\/sud-france-appartement\/saisonniere-vacances\/1024\">studio meubl\u00e9 en location de vacances \u00e0 Arles Centre \u2013 PR 1024<\/a>, au c\u0153ur du centre historique saura r\u00e9pondre \u00e0 toutes vos attentes.<\/p>\n<p>Pour un groupe plus large, vous ne pourrez vous tromper avec notre <a title=\"Location de Vacances: T4 - Arles, Provence (PR-915)\" href=\"\/fr\/sud-france-appartement\/saisonniere-vacances\/915\">appartement meubl\u00e9 T4 en location de vacances \u00e0 Arles Centre \u2013 PR 915<\/a>, au coin de la rue du fameux amphith\u00e9\u00e2tre, des ar\u00e8nes antiques et de la place du Forum. Tr\u00e8s clair avec de multiples touches rustiques, il dispose aussi d\u2019une petite terrasse avec une vue fantastique des ar\u00e8nes antiques, de la vieille ville et de la cha\u00eene de montagne des Alpilles.<\/p>\n<p>Une fois vous y \u00eatre rendus, vous n\u2019oublierez plus jamais Arles. Si vous avez eu l\u2019opportunit\u00e9 de d\u00e9couvrir cette charmante ville, n\u2019h\u00e9sitez pas \u00e0 partager vos impressions dans la section commentaires ci-dessous.<\/p>\n","protected":false},"excerpt":{"rendered":"<p>Personne ne viendra contester le fait qu\u2019assister \u00e0 un spectacle dans un cadre exceptionnel ajoute encore au plaisir du spectateur ; c\u2019est exactement ce qui&#8230;<\/p>\n","protected":false},"author":1,"featured_media":0,"comment_status":"open","ping_status":"closed","sticky":false,"template":"","format":"standard","meta":[],"categories":[103],"tags":[],"_links":{"self":[{"href":"https:\/\/www.nyhabitat.com\/fr\/blog\/wp-json\/wp\/v2\/posts\/7856"}],"collection":[{"href":"https:\/\/www.nyhabitat.com\/fr\/blog\/wp-json\/wp\/v2\/posts"}],"about":[{"href":"https:\/\/www.nyhabitat.com\/fr\/blog\/wp-json\/wp\/v2\/types\/post"}],"author":[{"embeddable":true,"href":"https:\/\/www.nyhabitat.com\/fr\/blog\/wp-json\/wp\/v2\/users\/1"}],"replies":[{"embeddable":true,"href":"https:\/\/www.nyhabitat.com\/fr\/blog\/wp-json\/wp\/v2\/comments?post=7856"}],"version-history":[{"count":7,"href":"https:\/\/www.nyhabitat.com\/fr\/blog\/wp-json\/wp\/v2\/posts\/7856\/revisions"}],"predecessor-version":[{"id":10401,"href":"https:\/\/www.nyhabitat.com\/fr\/blog\/wp-json\/wp\/v2\/posts\/7856\/revisions\/10401"}],"wp:attachment":[{"href":"https:\/\/www.nyhabitat.com\/fr\/blog\/wp-json\/wp\/v2\/media?parent=7856"}],"wp:term":[{"taxonomy":"category","embeddable":true,"href":"https:\/\/www.nyhabitat.com\/fr\/blog\/wp-json\/wp\/v2\/categories?post=7856"},{"taxonomy":"post_tag","embeddable":true,"href":"https:\/\/www.nyhabitat.com\/fr\/blog\/wp-json\/wp\/v2\/tags?post=7856"}],"curies":[{"name":"wp","href":"https:\/\/api.w.org\/{rel}","templated":true}]}}