{"id":7876,"date":"2011-06-22T16:55:14","date_gmt":"2011-06-22T20:55:14","guid":{"rendered":"https:\/\/www.nyhabitat.com\/fr\/blog\/?p=7876"},"modified":"2012-12-31T12:55:54","modified_gmt":"2012-12-31T16:55:54","slug":"art-histoire-et-plantes-tout-renait-en-juin-a-menton","status":"publish","type":"post","link":"https:\/\/www.nyhabitat.com\/fr\/blog\/2011\/06\/22\/art-histoire-et-plantes-tout-renait-en-juin-a-menton\/","title":{"rendered":"Art, Histoire et plantes, tout rena\u00eet en juin \u00e0 Menton"},"content":{"rendered":"<p><strong>La ville de<a title=\"Articles consacr\u00e9s \u00e0 Menton\" href=\"\/fr\/blog\/2011\/02\/09\/fetez-citron-menton\/\"> Menton<\/a>, id\u00e9alement situ\u00e9e sur la <a title=\"Informations concernant la C\u00f4te d'Azur\" href=\"\/fr\/blog\/category\/sud-france\/sejour-voyage\/cote-azur\/\">C\u00f4te d\u2019Azur<\/a>, a re\u00e7u tant de gr\u00e2ces, qu\u2019il serait impossible de toutes vous les r\u00e9v\u00e9ler ici. <\/strong>Cependant, la \u00ab Perle de France \u00bb, sait comment cultiver sa sublime beaut\u00e9 naturelle, sans avoir jamais l\u2019air ostentatoire. Maintenant que le printemps est bien install\u00e9 et que l\u2019\u00e9t\u00e9 approche \u00e0 grands pas, le mois de juin offre aux amateurs <strong>le 9\u00e8me Rendez-vous aux jardins,<\/strong> un \u00e9v\u00e9nement national organis\u00e9 par le Minist\u00e8re de la culture et la de la communication et l\u2019Association des parcs et jardins, et qui cette ann\u00e9e, aura pour th\u00e8me le jardin nourricier.<\/p>\n<div class=\"img alignright size-full wp-image-7877\" style='width:300px;'>\n\t<img src=\"https:\/\/www.nyhabitat.com\/fr\/blog\/wp-content\/uploads\/2011\/06\/istock_000012235673xsmall-300x200.jpg\" alt=\"Photo: Menton, France\" width=\"300\" height=\"200\" \/>\n\t<div>Photo: Menton, France<\/div>\n<\/div>Menton a m\u00eame d\u00e9cid\u00e9 d\u2019aller encore plus loin et de faire du <strong>mois de juin le Mois des jardins<\/strong>. Cela signifie que tous les espaces verts de Menton seront par\u00e9s de leurs plus beaux atours et s\u2019offriront aux visiteurs gr\u00e2ce \u00e0 de nombreuses visites guid\u00e9es, spectacles, expositions, ainsi que des activit\u00e9s pour les enfants.<\/p>\n<p>Les principaux jardins publics incluent le jardin Serre de la Madone, le jardin Val Rahmeh, le jardin Maria Serena, le jardin Fontana Rosa et le jardin Palais Carnol\u00e8s. P\u00e9n\u00e9trez dans n\u2019importe lequel de ces jardins et vous vous retrouverez dans un havre de s\u00e9r\u00e9nit\u00e9, entour\u00e9s de plantes luxuriantes, de raret\u00e9s exotiques, de couleurs vives, ainsi que d\u2019occasionnelles fontaines ou statues, tout cela arrang\u00e9 avec harmonie pour s\u00e9duire les amoureux de la nature et les visiteurs venus pour la d\u00e9couverte.<!--more--><\/p>\n<p>Vous pouvez aussi r\u00e9server des visites guid\u00e9es dans de nombreux jardins priv\u00e9s tels que <strong>les Colombi\u00e8res et le Clos du Peyronnet<\/strong>, ou bien profiter de balades langoureuses le long des nombreux arbres et autres parterres de fleurs qui bordent les rues de la ville. Entre les b\u00e2timents historiques, de remarquables mus\u00e9es et de superbes plages, vous ne vous ennuierez jamais et pourrez d\u00e9couvrir de vous-m\u00eame pourquoi la ville a re\u00e7u de si nombreux prix li\u00e9s aux fleurs.<\/p>\n<div class=\"img alignleft size-full wp-image-7878\" style='width:300px;'>\n\t<img src=\"https:\/\/www.nyhabitat.com\/fr\/blog\/wp-content\/uploads\/2011\/06\/bigstock_menton___743484-300x214.jpg\" alt=\"Photo de fleurs \u00e0 Menton, France\" width=\"300\" height=\"214\" \/>\n\t<div>Photo de fleurs \u00e0 Menton, France<\/div>\n<\/div>Vivre (presque) comme un local est le meilleur moyen de d\u00e9couvrir un endroit et New York Habitat dispose de <a title=\"Locations de vacances sur la C\u00f4te d'Azur\" href=\"\/fr\/sud-france-appartement\/saisonniere-vacances\/cote-azur\">locations de vacances<\/a> meubl\u00e9es disponibles dans la ville voisine de Roquebrune-Cap-Martin. Le chemin entre cette populaire cit\u00e9 lacustre et Menton peut-\u00eatre fait \u00e0 pied, et la ville se trouve \u00e0 proximit\u00e9 de Monaco.<\/p>\n<p>Pour un petit groupe, notre charmant <a title=\"Appartment dans le Sud de la France: T2 - Roquebrune Cap Martin, C\u00f4te d'Azur (PR-699)\" href=\"\/fr\/sud-france-appartement\/saisonniere-vacances\/699\">appartement T2, enti\u00e8rement meubl\u00e9 et en location de vacances, \u00e0 Roquebrune, C\u00f4te d\u2019Azur \u2013 PR 699<\/a> \u2013 vous offre tout le confort moderne et m\u00eame plus (pour les amateurs de piano). L\u2019appartement est id\u00e9alement situ\u00e9 en bord de mer.<\/p>\n<p>D\u00e9sirez-vous un lieu plus grand ? Notre luxueux<a title=\"Appartment dans le Sud de la France: T3 - Roquebrune Cap Martin, C\u00f4te d'Azur (PR-1015)\" href=\"\/fr\/sud-france-appartement\/saisonniere-vacances\/1015\"> appartement T3, enti\u00e8rement meubl\u00e9 et en location de vacances, \u00e0 Roquebrune, C\u00f4t\u00e9 d\u2019Azur \u2013 PR1015<\/a> \u2013 peut accueillir jusqu\u2019\u00e0 six personnes, dans un cadre ensoleill\u00e9. Tout ce dont vous avez besoin se trouve au coin de la rue, et les plages ne sont pas loin.<\/p>\n<p>Connaissez-vous d\u00e9j\u00e0 Menton ou Roquebrune ? N\u2019h\u00e9sitez pas \u00e0 partager vos impressions avec nous ci-dessous.<\/p>\n","protected":false},"excerpt":{"rendered":"<p>La ville de Menton, id\u00e9alement situ\u00e9e sur la C\u00f4te d\u2019Azur, a re\u00e7u tant de gr\u00e2ces, qu\u2019il serait impossible de toutes vous les r\u00e9v\u00e9ler ici. Cependant,&#8230;<\/p>\n","protected":false},"author":1,"featured_media":0,"comment_status":"open","ping_status":"closed","sticky":false,"template":"","format":"standard","meta":[],"categories":[62,47],"tags":[],"_links":{"self":[{"href":"https:\/\/www.nyhabitat.com\/fr\/blog\/wp-json\/wp\/v2\/posts\/7876"}],"collection":[{"href":"https:\/\/www.nyhabitat.com\/fr\/blog\/wp-json\/wp\/v2\/posts"}],"about":[{"href":"https:\/\/www.nyhabitat.com\/fr\/blog\/wp-json\/wp\/v2\/types\/post"}],"author":[{"embeddable":true,"href":"https:\/\/www.nyhabitat.com\/fr\/blog\/wp-json\/wp\/v2\/users\/1"}],"replies":[{"embeddable":true,"href":"https:\/\/www.nyhabitat.com\/fr\/blog\/wp-json\/wp\/v2\/comments?post=7876"}],"version-history":[{"count":6,"href":"https:\/\/www.nyhabitat.com\/fr\/blog\/wp-json\/wp\/v2\/posts\/7876\/revisions"}],"predecessor-version":[{"id":7972,"href":"https:\/\/www.nyhabitat.com\/fr\/blog\/wp-json\/wp\/v2\/posts\/7876\/revisions\/7972"}],"wp:attachment":[{"href":"https:\/\/www.nyhabitat.com\/fr\/blog\/wp-json\/wp\/v2\/media?parent=7876"}],"wp:term":[{"taxonomy":"category","embeddable":true,"href":"https:\/\/www.nyhabitat.com\/fr\/blog\/wp-json\/wp\/v2\/categories?post=7876"},{"taxonomy":"post_tag","embeddable":true,"href":"https:\/\/www.nyhabitat.com\/fr\/blog\/wp-json\/wp\/v2\/tags?post=7876"}],"curies":[{"name":"wp","href":"https:\/\/api.w.org\/{rel}","templated":true}]}}