{"id":7905,"date":"2011-07-21T14:29:28","date_gmt":"2011-07-21T18:29:28","guid":{"rendered":"https:\/\/www.nyhabitat.com\/fr\/blog\/?p=7905"},"modified":"2012-12-31T12:57:26","modified_gmt":"2012-12-31T16:57:26","slug":"14-juillet-nice-defile-musique-danse-feux-artifice","status":"publish","type":"post","link":"https:\/\/www.nyhabitat.com\/fr\/blog\/2011\/07\/21\/14-juillet-nice-defile-musique-danse-feux-artifice\/","title":{"rendered":"Le 14 juillet \u00e0 Nice : D\u00e9fil\u00e9, musique, danse et feux d\u2019artifice"},"content":{"rendered":"<div class=\"img alignright size-full wp-image-7906\" style='width:300px;'>\n\t<img src=\"https:\/\/www.nyhabitat.com\/fr\/blog\/wp-content\/uploads\/2011\/07\/istock_000002055106xsmall-300x199.jpg\" alt=\"Plages \u00e0 Nice\" width=\"300\" height=\"199\" \/>\n\t<div>Plages \u00e0 Nice<\/div>\n<\/div>\n<p>Nich\u00e9e dans la sublime Baie des anges,<strong><a title=\"Articles consacr\u00e9s \u00e0 Nice\" href=\"\/fr\/blog\/category\/sud-france\/sejour-voyage\/cote-azur\/nice\/\">Nice<\/a> est l\u2019une des premi\u00e8res attractions de la<a title=\"Informations sur la C\u00f4te d'Azur\" href=\"\/fr\/blog\/category\/sud-france\/sejour-voyage\/cote-azur\/\"> C\u00f4te d\u2019Azur<\/a> depuis plusieurs si\u00e8cles<\/strong>. Cependant, la ville ne se repose pas sur ses lauriers et reste aussi l\u2019une des agglom\u00e9rations les plus vivantes de France. Ainsi, lorsque le 14 juillet pointe son nez, Nice brille encore de tous ses feux avec, d\u2019abord, la <strong>traditionnelle parade militaire<\/strong>, puis du vrai divertissement avec pas <strong>moins de quatre f\u00eates qui se tiennent \u00e0 quatre endroits diff\u00e9rents de la Promenade des anglais de 21h \u00e0 minuit-et-demi<\/strong>.<\/p>\n<p>Les quatre th\u00e8mes ne sauraient \u00eatre plus dissemblables tout en repr\u00e9sentant quatre facettes de la culture fran\u00e7aise : <strong>Riri Biagini se produira au Kiosque<\/strong> \u00e0 musique en r\u00e9jouissant un public plut\u00f4t traditionnel. <strong>DJ Denis se chargera de mettre l\u2019ambiance pour un public \u00e9lectro<\/strong> au coin de l\u2019avenue des phoc\u00e9ens et du quai des \u00c9tats-Unis. <strong>Azur Big Band apportera la touche Jazz et Swing<\/strong> au coin de la rue du Congr\u00e8s et du Palais de la M\u00e9diterran\u00e9e.<strong> Enfin, la musique pop fran\u00e7aise<\/strong> sera reine sur la rue Cronstadt ainsi qu\u2019au fameux palace Negresco.<!--more--><\/p>\n<p>Cependant, toutes les f\u00eates du monde ne sauraient faire oublier l\u2019essence du 14 juillet : le feu d\u2019artifice. Il sera tir\u00e9 depuis la mer \u00e0 22h, juste en face du casino Ruhl. Cette ann\u00e9e, le th\u00e8me sera le 40\u00e8me anniversaire du premier homme sur la lune, avec une cr\u00e9ation unique de 20 minutes autour du concept d\u2019espace.<\/p>\n<p>Vous \u00eates d\u00e9j\u00e0 en train de pr\u00e9parer vos valises ? Alors, tout ce qu\u2019il vous reste \u00e0 faire est de jeter un \u0153il \u00e0 quelques <a title=\"Locations de vacances \u00e1 Nice\" href=\"\/fr\/sud-france-appartement\/saisonniere-vacances\/cote-azur\/nice\">locations de vacances \u00e0 Nice<\/a> afin de trouver celle qui vous conviendra. Ainsi, vous serez sur la route d\u2019une exp\u00e9rience inoubliable sans m\u00eame avoir eu le temps de dire ouf.<\/p>\n<p>Pour vivre la vie d\u2019un vrai ni\u00e7ois, rien ne vaut notre vaste <a title=\"Location de Vacances \u00e0 Nice : T2 - Nice, C\u00f4te d'Azur (PR-798)\" href=\"\/fr\/sud-france-appartement\/saisonniere-vacances\/798\">appartement T2 enti\u00e8rement meubl\u00e9, en location de vacances \u00e0 Nice \u2013 Vieille Ville (PR-798)<\/a>. De l\u00e0, vous pourrez explorer le fameux Vieux Nice.<\/p>\n<p>Si vous venez en nombre, notre <a title=\"Location de Vacances \u00e0 Nice: T3 - Nice, C\u00f4te d'Azur (PR-802)\" href=\"\/fr\/sud-france-appartement\/saisonniere-vacances\/802\">appartement T3, enti\u00e8rement meubl\u00e9, en location de vacances, \u00e0 Nice Centre (PR-802)<\/a> vos permettra d\u2019\u00eatre au c\u0153ur de la ville et de ses plaisirs.<\/p>\n<p>Et si vous \u00eates vraiment nombreux, notre <a title=\"Location de Vacances \u00e0 Nice: T4 - Nice, C\u00f4te d'Azur (PR-864)\" href=\"\/fr\/sud-france-appartement\/saisonniere-vacances\/864\">appartement T4, enti\u00e8rement meubl\u00e9, en location de vacances \u00e0 Nice Les Baumettes (PR-864) <\/a>offrira \u00e0 tous assez d\u2019espace ainsi qu\u2019une \u00e9norme terrasse depuis laquelle vous profiterez de vues incroyables de la mer, de la ville et des montagnes.<\/p>\n<p>Enfin, si vous vous devez de r\u00e9sider au bord de l\u2019irr\u00e9sistible M\u00e9diterran\u00e9e, notre Studio, enti\u00e8rement meubl\u00e9, en <a title=\"Location de Vacances \u00e0 Nice: Studio T1 - Nice, C\u00f4te d'Azur (PR-227)\" href=\"\/fr\/sud-france-appartement\/saisonniere-vacances\/227\">location de vacances \u00e0 Nice Vieux Port (PR-227)<\/a>, proche du charmant vieux port, sera id\u00e9al.<\/p>\n<p>Comme beaucoup de visiteurs en attesteront, Nice ne manquera pas de vous enchanter. Si vous connaissez d\u00e9j\u00e0 Nice, avez-vous des souvenirs \u00e0 partager avec nous ? N\u2019h\u00e9sitez pas \u00e0 laisser vos commentaires ci-dessous.<\/p>\n","protected":false},"excerpt":{"rendered":"<p>Nich\u00e9e dans la sublime Baie des anges,Nice est l\u2019une des premi\u00e8res attractions de la C\u00f4te d\u2019Azur depuis plusieurs si\u00e8cles. Cependant, la ville ne se repose&#8230;<\/p>\n","protected":false},"author":1,"featured_media":0,"comment_status":"open","ping_status":"closed","sticky":false,"template":"","format":"standard","meta":[],"categories":[88],"tags":[],"_links":{"self":[{"href":"https:\/\/www.nyhabitat.com\/fr\/blog\/wp-json\/wp\/v2\/posts\/7905"}],"collection":[{"href":"https:\/\/www.nyhabitat.com\/fr\/blog\/wp-json\/wp\/v2\/posts"}],"about":[{"href":"https:\/\/www.nyhabitat.com\/fr\/blog\/wp-json\/wp\/v2\/types\/post"}],"author":[{"embeddable":true,"href":"https:\/\/www.nyhabitat.com\/fr\/blog\/wp-json\/wp\/v2\/users\/1"}],"replies":[{"embeddable":true,"href":"https:\/\/www.nyhabitat.com\/fr\/blog\/wp-json\/wp\/v2\/comments?post=7905"}],"version-history":[{"count":7,"href":"https:\/\/www.nyhabitat.com\/fr\/blog\/wp-json\/wp\/v2\/posts\/7905\/revisions"}],"predecessor-version":[{"id":7974,"href":"https:\/\/www.nyhabitat.com\/fr\/blog\/wp-json\/wp\/v2\/posts\/7905\/revisions\/7974"}],"wp:attachment":[{"href":"https:\/\/www.nyhabitat.com\/fr\/blog\/wp-json\/wp\/v2\/media?parent=7905"}],"wp:term":[{"taxonomy":"category","embeddable":true,"href":"https:\/\/www.nyhabitat.com\/fr\/blog\/wp-json\/wp\/v2\/categories?post=7905"},{"taxonomy":"post_tag","embeddable":true,"href":"https:\/\/www.nyhabitat.com\/fr\/blog\/wp-json\/wp\/v2\/tags?post=7905"}],"curies":[{"name":"wp","href":"https:\/\/api.w.org\/{rel}","templated":true}]}}