{"id":8074,"date":"2011-11-25T12:07:23","date_gmt":"2011-11-25T16:07:23","guid":{"rendered":"https:\/\/www.nyhabitat.com\/fr\/blog\/?p=8074"},"modified":"2012-12-31T13:02:32","modified_gmt":"2012-12-31T17:02:32","slug":"decouvrez-art-de-vivre-provence-arles","status":"publish","type":"post","link":"https:\/\/www.nyhabitat.com\/fr\/blog\/2011\/11\/25\/decouvrez-art-de-vivre-provence-arles\/","title":{"rendered":"D\u00e9couvrez \u00ab L\u2019Art de vivre en Provence \u00bb \u00e0 Arles"},"content":{"rendered":"<div class=\"img alignright size-full wp-image-8075\" style='width:300px;'>\n\t<img src=\"https:\/\/www.nyhabitat.com\/fr\/blog\/wp-content\/uploads\/2011\/11\/bigstock_building_in_arles_france_1928736-300x199.jpg\" alt=\"Arles\" width=\"300\" height=\"199\" \/>\n\t<div>Arles<\/div>\n<\/div>\n<p>Le nom \u00ab Provence \u00bb \u00a0\u00e9voque des myriades de plaisirs sans fin ; on y associe des paysages spectaculaires, des parfums enivrants, des couleurs chamarr\u00e9es, une cuisine d\u00e9licieuse, un climat doux, et plus encore. Cependant, ce vaste territoire peut intimider ceux qui le visitent pour la premi\u00e8re fois et se demandent o\u00f9 commencer, alors que les habitu\u00e9s \u00a0savent qu\u2019il y aura toujours quelque chose de nouveau \u00e0 d\u00e9couvrir. C\u2019est pourquoi l<strong>e festival L\u2019Art de vivre en Provence<\/strong> tombe \u00e0 pic et propose de \u00a0vous apprendre tout ce que vous aurez besoin de savoir sur la r\u00e9gion. Vous aurez accessoirement \u00a0la chance d\u2019y d\u00e9couvrir la charmante ville d\u2019Arles.<\/p>\n<p>C\u2019est en effet \u00e0 Arles que, du <strong>24 au 28 novembre 2011<\/strong>, cette immense foire proven\u00e7ale<strong> accueillera 150 exposants sur environ 3 800 m\u00e8tres carr\u00e9<\/strong>s ; le site comprend une aire de repos ainsi que quatre aires de restauration, et vous serez accueillis dans un monde magique qui vous fera d\u00e9buter la saison des f\u00eates en beaut\u00e9. Vous pourrez go\u00fbter \u00a0aux nombreuses <strong>sp\u00e9cialit\u00e9s locales<\/strong> telles que le sel de Camargue, l\u2019agneau des Alpilles, le fromage de ch\u00e8vre et la p\u00e2te d\u2019amandes, tout en d\u00e9gustant des vins l\u00e9gers mais m\u00e9morables. Votre palais en sera chang\u00e9 \u00e0 jamais.<!--more--><\/p>\n<p>Vous pourrez parler de leur travail avecdes artisans et des artistes, qu\u2019il s\u2019agisse de<strong> peinture,poterie ou joaillerie<\/strong>. Vous serez \u00e9merveill\u00e9s par \u00a0les fameuses senteurs proven\u00e7ales gr\u00e2ce aux <strong>savons, parfums et autres cosm\u00e9tiques<\/strong> des march\u00e9s, et vous pourrez en apprendre sur leur fabrication \u00a0de <strong>meubles sur mesure<\/strong>, m\u00eame si vous ne pourrez pas en glisser un dans vos bagages!.<\/p>\n<p>Pour profiter du festival, de la ville et de la campagne environnante, la premi\u00e8re \u00e9tape consiste \u00e0 choisir un parfait pied-\u00e0-terre parmi nos locations de vacances \u00e0 Arles.<\/p>\n<p>Si vous \u00eates un fana d\u2019Histoire romaine, vous ne trouverez pas mieux que notre <a title=\"Appartement dans le sud de la France: T4 - Arles, Provence (PR-915)\" href=\"\/fr\/sud-france-appartement\/saisonniere-vacances\/915\">appartement T4 meubl\u00e9 en location de vacances \u00e0 Arles \u2013 Centre \u2013 PR 915<\/a>, au c\u0153ur de la ville. Avec desmurs blancs, un plafond en bois et une chemin\u00e9e impressionnante, il d\u00e9gage un charme surann\u00e9 et propose un confort moderne. La vue depuis la terrasse finira de vous convaincre.<\/p>\n<p>A neuf kilom\u00e8tres de l\u00e0, nous disposons d\u2019une grande <a title=\"Location de Vacances a Arles (PR-642)\" href=\"\/fr\/sud-france-appartement\/saisonniere-vacances\/642\">location de vacances meubl\u00e9e T6 \u00e0 Raph\u00e8le-les-Arles\u2013 PR 642<\/a> qui dispose d\u2019une piscine et d\u2019un grand jardin pouvant accueillir jusqu\u2019\u00e0 10 personnes.<\/p>\n<p>Nous disposons d\u2019un autre<a title=\"Appartement a Maussane-les-Alpilles (PR-672)\" href=\"\/fr\/sud-france-appartement\/saisonniere-vacances\/672\"> mas typique \u00e0 \u2013 PR 672 ; il s\u2019agit d\u2019une location de vacances T5 dans la charmante ville de Maussane-les-Alpilles<\/a> o\u00f9 vous profiterez \u00e0 la fois des charmes de la r\u00e9gion et de la nature \u00a0gr\u00e2ce \u00e0 la fameuse chaine des Alpilles.<\/p>\n<p>Vous connaissez d\u00e9j\u00e0 la Provence? Si vous avez d\u00e9j\u00e0 visit\u00e9 Arles, n\u2019h\u00e9sitez pas \u00e0 laisser vos commentaires ci-dessous.<\/p>\n","protected":false},"excerpt":{"rendered":"<p>Le nom \u00ab Provence \u00bb \u00a0\u00e9voque des myriades de plaisirs sans fin ; on y associe des paysages spectaculaires, des parfums enivrants, des couleurs chamarr\u00e9es,&#8230;<\/p>\n","protected":false},"author":1,"featured_media":0,"comment_status":"open","ping_status":"closed","sticky":false,"template":"","format":"standard","meta":[],"categories":[103],"tags":[],"_links":{"self":[{"href":"https:\/\/www.nyhabitat.com\/fr\/blog\/wp-json\/wp\/v2\/posts\/8074"}],"collection":[{"href":"https:\/\/www.nyhabitat.com\/fr\/blog\/wp-json\/wp\/v2\/posts"}],"about":[{"href":"https:\/\/www.nyhabitat.com\/fr\/blog\/wp-json\/wp\/v2\/types\/post"}],"author":[{"embeddable":true,"href":"https:\/\/www.nyhabitat.com\/fr\/blog\/wp-json\/wp\/v2\/users\/1"}],"replies":[{"embeddable":true,"href":"https:\/\/www.nyhabitat.com\/fr\/blog\/wp-json\/wp\/v2\/comments?post=8074"}],"version-history":[{"count":4,"href":"https:\/\/www.nyhabitat.com\/fr\/blog\/wp-json\/wp\/v2\/posts\/8074\/revisions"}],"predecessor-version":[{"id":9380,"href":"https:\/\/www.nyhabitat.com\/fr\/blog\/wp-json\/wp\/v2\/posts\/8074\/revisions\/9380"}],"wp:attachment":[{"href":"https:\/\/www.nyhabitat.com\/fr\/blog\/wp-json\/wp\/v2\/media?parent=8074"}],"wp:term":[{"taxonomy":"category","embeddable":true,"href":"https:\/\/www.nyhabitat.com\/fr\/blog\/wp-json\/wp\/v2\/categories?post=8074"},{"taxonomy":"post_tag","embeddable":true,"href":"https:\/\/www.nyhabitat.com\/fr\/blog\/wp-json\/wp\/v2\/tags?post=8074"}],"curies":[{"name":"wp","href":"https:\/\/api.w.org\/{rel}","templated":true}]}}