{"id":8209,"date":"2012-02-24T09:28:56","date_gmt":"2012-02-24T13:28:56","guid":{"rendered":"https:\/\/www.nyhabitat.com\/fr\/blog\/?p=8209"},"modified":"2012-12-31T13:02:05","modified_gmt":"2012-12-31T17:02:05","slug":"partez-nice-carnaval-laissez-blues-hivernal-derriere","status":"publish","type":"post","link":"https:\/\/www.nyhabitat.com\/fr\/blog\/2012\/02\/24\/partez-nice-carnaval-laissez-blues-hivernal-derriere\/","title":{"rendered":"Partez \u00e0 Nice pour le Carnaval et laissez le blues hivernal derri\u00e8re vous"},"content":{"rendered":"<p>Lorsque l\u2019hiver semble ne jamais devoir s\u2019arr\u00eater et que vous avez besoin d\u2019un peu d\u2019entrain, il est difficile de ne pas penser \u00e0 la mer, au soleil et au divertissement, n\u2019est-ce pas ? Dans ce cas, l\u2019espoir pourrait bien r\u00e9sider en France : un des \u00e9v\u00e9nements les plus populaires sur la <strong>C\u00f4te d\u2019Azur<\/strong>, et une des plus grandes f\u00eates au monde, <strong>le Carnaval de Nice se tiendra cette ann\u00e9e du 17 f\u00e9vrier au 4 mars<\/strong>. \u00a0Son th\u00e8me sera \u00ab <strong>Roi des sports<\/strong> \u00bb, qui fait r\u00e9f\u00e9rence aux prochains jeux olympiques de Londres en 2012, ainsi qu\u2019au dynamisme de la cinqui\u00e8me ville la plus peupl\u00e9e de France.<\/p>\n<p>Connu pour son extravagance color\u00e9e, le <strong>Carnaval de Nice comprend diverses parades<\/strong>, pr\u00e9sentant un total de <strong>20 chars m\u00e9ticuleusement d\u00e9cor\u00e9s et \u00e9poustouflants visuellement qui prendront part \u00e0 la fameuse et attendue \u00ab Bataille des fleurs \u00bb<\/strong>. Comme le veut la tradition, il s\u2019agit du moment lors duquel <strong>d\u2019\u00e9l\u00e9gants personnages jettent des mimosas, gerberas et autres lys vers le public le long de la c\u00e9l\u00e8bre Promenade des anglais<\/strong>. Le soir, la <strong>parade des lumi\u00e8res illuminera<\/strong> le ciel de la ville et pourrait \u00eatre encore plus spectaculaire que les festivit\u00e9s diurnes. En tout, plus de 1000 musiciens et danseurs sauront divertir les foules dans diff\u00e9rents sites du c\u0153ur de Nice.<!--more--><\/p>\n<p>Si vous souhaitez voir autre chose que ce type de divertissement, pr\u00e9voyez d\u2019arriver quelques jours en avance ou de rester quelques jours apr\u00e8s afin de profiter du climat sans pareille de la ville, de sa situation id\u00e9ale et de ses irr\u00e9sistibles attractions telles que le <strong>march\u00e9 aux fleurs<\/strong> mondialement<strong> c\u00e9l\u00e8bre du Cours Saleya<\/strong>, la si pittoresque vieille ville, ou encore le nombre impressionnant de mus\u00e9es prestigieux.<\/p>\n<p>Cependant, il vous faudra d\u2019abord r\u00e9ussir \u00e0 choisir parmi les nombreuses locations de vacances enti\u00e8rement meubl\u00e9es offertes par New York Habitat et qui vous feront vous sentir comme un local.<\/p>\n<div class=\"img alignright size-full wp-image-8211\" style='width:225px;'>\n\t<img src=\"https:\/\/www.nyhabitat.com\/fr\/blog\/wp-content\/uploads\/2012\/02\/istock_000000935498xsmall-225x300.jpg\" alt=\"Photo : Carnaval \u00e0 Nice, France \" width=\"225\" height=\"300\" \/>\n\t<div>Photo : Carnaval \u00e0 Nice, France <\/div>\n<\/div>Pour un charmant petit nid, vous ne pourrez vous tromper avec notre<a title=\"Appartemnet dans le Sud de la France: Studio T1 - Nice, C\u00f4te d'Azur (PR-229)\" href=\"\/fr\/sud-france-appartement\/saisonniere-vacances\/229\"> Studio \u00e0 Nice Vieux Port \u2013 PR 229<\/a> sous les toits d\u2019un immeuble du 19\u00e8me. Offrant une belle vue des toits environnants et \u00e0 proximit\u00e9 du vieux port, vous trouverez tout ce que vous cherchez au pas de votre porte.<\/p>\n<p>Si vous souhaitez plus d\u2019espace, notre<a title=\"Appartement a Sud de la France: T2 - Nice, C\u00f4te d'Azur (PR-260)\" href=\"\/fr\/sud-france-appartement\/saisonniere-vacances\/260\"> appartement T2 en location de vacances \u00e0 Nice &#8211; Vielle Ville \u2013 PR260<\/a> saura vous satisfaire, particuli\u00e8rement \u00e9tant donn\u00e9 qu\u2019il dispose d\u2019une grande flexibilit\u00e9. Un appartement d\u00e9cor\u00e9 avec soin \u00e0 l\u2019int\u00e9rieur d\u2019un palais historique du 18\u00e8me, ce lieu dispose aussi d\u2019une situation id\u00e9ale \u00e0 proximit\u00e9 du march\u00e9 aux fleurs.<\/p>\n<p>Au centre-ville, nous disposons de cet <a title=\"Appartement T3 Appartement dans le Sud de la France Location de Vacances- Nice (PR-1104)\" href=\"\/fr\/sud-france-appartement\/saisonniere-vacances\/1104\">appartement T3 moderne en location de vacances \u00e0 Nice Centre \u2013 PR 1104<\/a> qui offre une machine \u00e0 laver, une jolie terrasse, beaucoup de luminosit\u00e9 et la plage \u00e0 proximit\u00e9.<\/p>\n<p>Pour un groupe plus nombreux, notre confortable<a title=\"Appartement t4 Location de vacances a Nice (PR-600)\" href=\"\/fr\/sud-france-appartement\/saisonniere-vacances\/600\"> appartement T4 en location de vacances \u00e0 Nice Vieux Port \u2013 PR 600<\/a> dispose de beaucoup d\u2019espace, de belles vues, avec une petite touche funky en plus. A une rue du vieux port, et \u00e0 10 minutes de la Promenade des anglais, vous n\u2019aurez aucun probl\u00e8me \u00e0 vous sentir comme chez vous dans le quartier.<\/p>\n<p>Avez-vous d\u00e9j\u00e0 \u00e9t\u00e9 \u00e0 Nice durant le festival ou lors d\u2019un moment plus calme ? Si oui, pourquoi ne pas partager vos souvenirs avec nous ci-dessous ?<\/p>\n","protected":false},"excerpt":{"rendered":"<p>Lorsque l\u2019hiver semble ne jamais devoir s\u2019arr\u00eater et que vous avez besoin d\u2019un peu d\u2019entrain, il est difficile de ne pas penser \u00e0 la mer,&#8230;<\/p>\n","protected":false},"author":1,"featured_media":0,"comment_status":"open","ping_status":"closed","sticky":false,"template":"","format":"standard","meta":[],"categories":[88,42],"tags":[],"_links":{"self":[{"href":"https:\/\/www.nyhabitat.com\/fr\/blog\/wp-json\/wp\/v2\/posts\/8209"}],"collection":[{"href":"https:\/\/www.nyhabitat.com\/fr\/blog\/wp-json\/wp\/v2\/posts"}],"about":[{"href":"https:\/\/www.nyhabitat.com\/fr\/blog\/wp-json\/wp\/v2\/types\/post"}],"author":[{"embeddable":true,"href":"https:\/\/www.nyhabitat.com\/fr\/blog\/wp-json\/wp\/v2\/users\/1"}],"replies":[{"embeddable":true,"href":"https:\/\/www.nyhabitat.com\/fr\/blog\/wp-json\/wp\/v2\/comments?post=8209"}],"version-history":[{"count":6,"href":"https:\/\/www.nyhabitat.com\/fr\/blog\/wp-json\/wp\/v2\/posts\/8209\/revisions"}],"predecessor-version":[{"id":8216,"href":"https:\/\/www.nyhabitat.com\/fr\/blog\/wp-json\/wp\/v2\/posts\/8209\/revisions\/8216"}],"wp:attachment":[{"href":"https:\/\/www.nyhabitat.com\/fr\/blog\/wp-json\/wp\/v2\/media?parent=8209"}],"wp:term":[{"taxonomy":"category","embeddable":true,"href":"https:\/\/www.nyhabitat.com\/fr\/blog\/wp-json\/wp\/v2\/categories?post=8209"},{"taxonomy":"post_tag","embeddable":true,"href":"https:\/\/www.nyhabitat.com\/fr\/blog\/wp-json\/wp\/v2\/tags?post=8209"}],"curies":[{"name":"wp","href":"https:\/\/api.w.org\/{rel}","templated":true}]}}