{"id":8355,"date":"2012-05-24T10:13:57","date_gmt":"2012-05-24T14:13:57","guid":{"rendered":"https:\/\/www.nyhabitat.com\/fr\/blog\/?p=8355"},"modified":"2012-12-31T13:06:58","modified_gmt":"2012-12-31T17:06:58","slug":"evenements-culturels-dolce-vita-cannes-gouts-printemps","status":"publish","type":"post","link":"https:\/\/www.nyhabitat.com\/fr\/blog\/2012\/05\/24\/evenements-culturels-dolce-vita-cannes-gouts-printemps\/","title":{"rendered":"\u00c9v\u00e9nements culturels ou Dolce Vita, Cannes en a pour tous les go\u00fbts ce printemps"},"content":{"rendered":"<div class=\"img alignright size-medium wp-image-8359\" style='width:300px;'>\n\t<img src=\"https:\/\/www.nyhabitat.com\/fr\/blog\/wp-content\/uploads\/2012\/05\/istock_000002127757xsmall-1-300x199.jpg\" alt=\" Photo : Port de Cannes de nuit\" width=\"300\" height=\"199\" \/>\n\t<div> Photo : Port de Cannes de nuit<\/div>\n<\/div>\n<p>Si vous cherchez une <strong>excuse pour vous rendre \u00e0 <a title=\"Cannes\" href=\"\/fr\/blog\/category\/sud-france\/sejour-voyage\/cote-azur\/cannes\/\">Cannes<\/a>, France<\/strong>, en ce moment, nous pouvons vous en donner deux :<strong> le Festival international du film de Cannes, du 16 au 27 mai, et le Festival international de la cr\u00e9ativit\u00e9 de Cannes, connu aussi sous le nom de Cannes Lions, du 13 au 27 juin.<\/strong><\/p>\n<p>Le prestigieux festival de Cannes, de loin le plus c\u00e9l\u00e8bre du monde, saura encore \u00e9merveiller les cin\u00e9philes en mai avec sa grande vari\u00e9t\u00e9 de s\u00e9lections telles que la comp\u00e9tition officielle, Un certain regard, la s\u00e9lection hors-comp\u00e9tition, les s\u00e9ances sp\u00e9ciales, les courts-m\u00e9trages, documentaires, classiques, hommages, ainsi que les films r\u00e9alis\u00e9s par les \u00e9tudiants de la cin\u00e9fondation.<!--more--><\/p>\n<p>Vous ne pourrez peut-\u00eatre pas acc\u00e9der \u00e0 tous ces \u00e9v\u00e9nements mais vous pourrez toujours profiter de l\u2019atmosph\u00e8re color\u00e9e ainsi que du doux soleil de mai sur la C\u00f4te-d\u2019Azur. Vous croiserez peut-\u00eatre des stars en vous promenant dans les rues de la ville, mais vous aurez probablement plus de succ\u00e8s dans les boutiques hupp\u00e9es de la c\u00e9l\u00e8bre Croisette.<\/p>\n<p>Si vous pr\u00e9f\u00e9rez les innovations au 7\u00e8me art, vous devrez alors patienter jusqu\u2019au mois de juin lorsque se tiendra, \u00e0 Cannes aussi,<strong> le plus grand \u00e9v\u00e9nement li\u00e9 \u00e0 la cr\u00e9ation dans le monde de la publicit\u00e9 et de la communication<\/strong>. Des milliers de d\u00e9l\u00e9gu\u00e9s venus de nombreux pays participeront \u00e0 des expositions, des ateliers, des s\u00e9minaires, des projections et des cours magistraux afin de rencontrer d\u2019autres professionnels et d\u2019en apprendre davantage sur la mani\u00e8re d\u2019aider les gens \u00e0 mieux communiquer.<\/p>\n<p>Dans un monde qui devient rapidement plus connect\u00e9 qu\u2019il ne l\u2019a jamais \u00e9t\u00e9, il s\u2019agit d\u2019une manifestation unique durant laquelle vous pourrez voir jusqu\u2019\u00e0 28 000 films avant que le vainqueur du tr\u00e8s convoit\u00e9 Lion ne soit choisit.<\/p>\n<p>Cependant, si votre vision des vacances est plut\u00f4t bas\u00e9e sur la paix et la tranquillit\u00e9, vous pouvez toujours vous rendre \u00e0 Cannes \u00e0 toute autre p\u00e9riode et profiter d\u2019un s\u00e9jour relaxant \u00e0 la plage et de d\u00e9licieux mets locaux dans les restaurants.<\/p>\n<p>Quel que soit votre pr\u00e9f\u00e9rence, nous disposons de la <a title=\"Location de Vacances a Cannes\" href=\"\/fr\/sud-france-appartement\/saisonniere-vacances\/cote-azur\/cannes\">location de vacances \u00e0 Cannes<\/a> qui vous conviendra.<\/p>\n<p>Pour une, deux ou trois personnes, notre grand <a title=\"Appartement dans le Sud de la France Location de Vacances Studio T1 - Cannes, C\u00f4te d'Azur (PR-264)\" href=\"\/fr\/sud-france-appartement\/saisonniere-vacances\/264\">Studio meubl\u00e9 \u00e0 Cannes Centre \u2013 PR 264<\/a> fera l\u2019affaire gr\u00e2ce \u00e0 son adaptabilit\u00e9, sans oublier sa situation id\u00e9ale \u00e0 une rue de la Croisette. Le balcon est un bonus suppl\u00e9mentaire qui peut \u00eatre appr\u00e9ci\u00e9 \u00e0 n\u2019importe quelle saison.<\/p>\n<p>Si vous souhaitez rester \u00e9loign\u00e9 du brouhaha urbain tout en profitant tout de m\u00eame de son confort, notre a<a title=\"Appartement dans le Sud de la France Location de Vacances T2 - Cannes, C\u00f4te d'Azur (PR-709)\" href=\"\/fr\/sud-france-appartement\/saisonniere-vacances\/709\">ppartement meubl\u00e9 T2 \u00e0 Cannes \u2013 PR 709<\/a> est pour vous. Une exposition sud ainsi qu\u2019une vue sur la mer rendent ce lieu encore plus attrayant.<\/p>\n<p>Pour un groupe, notre <a title=\"Appartement dans le Sud de la France Location de Vacances T4 - Cannes, C\u00f4te d'Azur (PR-737)\" href=\"\/fr\/sud-france-appartement\/saisonniere-vacances\/737\">appartement meubl\u00e9 T4 \u00e0 Cannes Centre \u2013 PR 737<\/a> vous attend en centre-ville, \u00e0 quelques minutes de la Croisette. Son look minimaliste et son balcon sauront vous s\u00e9duire.<\/p>\n<p>Quel que soit votre raison de vous rendre \u00e0 Cannes, vous ne serez pas d\u00e9\u00e7u. Avez-vous d\u00e9j\u00e0 \u00e9t\u00e9 \u00e0 Cannes et souhaitez-vous partager votre exp\u00e9rience ? Laissez un commentaire ci-dessous.<\/p>\n","protected":false},"excerpt":{"rendered":"<p>Si vous cherchez une excuse pour vous rendre \u00e0 Cannes, France, en ce moment, nous pouvons vous en donner deux : le Festival international du&#8230;<\/p>\n","protected":false},"author":1,"featured_media":0,"comment_status":"open","ping_status":"closed","sticky":false,"template":"","format":"standard","meta":[],"categories":[89],"tags":[],"_links":{"self":[{"href":"https:\/\/www.nyhabitat.com\/fr\/blog\/wp-json\/wp\/v2\/posts\/8355"}],"collection":[{"href":"https:\/\/www.nyhabitat.com\/fr\/blog\/wp-json\/wp\/v2\/posts"}],"about":[{"href":"https:\/\/www.nyhabitat.com\/fr\/blog\/wp-json\/wp\/v2\/types\/post"}],"author":[{"embeddable":true,"href":"https:\/\/www.nyhabitat.com\/fr\/blog\/wp-json\/wp\/v2\/users\/1"}],"replies":[{"embeddable":true,"href":"https:\/\/www.nyhabitat.com\/fr\/blog\/wp-json\/wp\/v2\/comments?post=8355"}],"version-history":[{"count":7,"href":"https:\/\/www.nyhabitat.com\/fr\/blog\/wp-json\/wp\/v2\/posts\/8355\/revisions"}],"predecessor-version":[{"id":9412,"href":"https:\/\/www.nyhabitat.com\/fr\/blog\/wp-json\/wp\/v2\/posts\/8355\/revisions\/9412"}],"wp:attachment":[{"href":"https:\/\/www.nyhabitat.com\/fr\/blog\/wp-json\/wp\/v2\/media?parent=8355"}],"wp:term":[{"taxonomy":"category","embeddable":true,"href":"https:\/\/www.nyhabitat.com\/fr\/blog\/wp-json\/wp\/v2\/categories?post=8355"},{"taxonomy":"post_tag","embeddable":true,"href":"https:\/\/www.nyhabitat.com\/fr\/blog\/wp-json\/wp\/v2\/tags?post=8355"}],"curies":[{"name":"wp","href":"https:\/\/api.w.org\/{rel}","templated":true}]}}