{"id":9861,"date":"2013-07-10T10:32:22","date_gmt":"2013-07-10T14:32:22","guid":{"rendered":"https:\/\/www.nyhabitat.com\/fr\/blog\/?p=9861"},"modified":"2013-07-10T10:32:22","modified_gmt":"2013-07-10T14:32:22","slug":"ete-2013-paris","status":"publish","type":"post","link":"https:\/\/www.nyhabitat.com\/fr\/blog\/2013\/07\/10\/ete-2013-paris\/","title":{"rendered":"Cet \u00e9t\u00e9, venez d\u00e9couvrir Paris !"},"content":{"rendered":"<div class=\"img aligncenter size-full wp-image-9865\" style='width:585px;'>\n\t<img src=\"https:\/\/www.nyhabitat.com\/fr\/blog\/wp-content\/uploads\/2013\/07\/tour-eiffel-ete-seine-fleuve.jpg\" alt=\"Photo de la Tour Eiffel de Paris en \u00e9t\u00e9\" width=\"585\" height=\"402\" \/>\n\t<div>La Tour Eiffel de Paris en \u00e9t\u00e9<\/div>\n<\/div>Quoi de plus pittoresque que Paris l&rsquo;\u00e9t\u00e9 ? : Parisiens et touristes d\u00e9gustent leurs repas aux terrasses des caf\u00e9s, pique-niquent dans les parcs fleuris et regardent les enfants jouer dans les fontaines de la ville. Vous aurez l&rsquo;opportunit\u00e9 de d\u00e9couvrir chaque jour une activit\u00e9 nouvelle. Nous allons vous pr\u00e9senter dans cet article les diff\u00e9rents festivals et autres \u00e9v\u00e8nements que nous pr\u00e9f\u00e9rons \u00e0 Paris afin que vous passiez les meilleures vacances d&rsquo;\u00e9t\u00e9 possibles \u00e0 Paris.<!--more--><\/p>\n<p><strong>Cin\u00e9mas en plein air \u00e0 Paris<\/strong><\/p>\n<div class=\"img aligncenter size-full wp-image-9862\" style='width:585px;'>\n\t<img src=\"https:\/\/www.nyhabitat.com\/fr\/blog\/wp-content\/uploads\/2013\/07\/exterieur-cinema-paris-plein-air-ete.jpg\" alt=\"Photo d\u2019une s\u00e9ance de cin\u00e9ma au Cin\u00e9ma en Plein Air\" width=\"585\" height=\"335\" \/>\n\t<div>Une s\u00e9ance de cin\u00e9ma au Cin\u00e9ma en Plein Air du Parc de la Villette<\/div>\n<\/div>Il n\u2019y a rien de plus romantique qu&rsquo;une s\u00e9ance de cin\u00e9ma \u00e0 la belle \u00e9toile quelque part dans Paris. C&rsquo;est une activit\u00e9 id\u00e9ale pour vos soir\u00e9es d&rsquo;\u00e9t\u00e9 !<\/p>\n<p>Chaque ann\u00e9e, le festival Cin\u00e9ma en Plein Air est organis\u00e9 dans le Parc de la Villette. Du 24 juillet au 28 ao\u00fbt, d\u00e8s la tomb\u00e9e de la nuit, les grands classiques du cin\u00e9ma sont diffus\u00e9s en fran\u00e7ais et en anglais dans le parc. Le prix du ticket est de 7\u20ac, mais vous pouvez \u00e9galement vous procurer un carnet de tickets \u00e0 prix r\u00e9duit. Cette ann\u00e9e, la programmation de Cin\u00e9ma en Plein Air comprend de nombreux classiques fran\u00e7ais et am\u00e9ricains tels qu\u2019Ocean\u2019s Eleven et The Social Network.<\/p>\n<p>Le Forum des Images organise chaque ann\u00e9e le fameux festival Cin\u00e9ma au Clair de Lune, gratuit et en plein air. Des films classiques ou plus r\u00e9cents sont projet\u00e9s dans divers lieux embl\u00e9matiques de Paris, le tout sous le ciel \u00e9toil\u00e9 du mois d&rsquo;ao\u00fbt.<\/p>\n<p><strong>Festivals et concerts d\u2019\u00e9t\u00e9 \u00e0 Paris<\/strong><\/p>\n<div class=\"img aligncenter size-full wp-image-9867\" style='width:585px;'>\n\t<img src=\"https:\/\/www.nyhabitat.com\/fr\/blog\/wp-content\/uploads\/2013\/07\/ete-concert-paris.jpg\" alt=\"Photo d\u2019un concert pr\u00e8s de la Tour Eiffel \u00e0 Paris en \u00e9t\u00e9\" width=\"585\" height=\"374\" \/>\n\t<div>Concert estival \u00e0 Paris pr\u00e8s de la Tour Eiffel<\/div>\n<\/div>En \u00e9t\u00e9, les rues de Paris vivent au rythme de la musique. Divers festivals sont organis\u00e9s pour partager cette passion pour la musique. Que vous soyez un inconditionnel du jazz ou un mordu de rock, Paris ne manquera pas de vous satisfaire !<\/p>\n<p>Assister au Festival de Jazz de Paris, organis\u00e9 chaque ann\u00e9e au parc Floral, vous permettra de d\u00e9marrer l&rsquo;\u00e9t\u00e9 en beaut\u00e9. Il se d\u00e9roule du 8 juin au 28 juillet au splendide Parc Floral, situ\u00e9 dans le Bois de Vincennes, c\u00e9l\u00e8bre pour ses jardins d\u2019ornements. Le prix d&rsquo;entr\u00e9e du parc est de 5,50 \u20ac mais le festivals en lui-m\u00eame et les concerts sont gratuits.<\/p>\n<p>Le festival Paris Quartier d&rsquo;\u00c9t\u00e9 met \u00e0 l\u2019honneur la danse, la musique, le th\u00e9\u00e2tre et bien d&rsquo;autres formes d&rsquo;art encore dans divers endroits (souvent en ext\u00e9rieur) de Paris. Bon nombre de ces spectacles sont gratuits. En 2013, le festival aura lieu du 14 juillet au 11 ao\u00fbt.<\/p>\n<p>Les v\u00e9ritables festivaliers vont adorer Rock en Seine, cet \u00e9v\u00e9nement annuel grandiose qui dure trois jours et se tient au portes de Paris. Les festivit\u00e9s auront lieu du 23 au 25 ao\u00fbt au Domaine de Saint-Cloud. Le prix du ticket \u00e0 la journ\u00e9e s&rsquo;\u00e9l\u00e8ve \u00e0 49\u20ac, tandis que la carte pour trois jour coute 109\u20ac. Les d\u00e9tenteurs d&rsquo;une carte pour trois jours ont la possibilit\u00e9 de camper sur place. La programmation 2013 pr\u00e9voit le passage de System of a Down, Franz Ferdinand, The Bloody Beetroots et bien d\u2019autres encore !<\/p>\n<p>Le festival Solidays est un autre \u00e9v\u00e9nement \u00e0 voir absolument cet \u00e9t\u00e9 \u00e0 Paris. Organis\u00e9 chaque ann\u00e9e par Solidarit\u00e9 Sida, ce festival accueille des grands noms de l&rsquo;industrie du disque et l&rsquo;argent collect\u00e9 pendant l&rsquo;\u00e9v\u00e9nement est revers\u00e9 \u00e0 la recherche contre le Sida.<\/p>\n<p><strong>Prenez un bain de soleil \u00e0 Paris Plages<\/strong><\/p>\n<div class=\"img aligncenter size-full wp-image-9864\" style='width:585px;'>\n\t<img src=\"https:\/\/www.nyhabitat.com\/fr\/blog\/wp-content\/uploads\/2013\/07\/paris-plages-ete-seine-fleuve.jpg\" alt=\"Photo de l\u2019op\u00e9ration Paris Plages au bord de la Seine \" width=\"585\" height=\"389\" \/>\n\t<div>Op\u00e9ration Paris Plages sur les berges de la Seine en \u00e9t\u00e9<\/div>\n<\/div>L\u2019op\u00e9ration Paris Plages est incontestablement le grand \u00e9v\u00e9nement de l\u2019\u00e9t\u00e9 \u00e0 Paris. Du 20 juillet au 18 ao\u00fbt, les berges de la Seine se transforment en une plage g\u00e9ante qui s\u2019\u00e9tend du Louvres au Pont de Sully. Paris Plages vous offre la possibilit\u00e9 de faire bronzette dans le sable, d\u2019\u00e9couter de la musique live, de siroter une boisson fraiche et m\u00eame de faire trempette dans une piscine\u00a0! L&rsquo;op\u00e9ration Paris Plages est \u00e9galement pr\u00e9sente au Bassin de la Villette o\u00f9 est install\u00e9 un v\u00e9ritable centre nautique proposant des tours en barque ou en kayak. Pour en savoir plus sur l\u2019op\u00e9ration Paris Plages, cliquez sur <a title=\"Les joies de la plage \u00e0 Paris, c\u2019est Paris Plages\" href=\"https:\/\/www.nyhabitat.com\/fr\/blog\/2012\/07\/18\/ete-2012-paris-plages\/\">Le bord de mer en plein Paris : l&rsquo;op\u00e9ration Paris Plage<\/a>.<\/p>\n<p><strong>Passez un \u00e9t\u00e9 culturel \u00e0 Paris<\/strong><\/p>\n<div class=\"img aligncenter size-full wp-image-9866\" style='width:585px;'>\n\t<img src=\"https:\/\/www.nyhabitat.com\/fr\/blog\/wp-content\/uploads\/2013\/07\/croisere-romantique-seine-fleuve-paris-ete.jpg\" alt=\"Photo d\u2019une croisi\u00e8re sur la Seine \u00e0 Paris \" width=\"585\" height=\"389\" \/>\n\t<div>Embarquez pour une croisi\u00e8re romantique sur la Seine \u00e0 Paris<\/div>\n<\/div>Quand vous en aurez assez de l\u00e9zarder au soleil et que vous voudrez vous rafraichir un peu, venez profiter de toute une gamme d\u2019activit\u00e9s culturelles dans les innombrables galeries des mus\u00e9es parisiens. Des \u0153uvres d\u2019art classiques du Louvre aux cr\u00e9ations modernes du Centre Pompidou, il y en pour tous les go\u00fbts \u00e0 Paris !<\/p>\n<p>Enfin, si vous \u00eates fatigu\u00e9 d\u2019arpenter la ville \u00e0 pied, offrez-vous une petite croisi\u00e8re sur la Seine et d\u00e9couvrez Paris tout en appr\u00e9ciant un moment de d\u00e9tente sur les flots. Vous pouvez \u00e9galement opter pour une excursion d&rsquo;une journ\u00e9e en dehors de Paris. Vous pourrez par exemple vous rendre \u00e0 Versailles o\u00f9 a lieu chaque samedi soir le spectacle des Grandes Eaux Nocturnes.<\/p>\n<p>Vous en voulez toujours plus\u00a0? Peut-\u00eatre devriez-vous envisager la possibilit\u00e9 de s\u00e9journer \u00e0 Paris ! Nous vous proposons de nombreuses <a title=\"Locations de Vacances \u00e0 Paris\" href=\"https:\/\/www.nyhabitat.com\/fr\/paris-appartement\/saisonniere-vacances\">locations de vacances \u00e0 Paris<\/a> qui vous plongeront au c\u0153ur de la vie parisienne. Si vous souhaitez m\u00eame y poser vos valises pour quelques temps nous disposons \u00e9galement <a title=\"Appartements Meubl\u00e9s \u00e0 Paris\" href=\"https:\/\/www.nyhabitat.com\/fr\/paris-appartement\/meuble\">d\u2019appartement meubl\u00e9s \u00e0 Paris<\/a> que vous pourrez louer au mois et profiter ainsi plus longtemps de votre s\u00e9jour \u00e0 Paris.<\/p>\n<p><strong>\u00c9v\u00e9nements \u00e0 ne pas manquer cet \u00e9t\u00e9 \u00e0 Paris<\/strong><\/p>\n<div class=\"img aligncenter size-full wp-image-9863\" style='width:585px;'>\n\t<img src=\"https:\/\/www.nyhabitat.com\/fr\/blog\/wp-content\/uploads\/2013\/07\/feux-artifice-paris-quatorze-juillet-tour-eiffel.jpg\" alt=\"Photo des feux d\u2019artifices du 14 juillet \u00e0 Paris\" width=\"585\" height=\"329\" \/>\n\t<div>Spectacle pyrotechnique pour le 14 juillet pr\u00e8s de la Tour Eiffel \u00e0 Paris<\/div>\n<\/div>De nombreuses festivit\u00e9s et animations sont organis\u00e9es \u00e0 Paris et ceci pour votre plus grand joie.<\/p>\n<p>Le 14 juillet est un des jours f\u00e9ri\u00e9s les plus importants en France. Partout dans le pays, on c\u00e9l\u00e8bre la R\u00e9volution fran\u00e7aise de 1789. \u00c0 Paris, les c\u00e9l\u00e9brations du 14 juillet incluent un grand d\u00e9fil\u00e9 militaire, de magnifiques feux d&rsquo;artifice et bon nombre de f\u00eates inoubliables.<\/p>\n<p>Le dernier \u00e9v\u00e9nement \u00e0 ne pas manquer est le Tour de France dont l&rsquo;\u00e9tape finale aura lieu \u00e0 Paris le 21 juillet. Ce jour-l\u00e0, les coureurs du Tour franchiront la ligne d\u2019arriv\u00e9e sur les Champs \u00c9lys\u00e9es.<\/p>\n<p>Nous esp\u00e9rons que vous avez appr\u00e9ci\u00e9 notre liste d&rsquo;\u00e9v\u00e9nements \u00e0 ne pas manquer \u00e0 Paris cet \u00e9t\u00e9. Pour vous faire une id\u00e9e de ce qu\u2019est Paris en \u00e9t\u00e9, nous vous proposons une <a title=\"Visites Guid\u00e9es en Video\" href=\"https:\/\/www.nyhabitat.com\/fr\/blog\/category\/paris\/sejour-voyage-paris\/guides-videos-paris\/\">visite guid\u00e9e de Paris en vid\u00e9o<\/a>. Alors, quel est votre endroit pr\u00e9f\u00e9r\u00e9 de la capitale en p\u00e9riode estivale ?<\/p>\n","protected":false},"excerpt":{"rendered":"<p>Quoi de plus pittoresque que Paris l&rsquo;\u00e9t\u00e9 ? : Parisiens et touristes d\u00e9gustent leurs repas aux terrasses des caf\u00e9s, pique-niquent dans les parcs fleuris et&#8230;<\/p>\n","protected":false},"author":1,"featured_media":0,"comment_status":"open","ping_status":"closed","sticky":false,"template":"","format":"standard","meta":[],"categories":[27],"tags":[],"_links":{"self":[{"href":"https:\/\/www.nyhabitat.com\/fr\/blog\/wp-json\/wp\/v2\/posts\/9861"}],"collection":[{"href":"https:\/\/www.nyhabitat.com\/fr\/blog\/wp-json\/wp\/v2\/posts"}],"about":[{"href":"https:\/\/www.nyhabitat.com\/fr\/blog\/wp-json\/wp\/v2\/types\/post"}],"author":[{"embeddable":true,"href":"https:\/\/www.nyhabitat.com\/fr\/blog\/wp-json\/wp\/v2\/users\/1"}],"replies":[{"embeddable":true,"href":"https:\/\/www.nyhabitat.com\/fr\/blog\/wp-json\/wp\/v2\/comments?post=9861"}],"version-history":[{"count":3,"href":"https:\/\/www.nyhabitat.com\/fr\/blog\/wp-json\/wp\/v2\/posts\/9861\/revisions"}],"predecessor-version":[{"id":9870,"href":"https:\/\/www.nyhabitat.com\/fr\/blog\/wp-json\/wp\/v2\/posts\/9861\/revisions\/9870"}],"wp:attachment":[{"href":"https:\/\/www.nyhabitat.com\/fr\/blog\/wp-json\/wp\/v2\/media?parent=9861"}],"wp:term":[{"taxonomy":"category","embeddable":true,"href":"https:\/\/www.nyhabitat.com\/fr\/blog\/wp-json\/wp\/v2\/categories?post=9861"},{"taxonomy":"post_tag","embeddable":true,"href":"https:\/\/www.nyhabitat.com\/fr\/blog\/wp-json\/wp\/v2\/tags?post=9861"}],"curies":[{"name":"wp","href":"https:\/\/api.w.org\/{rel}","templated":true}]}}