{"id":987,"date":"2009-06-08T10:52:10","date_gmt":"2009-06-08T14:52:10","guid":{"rendered":"https:\/\/www.nyhabitat.com\/fr\/blog\/?p=987"},"modified":"2013-05-17T11:25:54","modified_gmt":"2013-05-17T15:25:54","slug":"paris-non-occidentales-musee-quai-branly","status":"publish","type":"post","link":"https:\/\/www.nyhabitat.com\/fr\/blog\/2009\/06\/08\/paris-non-occidentales-musee-quai-branly\/","title":{"rendered":"Paris : les merveilles non-occidentales du mus\u00e9e du quai Branly"},"content":{"rendered":"<p>Le Louvre, le mus\u00e9e d\u2019Orsay, le mus\u00e9e Rodin, le centre George Pompidou\u2026 Il y a tellement de mus\u00e9es \u00e0 <a title=\"D\u00e9couvrez les autres articles du blog consacr\u00e9s \u00e0 Paris\" href=\"\/fr\/blog\/category\/paris\/\">Paris<\/a> qu\u2019il serait impossible d\u2019en dresser une liste exhaustive. Il existe des mus\u00e9es sur le design et la mode, sur la chasse, sur le sexe et m\u00eame sur les poup\u00e9es. Tous les quartiers de Paris semblent poss\u00e9der au moins un mus\u00e9e et plusieurs galeries d\u2019art. <strong>Mais pendant tr\u00e8s longtemps, seul l\u2019art occidental \u00e9tait repr\u00e9sent\u00e9 \u00e0 Paris, au d\u00e9triment des autres civilisations. Ce n\u2019est qu\u2019en juin 2006 que ce vide est combl\u00e9 avec l\u2019ouverture du mus\u00e9e du quai Branly<\/strong>. Dans l&rsquo;un de nos appartements en location,\u00a0vous ne serez qu&rsquo;\u00e0 quelques pas de ce mus\u00e9e.<\/p>\n<div class=\"img size-full wp-image-1029 alignleft\" style='width:225px;'>\n\t<img src=\"https:\/\/www.nyhabitat.com\/fr\/blog\/wp-content\/uploads\/2009\/06\/appartament_paris_t2_auteuil_pa2065.jpg\" alt=\"Appartament \u00e0 Paris&quot;: T2: Auteuil Toue Eiffel (PA-2065) Photo\" width=\"225\" height=\"300\" \/>\n\t<div>Appartament T2 \u00e0 Paris : Auteuil Tour Eiffel (PA-2065) Photo<\/div>\n<\/div>\n<p>R\u00e9alis\u00e9e par Jean Nouvel,\u00a0cette structure moderne\u00a0expose les merveilles de l\u2019art non-occidental, et de ce fait contraste de mani\u00e8re flagrante avec ses deux voisins des <a title=\"Laissez-vous tenter par une ballade \u00e0 v\u00e9lo le long de la Seine\" href=\"\/fr\/blog\/2009\/09\/02\/paris-quais-seine-velo\/\">quais de Seine<\/a> : le Louvre et le mus\u00e9e d\u2019Orsay. Contrairement aux autres mus\u00e9es de la capitale souvent situ\u00e9s en dehors du centre-ville, <strong>le quai Branly, lui, se trouve aux pieds de la Tour Eiffel, dans l\u2019un des quartiers les plus pris\u00e9s de la capitale. Le mus\u00e9e est enti\u00e8rement consacr\u00e9 \u00e0 l\u2019art et aux art\u00e9facts d\u2019Afrique, d\u2019Asie, d\u2019Oc\u00e9anie et d\u2019Am\u00e9rique<\/strong>.<\/p>\n<p>En plus de la collection permanente du mus\u00e9e, qui regroupe plus de 3500 objets provenant des quatre continents, le mus\u00e9e pr\u00e9sente \u00e9galement des expositions temporaires extr\u00eamement int\u00e9ressantes qui se penchent sur des th\u00e8mes aussi controvers\u00e9s que la colonisation ou les id\u00e9es re\u00e7ues sur les races et les cultures.<\/p>\n<p><strong>Du 18 mars au 19 juillet, le quai Branly pr\u00e9sente une exposition intitul\u00e9e \u00abPlan\u00e8te m\u00e9tisse : To mix or not to mix\u00bb<\/strong>. Elle analyse le ph\u00e9nom\u00e8ne de la mondialisation et les r\u00e9percussions du m\u00e9tissage des cultures sur l\u2019art et l\u2019histoire des peuples. Le mus\u00e9e met en valeur des objets allant du XV\u00e8me si\u00e8cle \u00e0 nos jours par ordre chronologique pour souligner l\u2019importance et la richesse des productions artistiques issues du contact et de la coexistence des cultures. Une autre exposition est consacr\u00e9e aux sculptures africaines en ivoire.<\/p>\n<p>Nous vous proposons des <a title=\"Recherche d'appartements en location de vacances \u00e0 Paris \" href=\"\/fr\/paris-appartement\/saisonniere-vacances\">locations de vacances au centre de Paris<\/a>, \u00e0 proximit\u00e9 du quai Branly et de la Tour Eiffel. Voici quelques suggestions :<\/p>\n<p>&#8211;<a title=\"Appartement \u00e0 Paris, Location de Vacances T2 - Invalides (PA-3529)\" href=\"https:\/\/www.nyhabitat.com\/fr\/paris-appartement\/saisonniere-vacances\/3529\"> Cet appartement T2 en location de vacances aux Invalides (PA-3529)<\/a><\/p>\n<p>&#8211; <a title=\"Paris : appartement T3 - location de vacances \u00e0 proximit\u00e9 du Champs de Mars, Tour Eiffel (PA-2431)\" href=\"https:\/\/www.nyhabitat.com\/fr\/paris-appartement\/saisonniere-vacances\/2431\">Cette location de vacances T3\u00a0au\u00a0Champs de Mars &#8211; Tour Eiffel (PA-2431)<\/a><\/p>\n<p>Le mus\u00e9e du Louvre et le mus\u00e9e d\u2019Orsay sont les deux plus grands mus\u00e9es parisiens, mais la cr\u00e9ation du mus\u00e9e du quai Branly repr\u00e9sente une \u00e9tape importante dans la repr\u00e9sentation artistique du monde non-occidental. Et maintenant, \u00e0 vous de nous dire : quel est votre mus\u00e9e pr\u00e9f\u00e9r\u00e9 \u00e0 Paris ?<\/p>\n","protected":false},"excerpt":{"rendered":"<p>Le Louvre, le mus\u00e9e d\u2019Orsay, le mus\u00e9e Rodin, le centre George Pompidou\u2026 Il y a tellement de mus\u00e9es \u00e0 Paris qu\u2019il serait impossible d\u2019en dresser&#8230;<\/p>\n","protected":false},"author":1,"featured_media":0,"comment_status":"open","ping_status":"closed","sticky":false,"template":"","format":"standard","meta":[],"categories":[27],"tags":[],"_links":{"self":[{"href":"https:\/\/www.nyhabitat.com\/fr\/blog\/wp-json\/wp\/v2\/posts\/987"}],"collection":[{"href":"https:\/\/www.nyhabitat.com\/fr\/blog\/wp-json\/wp\/v2\/posts"}],"about":[{"href":"https:\/\/www.nyhabitat.com\/fr\/blog\/wp-json\/wp\/v2\/types\/post"}],"author":[{"embeddable":true,"href":"https:\/\/www.nyhabitat.com\/fr\/blog\/wp-json\/wp\/v2\/users\/1"}],"replies":[{"embeddable":true,"href":"https:\/\/www.nyhabitat.com\/fr\/blog\/wp-json\/wp\/v2\/comments?post=987"}],"version-history":[{"count":26,"href":"https:\/\/www.nyhabitat.com\/fr\/blog\/wp-json\/wp\/v2\/posts\/987\/revisions"}],"predecessor-version":[{"id":9744,"href":"https:\/\/www.nyhabitat.com\/fr\/blog\/wp-json\/wp\/v2\/posts\/987\/revisions\/9744"}],"wp:attachment":[{"href":"https:\/\/www.nyhabitat.com\/fr\/blog\/wp-json\/wp\/v2\/media?parent=987"}],"wp:term":[{"taxonomy":"category","embeddable":true,"href":"https:\/\/www.nyhabitat.com\/fr\/blog\/wp-json\/wp\/v2\/categories?post=987"},{"taxonomy":"post_tag","embeddable":true,"href":"https:\/\/www.nyhabitat.com\/fr\/blog\/wp-json\/wp\/v2\/tags?post=987"}],"curies":[{"name":"wp","href":"https:\/\/api.w.org\/{rel}","templated":true}]}}