{"id":5662,"date":"2014-11-13T11:42:46","date_gmt":"2014-11-13T10:42:46","guid":{"rendered":"https:\/\/www.nyhabitat.com\/it\/blog\/?p=5662"},"modified":"2014-11-20T12:59:53","modified_gmt":"2014-11-20T11:59:53","slug":"migliori-eventi-annuali-provenza-costa-azzurra","status":"publish","type":"post","link":"https:\/\/www.nyhabitat.com\/it\/blog\/2014\/11\/13\/migliori-eventi-annuali-provenza-costa-azzurra\/","title":{"rendered":"I migliori Eventi Annuali in Provenza e in Costa Azzurra"},"content":{"rendered":"<p>Sabbia bianca e acquee cerulee potrebbero essere un clich\u00e9 per una costiera, ma nel caso della Costa Azzurra rispecchiano la realt\u00e0. Tracciando il confine pi\u00f9 a sud della Francia, la Costa \u2013 immortalata nel 1955 nel film <em>Caccia al Ladro<\/em> \u2013 \u00e8 la patria di uno stile di vita lussuoso e di citt\u00e0 baciate dal sole. E non appena riuscirete ad allontanarvi dalla costa, vi ritroverete nel cuore della Provenza, la bellissima provincia del sud del Paese. La Costa Azzurra \u00e8 solo una piccola parte della regione, che comprende citt\u00e0 di mare come Nizza e Marsiglia. Verso l\u2019interno scoprirete montagne, baie, campi di lavanda e i <a title=\"I migliori 10 villaggi da visitare in Provenza \" href=\"https:\/\/www.nyhabitat.com\/it\/blog\/2014\/02\/06\/migliori-10-villaggi-provenza-francia\/\">migliori villaggi da cartolina nel Sud della Francia<\/a>.<\/p>\n<p>La Provenza \u00e8 delimitata a ovest dal fiume Rodano, a est dall\u2019Italia, a nord dalle Alpi Alte e da Dr\u00f4ne e a sud dal Mar Mediterraneo. Con il loro clima caldo, la Provenza e la Costa Azzurra sono una destinazione perfetta in ogni occasione, anche se risplendono particolarmente in alcuni periodi dell\u2019anno. Di seguito abbiamo fatto una lista dei nostri 10 migliori eventi annuali in Provenza, incantevoli come la provincia stessa.<\/p>\n<p><strong>1. La Festa del Limone, Mentone<\/strong><\/p>\n<div class=\"img aligncenter  wp-image-5668\" style='width:585px;'>\n\t<img src=\"https:\/\/www.nyhabitat.com\/it\/blog\/wp-content\/uploads\/2014\/11\/Provenza-top-10-eventi-limone-festa-mentone-costa-azzurra.jpg\" alt=\"Immagine della Festa del Limone\" width=\"585\" height=\"390\" \/>\n\t<div>La Festa del Limone \u00e8 una gioia per gli occhi \u2013 e per le papille gustative <\/div>\n<\/div>\n<p>La Festa del Limone ha luogo nella \u201cCit\u00e9 des Citrons\u201d \u2013 Citt\u00e0 dei Limoni, per chi non parla francese. Questo evento \u00e8 un piacere per gli occhi e un\u2019esperienza frizzante per le vostre pupille gustative. Della durata di tutto il mese di febbraio e marzo, la festa esibisce centinaia di migliaia di limoni, arance e altri agrumi sotto forma di sorprendenti carri e sculture a seconda del tema che viene scelto ogni anno. La citt\u00e0 di Mentone ospita questo evento annuale dal 1929 per celebrare l\u2019abbondante raccolto della regione. La popolarit\u00e0 della Festa del Limone non ha fatto che aumentare nel corso di questi otto decenni. Vi suggeriamo di arrivare qui in treno; il sistema di trasporto pubblico di Nizza o Marsiglia vi collegher\u00e0 alle linee locali che conducono a Mentone. Mentre siete alla Festa, non dimenticate di visitare il Salon de l\u2019Artisanat, una mostra di arti e mestieri. Alcuni dei prodotti (marmellate, saponi, profumi) sono realizzati proprio con i limoni che hanno dato il nome alla festa! <a title=\"Souvenirs artigianali della Provenza \" href=\"https:\/\/www.nyhabitat.com\/it\/blog\/2014\/08\/07\/souvenir-artigianali-provenza\/\">Ecco alcuni suggerimenti di souvenir artigianali della zona per dare il via allo shopping!<!--more--><\/a><\/p>\n<p><strong>2. Il Carnevale di Nizza, Nizza<\/strong><\/p>\n<div class=\"img aligncenter  wp-image-5667\" style='width:585px;'>\n\t<img src=\"https:\/\/www.nyhabitat.com\/it\/blog\/wp-content\/uploads\/2014\/11\/Provenza-top-10-eventi-nizza-carnevale-costa-azzurra.jpg\" alt=\"Immagine del Carnevale di Nizza\" width=\"585\" height=\"390\" \/>\n\t<div>Il Carnevale di Nizza colpisce per i suoi carri e personaggi stravaganti<\/div>\n<\/div>\n<p>Nello stesso periodo (dalla met\u00e0 di febbraio agli inizi di marzo) Nizza ospita il suo festival. Lasciatevi alle spalle la malinconia dell\u2019inverno e abbracciate l\u2019arrivo della primavera con un vortice di attivit\u00e0 nella Costa Azzurra! (Guardate com\u2019\u00e8 <a title=\"48 ore a Nizza \" href=\"https:\/\/www.nyhabitat.com\/it\/blog\/2014\/05\/08\/48-ore-nizza-riviera-francese\/\">trascorrere 48 ore a Nizza!<\/a>) Le feste convergono spesso nella Place Mass\u00e9na: la sfilata di carnevale, dove 18 carri allegorici e personaggi in carta pesta sfilano al fianco di artisti di strada e di una folla colorata; la sfilata dei fiori, dove 20 carri ricoperti di fiori (il 90% si dice che crescano nella regione) deliziano gli spettatori i quali sperano di prendere uno dei fiori lanciati durante la sfilata; la sfilata notturna delle luci, dove i carri illuminano la sera con un brillante bagliore. Per i posti riservati vi suggeriamo di acquistare i biglietti in anticipo. Non perdetevi la Corsa Rock \u2018n\u2019 Roll dove tutto \u00e8 concesso; qui i corridori \u2013 alcuni vestiti con costumi stravaganti \u2013 competono per il titolo di primo posto. E se volete prolungare il vostro soggiorno in Costa Azzurra <a title=\"Appartamenti in affitto a Nizza\" href=\"https:\/\/www.nyhabitat.com\/it\/sud-francia-appartamenti\/stagionali-vacanze\/costa-azzurra\/nizza\">date un\u2019occhiata alla nostra offerta di appartamenti a Nizza.<\/a><\/p>\n<p><strong>3. La Feria d&#8217;Arles, Arles<\/strong><\/p>\n<div class=\"img aligncenter size-full wp-image-5664\" style='width:585px;'>\n\t<img src=\"https:\/\/www.nyhabitat.com\/it\/blog\/wp-content\/uploads\/2014\/11\/Provenza-top-10-eventi-feria-arles-francia.jpg\" alt=\"Immagine della Feria d\u2019Arles\" width=\"585\" height=\"390\" \/>\n\t<div>La Feria d\u2019Arles presenta una corrida in un\u2019epica arena <\/div>\n<\/div>\n<p>Per un assaggio di Spagna in Costa Azzurra, ecco a voi la Feria d\u2019Arles. Ad Arles si tengono due diverse feste annuali, una ad aprile e una a settembre. La prima celebra l\u2019inizio della stagione della corrida francese e incorpora le musiche e le danze tradizionali spagnole. Proprio la corrida \u00e8 l\u2019evento principale della seconda festa. Alcune dimostrazioni di questo sport e l\u2019opportunit\u00e0 di guardare i tori che combattono nel ring sono solo due delle attivit\u00e0 a cui potete assistere durante questo evento. Vi suggeriamo di partecipare alla festa di aprile se potete \u2013 la Feria di Pasqua \u2013 per la sua energia e il flamenco, ma la Feria del Riso, a settembre, \u00e8 altrettanto dinamica! Non perdetevi la principale attrazione delle feste \u2013 i toreri che affrontano i temibili tori. <em>Ol\u00e9<\/em>!<\/p>\n<p><strong>4. Il Festival d&#8217;Aix, Aix-en-Provence<\/strong><\/p>\n<p>Gli esperti di cultura dovrebbero evidenziare il mese di luglio sui propri calendari. Questo dopotutto \u00e8 il mese del Festival d\u2019Aix-en-Provence, un evento a livello mondiale che celebra l\u2019arte dell\u2019opera dal 1948. (Vivete l\u2019esperienza di un <a title=\"48 ore a Aix-de-Provence\" href=\"https:\/\/www.nyhabitat.com\/it\/blog\/2013\/08\/29\/48-ore-aix-provence-francia\/\">vorticoso tour di 48 ore di Aix-en-Provence per conoscere meglio i dintorni di questa terra<\/a>.) I concerti, e le nuove produzioni di opere e operette, si svolgono durante tutte le settimane nei tre teatri principali e in altri locali minori. I programmi cambiano ogni anno, ma contano sempre su una o due apparizioni di Mozart: le sue opere sono state un pilastro del festival fin dal suo inizio negli anni del dopo guerra, che hanno visto la Francia rinata a livello artistico. Tra il groviglio delle idilliche strade di Aix-en-Provence ci sono molti negozi e caff\u00e8 dove poter andare durante le pause dei concerti. Prendete posto per uno spettacolo nel Th\u00e9\u00e2tre de l&#8217;Archev\u00each\u00e9, le cui origini medievali lo rendono un\u2019icona ufficiale del festival. Soggiornate nei nostri <a title=\"Appartamenti in affitto a Aix-de-Provence \" href=\"https:\/\/www.nyhabitat.com\/it\/sud-francia-appartamenti\/stagionali-vacanze\/provenza\/aix-en-provence\">appartamenti a Aix-en-Provence<\/a> per godere di questa festivit\u00e0 per tutto il mese.<\/p>\n<p><strong>5. Il Festival d&#8217;Avignon, Avignone<\/strong><\/p>\n<div class=\"img aligncenter size-full wp-image-5665\" style='width:585px;'>\n\t<img src=\"https:\/\/www.nyhabitat.com\/it\/blog\/wp-content\/uploads\/2014\/11\/Provenza-top-10-eventi-festival-avignon-cultura.jpg\" alt=\"Immagine del Festival d\u2019Avignon\" width=\"585\" height=\"390\" \/>\n\t<div>Attori e spettatori affollano le strade durante il Festival d\u2019Avignon<\/div>\n<\/div>\n<p>Durante il corso della sua annuale stagione a luglio il Festival d\u2019Avignon riunisce alcuni degli artisti pi\u00f9 importanti del mondo e ospita un sorprendente numero (dai 35 ai 40) di spettacoli. Pi\u00f9 di una ventina di locali diventano dei teatri provvisori in cui vengono allestiti questi spettacoli, che spaziano dal cinema al balletto, dal teatro ai workshop. Molte delle performance hanno luogo nel cortile del Palais des Papes, un leggendario palazzo gotico e patrimonio mondiale dell\u2019UNESCO, e in altre location in tutta la citt\u00e0 di Avignone. I programmi cambiano tutti gli anni e aiutano molti artisti a debuttare sia a livello francese che mondiale. (Ma Avignone non comincia e finisce con il festival, come attestano le nostre <a title=\"48 hours ad Avignon\" href=\"https:\/\/www.nyhabitat.com\/it\/blog\/2014\/05\/15\/48-ore-avignone-sud-francia\/\">48 ore in questa citt\u00e0<\/a>.) Mentre visitate Avignone, assistete a uno o pi\u00f9 spettacoli dell\u2019 \u201cOff\u201d Festival \u2013 una collezione di teatro dal vivo organizzata indipendentemente, non associata al festival ufficiale. I due eventi coesistono separatamente in modo rispettoso durante l\u2019estate. (Visto che ci siete, lasciatevi ispirare dalla nostra <a title=\"Appartamenti in affitto ad Avignon \" href=\"https:\/\/www.nyhabitat.com\/it\/sud-francia-appartamenti\/stagionali-vacanze\/provenza\/avignon\">ampia scelta di case vacanza ad Avignone<\/a>!)<\/p>\n<p><strong>6. La F\u00eate de la Musique<\/strong><\/p>\n<p>Mai desiderato che la vostra vita fosse un musical? Il 21 giugno sentitevi liberi di improvvisare una canzone \u2013 gli altri non vi giudicheranno e forse si uniranno a voi! Questo perch\u00e9 \u00e8 la F\u00eate de la Musique, un festival di musica nazionale che promuove musicisti di qualsiasi livello e sponsorizza concerti gratuiti. Tutti i generi sono i benvenuti e le persone sono incoraggiate a partecipare a esibizioni dal vivo e ad ascoltare musica per tutto il giorno. La celebrazione, istituita nel 1982, si \u00e8 diffusa d\u2019allora in diversi luoghi di tutti i continenti abitati (ci dispiace, Antartide). Sentirete lo spirito della F\u00eate de la Musique attraversare tutta la Costa Azzurra, dalle citt\u00e0 pi\u00f9 grandi alle comunit\u00e0 rurali. La data \u00e8 speciale anche per un altro motivo: il solstizio d\u2019estate dell\u2019Emisfero Settentrionale regala giornate pi\u00f9 lunghe\u2026il che significa pi\u00f9 tempo per ballare, cantare e divertirsi! I <a title=\"Appartamenti in affitto nel Sud della Francia \" href=\"https:\/\/www.nyhabitat.com\/it\/sud-francia-appartamenti.html\">nostri appartamenti nel Sud della Francia<\/a> sono perfetti per vivere l\u2019esperienza di questo evento musicale!<\/p>\n<p><strong>7. La Festa della Lavanda (Digne-les-Bains)<\/strong><\/p>\n<p>Se siete attratti dal colore e dal profumo, le piante di lavanda sono particolarmente affascinanti nell\u2019aria estiva. Il Sud della Francia \u00e8 noto per i suoi estesi campi di questa pianta viola. La citt\u00e0 pittoresca di Digne-les-Bains, per\u00f2, ha una marcia in pi\u00f9: qui, infatti, viene organizzata una festa di pi\u00f9 giorni proprio sulla lavanda! Guidate fino a questo calda capitale amministrativa verso gli inizi di Agosto per il Corso de la Lavande, in cui la lavanda \u00e8 protagonista assolutata dell\u2019evento: viene disseminata lungo la sfilata dei carri, venduta al mercato degli agricoltori e celebrata per la sua regionale risonanza storica attraverso la musica e la danza. Mentre siete a Digne, fate un salto al prezioso museo d\u2019arte Gassendi o alle sue famose terme!<\/p>\n<p><strong>8. Il Festival del Cinema di Cannes<\/strong><\/p>\n<div class=\"img aligncenter size-full wp-image-5663\" style='width:585px;'>\n\t<img src=\"https:\/\/www.nyhabitat.com\/it\/blog\/wp-content\/uploads\/2014\/11\/Provenza-top-10-eventi-cannes-film-festival-costa-azzurra.jpg\" alt=\"Immagine del Festival del Cinema di Cannes\" width=\"585\" height=\"390\" \/>\n\t<div>Uno degli ingressi per i principali invitati della lista: proiezioni esclusive, anteprime mondiali e un tappeto rosso pieno di stelle del cinema giungono per l\u2019annuale Festival del Cinema di Cannes. <\/div>\n<\/div>\n<p>Dove potete trovare, lungo la Costa Azzurra, la pi\u00f9 alta concentrazione dei principali attori e registi? Al Festival del Cinema di Cannes, naturalmente! Ogni anno, verso la met\u00e0 del mese di Maggio, le star di Hollywood e del cinema mondiale raggiungono la citt\u00e0 per il pi\u00f9 importante \u2013 e influente \u2013 festival del cinema del mondo. Cannes \u00e8 la sede di un concorso altamente competitivo dove i film selezionati si contendono i premi, tra cui il mitico primo premio: la Palme d\u2019Or. Non pensate al festival come al predecessore del Premio Oscar (un paragone non del tutto infondato), perch\u00e9 questo evento, al quale si pu\u00f2 partecipare solo su invito, ha come priorit\u00e0 la presentazione delle premi\u00e8re dei film e l\u2019introduzione al mondo della futura generazione di registi. Approfittate di questa citt\u00e0 costiera facendo attivit\u00e0 acquatiche e di canottaggio, o concedendovi una shopping terapia nelle boutique di stilisti famosi lungo la Promenade de la Croisette. (<a title=\"48 ore a Cannes\" href=\"https:\/\/www.nyhabitat.com\/it\/blog\/2012\/08\/30\/48-ore-cannes-costa-azzurra\/\">La nostra guida su come trascorrere al meglio 48 ore a Cannes<\/a> vi dar\u00e0 un\u2019idea di cosa aspettarvi.) Desiderate restare pi\u00f9 tempo a Cannes per godere di tutto ci\u00f2 che la citt\u00e0 ha da offrire? <a title=\"Appartamenti in affitto a Cannes \" href=\"https:\/\/www.nyhabitat.com\/it\/sud-francia-appartamenti\/stagionali-vacanze\/costa-azzurra\/cannes\">Le nostre case vacanza a Cannes sono quello che fa per voi<\/a>.<\/p>\n<p><strong>9. La Festa della Mimosa, Mandelieu<\/strong><\/p>\n<p>Avete bisogno di un po\u2019 di colore per illuminare il vostro inverno? La citt\u00e0 di Mandelieu-la-Napoule \u00e8 quello che fa per voi. Per celebrare la fioritura delle piante di mimosa \u2013 un potente simbolo per gli abitanti di Mandelieu, che hanno perso il raccolto tra gli anni 1929 e 1931 \u2013 la Festa della Mimosa si svolge per dieci giorni ogni Febbraio. La festa \u00e8 ricca di musica, spettacoli di strada e carri allegorici che sfilano lungo le strade decorati con i brillanti fiori color canarino. Alcune notti i carri adornati di luci e meticolosamente costruiti illuminano le strade. Non limitate quest\u2019esperienza al ruolo di spettatori \u2013 attraversate a piedi una foresta di mimose, informatevi sulla coltivazione delle piante o fate una sosta in una profumeria per vedere come la fragranza della mimosa viene imprigionata in una bottiglia.<\/p>\n<p><strong>10. Il Grand Prix de Monaco, Monaco<\/strong><\/p>\n<div class=\"img aligncenter  wp-image-5666\" style='width:585px;'>\n\t<img src=\"https:\/\/www.nyhabitat.com\/it\/blog\/wp-content\/uploads\/2014\/11\/Provenza-top-10-eventi-monaco-corsa-citt\u00e0.jpg\" alt=\"Immagine di Monaco\" width=\"585\" height=\"390\" \/>\n\t<div>Monaco presa da una posizione panoramica durante il Grand Prix<\/div>\n<\/div>\n<p>La parola \u2018chic\u2019 non \u00e8 generalmente associata a una corsa di auto, ma \u00e8 adatta per descrivere il <strong>Grand Prix di Monaco<\/strong>, famoso evento mondiale. L\u2019annuale e prestigiosa corsa automobilistica si svolge ogni mese di maggio lungo le strade glamour monegasche. Ma attenzione: nonostante la splendida location, non \u00e8 un circuito facile. Le strade e le curve strette e le salite irregolari rendono il Grand Prix una sfida impegnativa verso il traguardo. La corsa della Formula 1 attrae molte elite di Monaco \u2013 e del mondo \u2013 alcune delle quali guardano la corsa dai loro yacht ancorati nel porto, adiacente al circuito. Forse meglio nota per il Casin\u00f2 di Monte Carlo, Monaco \u00e8 una citt\u00e0-stato autonoma annidata nella Costa Azzurra. Dona una seducente eleganza alla regione, rappresentata dalle spiagge, dai negozi, dai ristoranti alla moda e dalla famiglia reale (l\u2019attrice americana e icona di stile Grace Kelly \u00e8 diventata Principessa di Monaco nel 1956). Vi suggeriamo di vivere l\u2019esperienza di questa rilassata vita mondana, anche se assistete alla frenesia adrenalinica del Grand Prix.<\/p>\n<p>Lettori, quali sono i vostri luoghi ed eventi preferiti della Costa Azzurra?<\/p>\n","protected":false},"excerpt":{"rendered":"<p>Sabbia bianca e acquee cerulee potrebbero essere un clich\u00e9 per una costiera, ma nel caso della Costa Azzurra rispecchiano la realt\u00e0. Tracciando il confine pi\u00f9&#8230;<\/p>\n","protected":false},"author":1,"featured_media":0,"comment_status":"open","ping_status":"closed","sticky":false,"template":"","format":"standard","meta":[],"categories":[33],"tags":[],"_links":{"self":[{"href":"https:\/\/www.nyhabitat.com\/it\/blog\/wp-json\/wp\/v2\/posts\/5662"}],"collection":[{"href":"https:\/\/www.nyhabitat.com\/it\/blog\/wp-json\/wp\/v2\/posts"}],"about":[{"href":"https:\/\/www.nyhabitat.com\/it\/blog\/wp-json\/wp\/v2\/types\/post"}],"author":[{"embeddable":true,"href":"https:\/\/www.nyhabitat.com\/it\/blog\/wp-json\/wp\/v2\/users\/1"}],"replies":[{"embeddable":true,"href":"https:\/\/www.nyhabitat.com\/it\/blog\/wp-json\/wp\/v2\/comments?post=5662"}],"version-history":[{"count":0,"href":"https:\/\/www.nyhabitat.com\/it\/blog\/wp-json\/wp\/v2\/posts\/5662\/revisions"}],"wp:attachment":[{"href":"https:\/\/www.nyhabitat.com\/it\/blog\/wp-json\/wp\/v2\/media?parent=5662"}],"wp:term":[{"taxonomy":"category","embeddable":true,"href":"https:\/\/www.nyhabitat.com\/it\/blog\/wp-json\/wp\/v2\/categories?post=5662"},{"taxonomy":"post_tag","embeddable":true,"href":"https:\/\/www.nyhabitat.com\/it\/blog\/wp-json\/wp\/v2\/tags?post=5662"}],"curies":[{"name":"wp","href":"https:\/\/api.w.org\/{rel}","templated":true}]}}