{"id":10153,"date":"2019-11-01T11:15:10","date_gmt":"2019-11-01T16:15:10","guid":{"rendered":"https:\/\/www.nyhabitat.com\/sp\/blog\/?p=10153"},"modified":"2019-11-01T11:16:28","modified_gmt":"2019-11-01T16:16:28","slug":"5-alquileres-vacacionales-mejor-valorados-paris","status":"publish","type":"post","link":"https:\/\/www.nyhabitat.com\/sp\/blog\/2019\/11\/01\/5-alquileres-vacacionales-mejor-valorados-paris\/","title":{"rendered":"Los 5 alquileres vacacionales mejor valorados de Par\u00eds"},"content":{"rendered":"<div id=\"attachment_10162\" style=\"width: 750px\" class=\"wp-caption aligncenter\"><img aria-describedby=\"caption-attachment-10162\" loading=\"lazy\" class=\"wp-image-10162\" src=\"https:\/\/www.nyhabitat.com\/sp\/blog\/wp-content\/uploads\/2019\/11\/los-5-alquileres-vacacionales-mejor-valorados-Paris-vista-Torre-Eiffel.jpg\" alt=\"Imagen de una ventana abierta con vistas a la Torre Eiffel y a los tejados de Par\u00eds.\" width=\"750\" height=\"500\" srcset=\"https:\/\/www.nyhabitat.com\/sp\/blog\/wp-content\/uploads\/2019\/11\/los-5-alquileres-vacacionales-mejor-valorados-Paris-vista-Torre-Eiffel.jpg 1500w, https:\/\/www.nyhabitat.com\/sp\/blog\/wp-content\/uploads\/2019\/11\/los-5-alquileres-vacacionales-mejor-valorados-Paris-vista-Torre-Eiffel-300x200.jpg 300w, https:\/\/www.nyhabitat.com\/sp\/blog\/wp-content\/uploads\/2019\/11\/los-5-alquileres-vacacionales-mejor-valorados-Paris-vista-Torre-Eiffel-768x512.jpg 768w, https:\/\/www.nyhabitat.com\/sp\/blog\/wp-content\/uploads\/2019\/11\/los-5-alquileres-vacacionales-mejor-valorados-Paris-vista-Torre-Eiffel-1024x683.jpg 1024w\" sizes=\"(max-width: 750px) 100vw, 750px\" \/><p id=\"caption-attachment-10162\" class=\"wp-caption-text\">Encuentre una perspectiva \u00fanica de Par\u00eds desde la comodidad de un alquiler de vacaciones amueblado.<\/p><\/div>\n<p>\u00a1Vea el lado diferente de <strong>Par\u00eds<\/strong>! Es cierto que la ciudad es el destino favorito de millones de visitantes anuales, pero solo unos pocos turistas pueden experimentar la <strong>Ciudad de las Luces<\/strong> desde la perspectiva de un local. Cuando opta por un <strong>alquiler vacacional<\/strong> en lugar de un hotel, puede disfrutar de la oportunidad de vivir en el aut\u00e9ntico apartamento de un residente local sin el compromiso de un alquiler mensual o anual (aunque si est\u00e1 interesado, tambi\u00e9n tenemos <a title=\"\u00c9chele un vistazo a nuestros alquileres amueblados para estancias de un mes o m\u00e1s.\" href=\"https:\/\/www.nyhabitat.com\/sp\/paris-apartamentos\/amueblados\">alquileres mensuales de apartamentos amueblados en Par\u00eds<\/a>).<\/p>\n<p>Lo que hace que algunos viajeros duden en reservar un alquiler vacacional es la incertidumbre de qu\u00e9 puede pasar si se alojan fuera de un hotel. Afortunadamente, \u00a1reservar con <strong>New York Habitat<\/strong> puede ayudar a eliminar esas preocupaciones! Un agente autorizado le ayudar\u00e1 con su reserva en todo momento; tambi\u00e9n estar\u00e1 presente para comunicarse con el propietario de su apartamento y responder a sus preguntas durante el proceso de alquiler. Puede leer nuestro blog para tener una mejor idea de <a title=\"Conoza m\u00e1s informaci\u00f3n sobre el alquiler de apartamentos alrededor del mundo.\" href=\"https:\/\/www.nyhabitat.com\/blog\/2019\/06\/03\/the-top-cultural-differences-between-global-apartment-rentals\/\">lo que puede encontrar en un apartamento franc\u00e9s si viene de fuera de Francia<\/a>.<\/p>\n<p>Finalmente, nuestra base de datos de apartamentos utiliza un extenso sistema de <strong>comentarios<\/strong> que permite a los antiguos inquilinos compartir sus experiencias en los apartamentos y a los propietarios hacer un seguimiento de los comentarios para mejorar las prestaciones. A lo largo de los a\u00f1os, algunos de nuestros apartamentos se han ganado el distinguido t\u00edtulo de <strong>alquileres vacacionales de alta calidad<\/strong>. Siga leyendo para descubrir cinco de nuestros apartamentos de alquiler vacacional m\u00e1s queridos con las opiniones de antiguos viajeros.<\/p>\n<p style=\"padding-left: 30px;\"><strong>Una vista elevada de Par\u00eds desde un estudio con alcoba de alta calidad en Saint-Germain<\/strong><\/p>\n<div id=\"attachment_10159\" style=\"width: 750px\" class=\"wp-caption aligncenter\"><img aria-describedby=\"caption-attachment-10159\" loading=\"lazy\" class=\"wp-image-10159\" src=\"https:\/\/www.nyhabitat.com\/sp\/blog\/wp-content\/uploads\/2019\/11\/los-5-alquileres-vacacionales-mejor-valorados-Paris-PA-2473-Saint-Germain-estudio-salon.jpg\" alt=\"Imagen del sal\u00f3n del alojamiento PA-2473 con sof\u00e1 y sillas.\" width=\"750\" height=\"500\" srcset=\"https:\/\/www.nyhabitat.com\/sp\/blog\/wp-content\/uploads\/2019\/11\/los-5-alquileres-vacacionales-mejor-valorados-Paris-PA-2473-Saint-Germain-estudio-salon.jpg 1500w, https:\/\/www.nyhabitat.com\/sp\/blog\/wp-content\/uploads\/2019\/11\/los-5-alquileres-vacacionales-mejor-valorados-Paris-PA-2473-Saint-Germain-estudio-salon-300x200.jpg 300w, https:\/\/www.nyhabitat.com\/sp\/blog\/wp-content\/uploads\/2019\/11\/los-5-alquileres-vacacionales-mejor-valorados-Paris-PA-2473-Saint-Germain-estudio-salon-768x512.jpg 768w, https:\/\/www.nyhabitat.com\/sp\/blog\/wp-content\/uploads\/2019\/11\/los-5-alquileres-vacacionales-mejor-valorados-Paris-PA-2473-Saint-Germain-estudio-salon-1024x683.jpg 1024w\" sizes=\"(max-width: 750px) 100vw, 750px\" \/><p id=\"caption-attachment-10159\" class=\"wp-caption-text\">Disfrute del encanto y las vistas de Par\u00eds desde un balc\u00f3n privado con una estancia en este estudio con alcoba. (ID del alquiler: PA-2473)<\/p><\/div>\n<p>No ha experimentado realmente una ciudad hasta que no la ha disfrutado en vista panor\u00e1mica. Esto es especialmente cierto en Par\u00eds, donde miles de turistas acuden a la <a title=\"Encuentre aqu\u00ed su gu\u00eda completa de la Torre Eiffel.\" href=\"https:\/\/www.nyhabitat.com\/sp\/blog\/2012\/11\/28\/torre-eiffel-paris\/\">Torre Eiffel<\/a>, a la <strong>Torre Montparnasse<\/strong> o a la <strong>bas\u00edlica del Sagrado Coraz\u00f3n<\/strong> de <a title=\"La bas\u00edlica del Sagrado Coraz\u00f3n es una visita obligatoria, pero no es lo \u00fanico que hay en Montmartre.\" href=\"https:\/\/www.nyhabitat.com\/sp\/blog\/2012\/10\/30\/visitar-montmartre-paris\/\">Montmartre<\/a> simplemente para disfrutar de la vista de la ciudad. Otra manera de obtener una vista fabulosa de Par\u00eds es con un asiento en primera fila de un alquiler de vacaciones como este <a title=\"Disfrute de vistas de lujo desde el alquiler de un estudio vacacional econ\u00f3mico.\" href=\"https:\/\/www.nyhabitat.com\/sp\/paris-apartamentos\/vacaciones\/2473\">estudio con alcoba en Saint-Germain des Pr\u00e9s<\/a>.<\/p>\n<p>El estudio abraza su herencia parisina con sellos como <strong>suelos de parqu\u00e9<\/strong> y vigas vistas. El espacio est\u00e1 bien organizado gracias a su distribuci\u00f3n: separa la cocina y el comedor de la sala de estar, donde se puede disfrutar de un equipo de m\u00fasica o de una televisi\u00f3n con <strong>canales internacionales<\/strong>. La <strong>cama de matrimonio<\/strong> y el dormitorio tambi\u00e9n est\u00e1n separadas de la sala de estar principal por una cortina que los inquilinos han elogiado por su funcionalidad.<\/p>\n<div id=\"attachment_10158\" style=\"width: 750px\" class=\"wp-caption aligncenter\"><img aria-describedby=\"caption-attachment-10158\" loading=\"lazy\" class=\"wp-image-10158\" src=\"https:\/\/www.nyhabitat.com\/sp\/blog\/wp-content\/uploads\/2019\/11\/los-5-alquileres-vacacionales-mejor-valorados-Paris-PA-2473-Saint-Germain-estudio-cocina.jpg\" alt=\"Imagen de la cocina del alojamiento PA-2473 con mesa y sillas.\" width=\"750\" height=\"500\" srcset=\"https:\/\/www.nyhabitat.com\/sp\/blog\/wp-content\/uploads\/2019\/11\/los-5-alquileres-vacacionales-mejor-valorados-Paris-PA-2473-Saint-Germain-estudio-cocina.jpg 1500w, https:\/\/www.nyhabitat.com\/sp\/blog\/wp-content\/uploads\/2019\/11\/los-5-alquileres-vacacionales-mejor-valorados-Paris-PA-2473-Saint-Germain-estudio-cocina-300x200.jpg 300w, https:\/\/www.nyhabitat.com\/sp\/blog\/wp-content\/uploads\/2019\/11\/los-5-alquileres-vacacionales-mejor-valorados-Paris-PA-2473-Saint-Germain-estudio-cocina-768x512.jpg 768w, https:\/\/www.nyhabitat.com\/sp\/blog\/wp-content\/uploads\/2019\/11\/los-5-alquileres-vacacionales-mejor-valorados-Paris-PA-2473-Saint-Germain-estudio-cocina-1024x683.jpg 1024w\" sizes=\"(max-width: 750px) 100vw, 750px\" \/><p id=\"caption-attachment-10158\" class=\"wp-caption-text\">Las ventanas se extienden a lo largo de toda la pared trasera de este alquiler, llenando el apartamento de luz solar. (ID del alquiler: PA-2473)<\/p><\/div>\n<p>Lo que realmente une el espacio es el ventanal que va desde la sala de estar hasta la cocina. La vista desde el apartamento da a las azoteas de Par\u00eds y, por si no es suficiente, tambi\u00e9n puede verla de primera mano desde su espacioso <strong>balc\u00f3n privado<\/strong>. El apartamento tiene actualmente una <strong>valoraci\u00f3n de 4,6 estrellas<\/strong> con 31 cr\u00edticas y los antiguos inquilinos como Katrine H. de Dinamarca han elogiado el apartamento por dentro y por fuera:<\/p>\n<blockquote><p><em>\u00abTuvimos una estancia maravillosa en Par\u00eds; el apartamento es encantador, perfecto para una familia de 4. La vista es incre\u00edble y el amplio balc\u00f3n lo hace a\u00fan mejor, \u00a1nos encant\u00f3!\u00bb<\/em><\/p><\/blockquote>\n<p>De hecho, los comentarios sobre el due\u00f1o y la experiencia son tan positivos que algunos clientes como Carey J. de los Estados Unidos han querido hacer de este apartamento el \u00fanico lugar donde se alojan en Par\u00eds:<\/p>\n<blockquote><p><em>\u00abOlivier, el due\u00f1o, es el mejor. Me encanta este apartamento. Sue\u00f1o con la vista y es el \u00fanico apartamento en el que quiero hospedarme en Par\u00eds. Cada vez que me quedo en otro lugar, no importa lo lujoso que sea, termino extra\u00f1ando este alojamiento\u00bb.<\/em><\/p><\/blockquote>\n<p>Para un alquiler de vacaciones con encanto, una vista fant\u00e1stica y una ubicaci\u00f3n c\u00e9ntrica en el <a title=\"\u00bfHospedarse en el distrito 6? Conozca a nuestra gu\u00eda del distrito.\" href=\"https:\/\/www.nyhabitat.com\/sp\/blog\/2013\/12\/31\/viva-como-habitante-distrito-6-paris\/\">6.\u00ba distrito de Par\u00eds<\/a>, pruebe este luminoso estudio con alcoba.<\/p>\n<p style=\"padding-left: 30px;\"><strong>Disfrute del sol en un alquiler de 3 dormitorios en el Barrio Latino<\/strong><\/p>\n<div id=\"attachment_10164\" style=\"width: 750px\" class=\"wp-caption aligncenter\"><img aria-describedby=\"caption-attachment-10164\" loading=\"lazy\" class=\"wp-image-10164\" src=\"https:\/\/www.nyhabitat.com\/sp\/blog\/wp-content\/uploads\/2019\/11\/los-5-alquileres-vacacionales-mejor-valorados-Paris-PA-1331-Barrio-Latino-apartamento-salon.jpg\" alt=\"Imagen del sal\u00f3n del alojamiento PA-1331 con un sof\u00e1 rojo, sillas, un piano y una chimenea decorativa.\" width=\"750\" height=\"550\" srcset=\"https:\/\/www.nyhabitat.com\/sp\/blog\/wp-content\/uploads\/2019\/11\/los-5-alquileres-vacacionales-mejor-valorados-Paris-PA-1331-Barrio-Latino-apartamento-salon.jpg 1500w, https:\/\/www.nyhabitat.com\/sp\/blog\/wp-content\/uploads\/2019\/11\/los-5-alquileres-vacacionales-mejor-valorados-Paris-PA-1331-Barrio-Latino-apartamento-salon-300x220.jpg 300w, https:\/\/www.nyhabitat.com\/sp\/blog\/wp-content\/uploads\/2019\/11\/los-5-alquileres-vacacionales-mejor-valorados-Paris-PA-1331-Barrio-Latino-apartamento-salon-768x563.jpg 768w, https:\/\/www.nyhabitat.com\/sp\/blog\/wp-content\/uploads\/2019\/11\/los-5-alquileres-vacacionales-mejor-valorados-Paris-PA-1331-Barrio-Latino-apartamento-salon-1024x751.jpg 1024w\" sizes=\"(max-width: 750px) 100vw, 750px\" \/><p id=\"caption-attachment-10164\" class=\"wp-caption-text\">El ambiente alegre de este alquiler de vacaciones y su ubicaci\u00f3n en el intelectual Barrio Latino seguramente despertar\u00e1n una animada conversaci\u00f3n con los amigos. (ID del alquiler: PA-1331)<\/p><\/div>\n<p>Ya est\u00e9 de visita en <a title=\"No se pierda nuestra gu\u00eda de verano en Par\u00eds.\" href=\"https:\/\/www.nyhabitat.com\/sp\/blog\/2019\/07\/12\/paris-verano-guia-practica-2019-apartamentos\/\">Par\u00eds durante la temporada alta de verano<\/a> o aprovechando el relajado oto\u00f1o e invierno, no querr\u00e1 perderse el sol. Afortunadamente, puede optar a este alquiler de vacaciones de <strong>5 estrellas<\/strong> de <a title=\"Eche un vistazo a cada rinc\u00f3n de este lujoso apartamento de 3 dormitorios en el Barrio Latino.\" href=\"https:\/\/www.nyhabitat.com\/sp\/paris-apartamentos\/vacaciones\/1331\">3 dormitorios en el Barrio Latino<\/a>. Con sus paredes blancas, muebles de colores llamativos y numerosas <strong>puertas<\/strong> y <strong>ventanas francesas<\/strong>, este apartamento permite que la luz llegue a la sala de estar central, zona acristalada, que tambi\u00e9n sirve de comedor, y a la <strong>cocina moderna<\/strong>.<\/p>\n<div id=\"attachment_10165\" style=\"width: 750px\" class=\"wp-caption aligncenter\"><img aria-describedby=\"caption-attachment-10165\" loading=\"lazy\" class=\"wp-image-10165\" src=\"https:\/\/www.nyhabitat.com\/sp\/blog\/wp-content\/uploads\/2019\/11\/los-5-alquileres-vacacionales-mejor-valorados-Paris-PA-1331-Barrio-Latino-apartamento-zona-acristalada.jpg\" alt=\"Imagen de sol\u00e1rium del alojamiento PA-1331 con una mesa peque\u00f1a y sillas, chimenea decorativa y ventanas francesas.\" width=\"750\" height=\"500\" srcset=\"https:\/\/www.nyhabitat.com\/sp\/blog\/wp-content\/uploads\/2019\/11\/los-5-alquileres-vacacionales-mejor-valorados-Paris-PA-1331-Barrio-Latino-apartamento-zona-acristalada.jpg 1500w, https:\/\/www.nyhabitat.com\/sp\/blog\/wp-content\/uploads\/2019\/11\/los-5-alquileres-vacacionales-mejor-valorados-Paris-PA-1331-Barrio-Latino-apartamento-zona-acristalada-300x200.jpg 300w, https:\/\/www.nyhabitat.com\/sp\/blog\/wp-content\/uploads\/2019\/11\/los-5-alquileres-vacacionales-mejor-valorados-Paris-PA-1331-Barrio-Latino-apartamento-zona-acristalada-768x512.jpg 768w, https:\/\/www.nyhabitat.com\/sp\/blog\/wp-content\/uploads\/2019\/11\/los-5-alquileres-vacacionales-mejor-valorados-Paris-PA-1331-Barrio-Latino-apartamento-zona-acristalada-1024x683.jpg 1024w\" sizes=\"(max-width: 750px) 100vw, 750px\" \/><p id=\"caption-attachment-10165\" class=\"wp-caption-text\">Cene o disfrute del sol en este sal\u00f3n extra con amplias ventanas francesas. (ID del alquiler: PA-1331)<\/p><\/div>\n<p>El apartamento tiene capacidad para 8 adultos gracias a sus tres dormitorios. Las lujosas <strong>encimeras de granito<\/strong> de la cocina y los modernos electrodom\u00e9sticos le har\u00e1n sentir como en casa. Tambi\u00e9n disfrutar\u00e1 del ambiente del <a title=\"Con\u00f3zcalo antes de ir viendo este v\u00eddeo tour por el Barrio Latino.\" href=\"https:\/\/www.nyhabitat.com\/blog\/2011\/09\/22\/paris-neighborhood-video-tour-latin-quarter-part-1\/\">Barrio Latino<\/a>, un \u00e1rea de la ciudad conocida por su rica historia cultural, bibliotecas y universidades. El inquilino Harry B. de los Estados Unidos habl\u00f3 de la exquisitez de este alquiler al darle una valoraci\u00f3n de 5 estrellas:<\/p>\n<blockquote><p><em>\u00abSe han alojado en este apartamento tan bien equipado y ubicado tres generaciones de nuestra familia. Encontrar esas fabulosas colecciones de libros y m\u00fasica fue una grata sorpresa. El ambiente reflejaba el esp\u00edritu del Barrio Latino\u00bb.<\/em><\/p><\/blockquote>\n<p>Si est\u00e1 buscando un apartamento luminoso y animado que est\u00e9 preparado para reunirse con amigos y familiares cercanos en Par\u00eds, no se equivocar\u00e1 si elige este alquiler vacacional de alta calidad en el <strong>Barrio Latino<\/strong>.<\/p>\n<p style=\"padding-left: 30px;\"><strong>Celebre la creatividad con una estancia inolvidable en Le Marais<\/strong><\/p>\n<div id=\"attachment_10166\" style=\"width: 750px\" class=\"wp-caption aligncenter\"><img aria-describedby=\"caption-attachment-10166\" loading=\"lazy\" class=\"wp-image-10166\" src=\"https:\/\/www.nyhabitat.com\/sp\/blog\/wp-content\/uploads\/2019\/11\/los-5-alquileres-vacacionales-mejor-valorados-Paris-PA-1460-Le-Marais-apartmento-sal\u00f3n.jpg\" alt=\"Imagen de la sala de estar del alojamiento PA-1460 con un sof\u00e1 azul, una televisi\u00f3n de pantalla plana y arte mural.\" width=\"750\" height=\"520\" srcset=\"https:\/\/www.nyhabitat.com\/sp\/blog\/wp-content\/uploads\/2019\/11\/los-5-alquileres-vacacionales-mejor-valorados-Paris-PA-1460-Le-Marais-apartmento-sal\u00f3n.jpg 1500w, https:\/\/www.nyhabitat.com\/sp\/blog\/wp-content\/uploads\/2019\/11\/los-5-alquileres-vacacionales-mejor-valorados-Paris-PA-1460-Le-Marais-apartmento-sal\u00f3n-300x208.jpg 300w, https:\/\/www.nyhabitat.com\/sp\/blog\/wp-content\/uploads\/2019\/11\/los-5-alquileres-vacacionales-mejor-valorados-Paris-PA-1460-Le-Marais-apartmento-sal\u00f3n-768x532.jpg 768w, https:\/\/www.nyhabitat.com\/sp\/blog\/wp-content\/uploads\/2019\/11\/los-5-alquileres-vacacionales-mejor-valorados-Paris-PA-1460-Le-Marais-apartmento-sal\u00f3n-1024x709.jpg 1024w\" sizes=\"(max-width: 750px) 100vw, 750px\" \/><p id=\"caption-attachment-10166\" class=\"wp-caption-text\">El estilo moderno de este alquiler de vacaciones de Le Marais fomenta un estado de \u00e1nimo creativo. (ID del alquiler: PA-1460)<\/p><\/div>\n<p>Una de las caracter\u00edsticas m\u00e1s \u00fanicas y recomendables de un alquiler vacacional es su individualidad y car\u00e1cter personal. Encontrar\u00e1 el verdadero car\u00e1cter parisino en este <a title=\"Al\u00f3jese en este alquiler vacacional en Le Marais para gozar de una bienvenida \u00fanica a Par\u00eds.\" href=\"https:\/\/www.nyhabitat.com\/sp\/paris-apartamentos\/vacaciones\/1460\">alojamiento tan bien valorado de 2 dormitorios de Le Marais<\/a>. A pesar de estar <a title=\"A la gente le encant\u00f3 Le Marais por su glamurosa historia.\" href=\"https:\/\/www.nyhabitat.com\/sp\/blog\/2013\/09\/03\/viva-como-lugareno-marais-paris\/\">ubicado en una de las zonas m\u00e1s hist\u00f3ricas de Par\u00eds<\/a>, el estilo del apartamento es moderno con sus paredes blancas, muebles modernos y una colorida colecci\u00f3n de <strong>obras de arte<\/strong>. El apartamento tambi\u00e9n ofrece comodidades como una <strong>televisi\u00f3n por cable de pantalla plana<\/strong>, una <strong>lavadora<\/strong> y una <strong>secadora<\/strong>.<\/p>\n<p>La cocina es elegante y contempor\u00e1nea, equipada con armarios blancos y <strong>electrodom\u00e9sticos de acero inoxidable<\/strong>. No se sentir\u00e1 muy alejado del encanto hist\u00f3rico de Le<strong> Marais<\/strong>: hay amplias ventanas en ambas habitaciones que dan al exterior.<\/p>\n<div id=\"attachment_10157\" style=\"width: 750px\" class=\"wp-caption aligncenter\"><img aria-describedby=\"caption-attachment-10157\" loading=\"lazy\" class=\"wp-image-10157\" src=\"https:\/\/www.nyhabitat.com\/sp\/blog\/wp-content\/uploads\/2019\/11\/los-5-alquileres-vacacionales-mejor-valorados-Paris-PA-1460-Le-Marais-vista-de-la-calle.jpg\" alt=\"Imagen de una cafeter\u00eda en Le Marais.\" width=\"750\" height=\"500\" srcset=\"https:\/\/www.nyhabitat.com\/sp\/blog\/wp-content\/uploads\/2019\/11\/los-5-alquileres-vacacionales-mejor-valorados-Paris-PA-1460-Le-Marais-vista-de-la-calle.jpg 1500w, https:\/\/www.nyhabitat.com\/sp\/blog\/wp-content\/uploads\/2019\/11\/los-5-alquileres-vacacionales-mejor-valorados-Paris-PA-1460-Le-Marais-vista-de-la-calle-300x200.jpg 300w, https:\/\/www.nyhabitat.com\/sp\/blog\/wp-content\/uploads\/2019\/11\/los-5-alquileres-vacacionales-mejor-valorados-Paris-PA-1460-Le-Marais-vista-de-la-calle-768x512.jpg 768w, https:\/\/www.nyhabitat.com\/sp\/blog\/wp-content\/uploads\/2019\/11\/los-5-alquileres-vacacionales-mejor-valorados-Paris-PA-1460-Le-Marais-vista-de-la-calle-1024x683.jpg 1024w\" sizes=\"(max-width: 750px) 100vw, 750px\" \/><p id=\"caption-attachment-10157\" class=\"wp-caption-text\">Camine por el barrio de Le Marais y encontrar\u00e1 una gran cantidad de bellas arquitecturas y cafeter\u00edas informales.<\/p><\/div>\n<p>Hablando del barrio, Le Marais es una encantadora combinaci\u00f3n de hermosos edificios y plazas del siglo xvii, como la <strong>Plaza de Vosges<\/strong>, y modernos edificios de la ciudad como boutiques, cafeter\u00edas de brunch y un ambiente art\u00edstico. La mezcla de lo cl\u00e1sico y lo moderno hace del barrio un lugar que no dejar\u00e1 indiferente a casi ning\u00fan viajero. Si no nos cree, lea el comentario del antiguo inquilino Norman B., de Sud\u00e1frica:<\/p>\n<blockquote><p><em>\u00abEl apartamento nos ayud\u00f3 a experimentar una semana t\u00edpica en Le Marais, una parte impresionante de Par\u00eds. Los alrededores eran exactamente lo que esper\u00e1bamos; realmente especiales. El apartamento en s\u00ed&#8230; tiene un aspecto encantador. Creo que la zona se presta a ser creativa y art\u00edstica, y nos identificamos mucho con los propietarios, que son personas claramente artistas\u00bb.<\/em><\/p><\/blockquote>\n<p>Deje que su individualidad prospere con un alquiler de vacaciones tan \u00fanico como usted. Adem\u00e1s de su magn\u00edfica ubicaci\u00f3n en el centro, los alquileres vacacionales pueden ser alojamientos que reflejan su estilo personal y le permiten asumir la identidad de un local durante sus viajes.<\/p>\n<p style=\"padding-left: 30px;\"><strong>Contacte con su lado m\u00e1s natural en un \u00abtranquil\u00edsimo\u00bb alquiler de vacaciones<\/strong><\/p>\n<div id=\"attachment_10161\" style=\"width: 750px\" class=\"wp-caption aligncenter\"><img aria-describedby=\"caption-attachment-10161\" loading=\"lazy\" class=\"wp-image-10161\" src=\"https:\/\/www.nyhabitat.com\/sp\/blog\/wp-content\/uploads\/2019\/11\/los-5-alquileres-vacacionales-mejor-valorados-Paris-PA-4237-Bastille-salon.jpg\" alt=\"Imagen del sal\u00f3n del alojamiento PA-4237 con asientos en el sal\u00f3n, l\u00e1mpara de pie y obras de arte.\" width=\"750\" height=\"500\" srcset=\"https:\/\/www.nyhabitat.com\/sp\/blog\/wp-content\/uploads\/2019\/11\/los-5-alquileres-vacacionales-mejor-valorados-Paris-PA-4237-Bastille-salon.jpg 1500w, https:\/\/www.nyhabitat.com\/sp\/blog\/wp-content\/uploads\/2019\/11\/los-5-alquileres-vacacionales-mejor-valorados-Paris-PA-4237-Bastille-salon-300x200.jpg 300w, https:\/\/www.nyhabitat.com\/sp\/blog\/wp-content\/uploads\/2019\/11\/los-5-alquileres-vacacionales-mejor-valorados-Paris-PA-4237-Bastille-salon-768x512.jpg 768w, https:\/\/www.nyhabitat.com\/sp\/blog\/wp-content\/uploads\/2019\/11\/los-5-alquileres-vacacionales-mejor-valorados-Paris-PA-4237-Bastille-salon-1024x683.jpg 1024w\" sizes=\"(max-width: 750px) 100vw, 750px\" \/><p id=\"caption-attachment-10161\" class=\"wp-caption-text\">La vibraci\u00f3n terrenal y la vegetaci\u00f3n circundante dan lugar a un espacio relajante y apacible en este alquiler de vacaciones en la Bastilla. (ID del alquiler: PA-4237)<\/p><\/div>\n<p>Por mucho que nos gusten las grandes ciudades como Par\u00eds, siempre es agradable sentirse como en casa en un alojamiento de vacaciones al que ir a descansar despu\u00e9s de un d\u00eda ajetreado. <a title=\"No puede perderse estos 10 puntos tur\u00edsticos de Par\u00eds si quiere tener un viaje completo.\" href=\"https:\/\/www.nyhabitat.com\/sp\/blog\/2014\/07\/15\/diez-mejores-lugares-no-debe-perderse-paris\/\">Par\u00eds tiene algunos de los museos y puntos tur\u00edsticos m\u00e1s visitados del mundo<\/a>, as\u00ed que si quiere alejarse un poco de la multitud, intente retirarse a este <a title=\"Explore este oasis escondido en el barrio de la Bastilla de Par\u00eds.\" href=\"https:\/\/www.nyhabitat.com\/sp\/paris-apartamentos\/vacaciones\/4237\">alquiler de vacaciones de 1 dormitorio en la Bastilla<\/a>.<\/p>\n<p>El <strong>d\u00faplex<\/strong> est\u00e1 decorado con objetos de los viajes de los propietarios, lo que le da un aire sofisticado y bohemio. Las <strong>vigas vistas<\/strong> de roble le dan al apartamento una doble dosis de estilo parisino natural, y las amplias ventanas inundan el espacio con luz natural. Adem\u00e1s de todo lo anterior, el apartamento est\u00e1 situado en un edificio que comparte con otro apartamento y rodea un <strong>jard\u00edn privado<\/strong> que a\u00edsla el espacio de las concurridas calles de Par\u00eds.<\/p>\n<p>Toda esta privacidad crea una atm\u00f3sfera en este alquiler vacacional que los inquilinos elogian continuamente por su ambiente tranquilo y su sentido de relajaci\u00f3n. Stephen T. de Australia dej\u00f3 el siguiente comentario:<\/p>\n<blockquote><p><em>\u00abLo mejor del apartamento es el oasis de calma que desprende. Par\u00eds, a pesar de todas sus exquisiteces, es una ciudad exigente y es un gran alivio volver a un apartamento que es incluso exageradamente tranquilo. Tres de las cuatro ventanas dan al jard\u00edn y nos despertamos con el (fuerte) canto de los p\u00e1jaros. Me gustar\u00eda recalcar lo agradable que fue retirarse del bullicio de Par\u00eds a la tranquilidad de nuestro apartamento\u00bb.<\/em><\/p><\/blockquote>\n<p>De hecho, \u00a1algunos antiguos inquilinos encontraron el alquiler tan tranquilo, que no quer\u00edan irse! Vea la rese\u00f1a de nuestra inquilina belga Emma G:<\/p>\n<blockquote><p><em>\u00abUn espacio muy bien hecho que era m\u00e1s que suficiente y realmente c\u00f3modo. Podr\u00eda haber pasado todo el d\u00eda all\u00ed y no apartar la vista de la ventana, desde donde se ve el maravilloso jard\u00edn\u00bb.<\/em><\/p><\/blockquote>\n<p>Incluso los m\u00e1s enamorados de Par\u00eds pueden querer alojarse en este tranquilo alquiler vacacional que ofrece un lugar aislado en la bulliciosa Ciudad de las Luces. Y no se preocupe, moverse no podr\u00eda ser m\u00e1s f\u00e1cil, ya que la <strong>estaci\u00f3n de metro<\/strong> m\u00e1s cercana est\u00e1 en esa misma manzana.<\/p>\n<p style=\"padding-left: 30px;\"><strong>Diga bonjour a la emblem\u00e1tica vista desde este alquiler en los Inv\u00e1lidos<\/strong><\/p>\n<div id=\"attachment_10160\" style=\"width: 750px\" class=\"wp-caption aligncenter\"><img aria-describedby=\"caption-attachment-10160\" loading=\"lazy\" class=\"wp-image-10160\" src=\"https:\/\/www.nyhabitat.com\/sp\/blog\/wp-content\/uploads\/2019\/11\/los-5-alquileres-vacacionales-mejor-valorados-Paris-PA-3384-Invalides-apartamento-dormitorio-vistas.jpg\" alt=\"Imagen del dormitorio del alojamiento PA-3384 con sillas y una ventana abierta.\" width=\"750\" height=\"512\" srcset=\"https:\/\/www.nyhabitat.com\/sp\/blog\/wp-content\/uploads\/2019\/11\/los-5-alquileres-vacacionales-mejor-valorados-Paris-PA-3384-Invalides-apartamento-dormitorio-vistas.jpg 1500w, https:\/\/www.nyhabitat.com\/sp\/blog\/wp-content\/uploads\/2019\/11\/los-5-alquileres-vacacionales-mejor-valorados-Paris-PA-3384-Invalides-apartamento-dormitorio-vistas-300x205.jpg 300w, https:\/\/www.nyhabitat.com\/sp\/blog\/wp-content\/uploads\/2019\/11\/los-5-alquileres-vacacionales-mejor-valorados-Paris-PA-3384-Invalides-apartamento-dormitorio-vistas-768x524.jpg 768w, https:\/\/www.nyhabitat.com\/sp\/blog\/wp-content\/uploads\/2019\/11\/los-5-alquileres-vacacionales-mejor-valorados-Paris-PA-3384-Invalides-apartamento-dormitorio-vistas-1024x699.jpg 1024w\" sizes=\"(max-width: 750px) 100vw, 750px\" \/><p id=\"caption-attachment-10160\" class=\"wp-caption-text\">Despierte con unas vistas de calidad de tarjeta postal de la Torre Eiffel desde la ventana de su dormitorio. (ID del alquiler: PA-3384)<\/p><\/div>\n<p>La mayor\u00eda de los que viajan a Par\u00eds pasan horas estudiando las gu\u00edas de viaje, haciendo una lista de <strong>lugares para visitar<\/strong> y, por supuesto, planificando su viaje a la emblem\u00e1tica <strong>Torre Eiffel<\/strong>. \u00bfPor qu\u00e9 no disfrutar de un asiento en primera fila? No podr\u00eda haber un alquiler vacacional m\u00e1s Par\u00eds que este <a title=\"Este apartamento en Par\u00eds es uno de los mejores alojamientos de nuestro sitio web.\" href=\"https:\/\/www.nyhabitat.com\/sp\/paris-apartamentos\/vacaciones\/3384\">alquiler de vacaciones de 1 dormitorio en los Inv\u00e1lidos con vistas a la Torre Eiffel<\/a>.<\/p>\n<p>El estilo moderno, minimalista y de buen gusto de este apartamento parisino seguro que enamora a la mayor\u00eda de los viajeros. Los suelos de madera, las paredes blancas, los inmensos <strong>ventanales<\/strong> y puertas, una cocina y un ba\u00f1o de azulejos blancos son toques atemporales que hacen que el espacio sea un hogar para los viajeros de todos los rincones del mundo. Adem\u00e1s, el apartamento dispone de una <strong>terraza privada amueblada<\/strong> para disfrutar de las vistas sobre los tejados de Par\u00eds y la <strong>c\u00fapula de los Inv\u00e1lidos<\/strong>.<\/p>\n<div id=\"attachment_10163\" style=\"width: 750px\" class=\"wp-caption aligncenter\"><img aria-describedby=\"caption-attachment-10163\" loading=\"lazy\" class=\"wp-image-10163\" src=\"https:\/\/www.nyhabitat.com\/sp\/blog\/wp-content\/uploads\/2019\/11\/los-5-alquileres-vacacionales-mejor-valorados-Paris-PA-3384-Invalidos-apartmento-salon.jpg\" alt=\"Imagen del sal\u00f3n del alojamiento PA-3384 con sillas, televisi\u00f3n y puertas francesas que dan al balc\u00f3n. \" width=\"750\" height=\"500\" srcset=\"https:\/\/www.nyhabitat.com\/sp\/blog\/wp-content\/uploads\/2019\/11\/los-5-alquileres-vacacionales-mejor-valorados-Paris-PA-3384-Invalidos-apartmento-salon.jpg 1500w, https:\/\/www.nyhabitat.com\/sp\/blog\/wp-content\/uploads\/2019\/11\/los-5-alquileres-vacacionales-mejor-valorados-Paris-PA-3384-Invalidos-apartmento-salon-300x200.jpg 300w, https:\/\/www.nyhabitat.com\/sp\/blog\/wp-content\/uploads\/2019\/11\/los-5-alquileres-vacacionales-mejor-valorados-Paris-PA-3384-Invalidos-apartmento-salon-768x512.jpg 768w, https:\/\/www.nyhabitat.com\/sp\/blog\/wp-content\/uploads\/2019\/11\/los-5-alquileres-vacacionales-mejor-valorados-Paris-PA-3384-Invalidos-apartmento-salon-1024x683.jpg 1024w\" sizes=\"(max-width: 750px) 100vw, 750px\" \/><p id=\"caption-attachment-10163\" class=\"wp-caption-text\">El estilo fresco y moderno de este alquiler de vacaciones en los Invalides lo hace tan agradable por dentro como las vistas desde el exterior. (ID del alquiler: PA-3384)<\/p><\/div>\n<p>Sin duda, este <a title=\"Descubra m\u00e1s apartamentos con vistas a la Torre Eiffel.\" href=\"https:\/\/www.nyhabitat.com\/sp\/blog\/2014\/05\/20\/apartamentos-vistas-torre-eiffel-paris\/\">apartamento tiene la vista de Par\u00eds<\/a> que buscan los viajeros de todo el mundo. La prueba est\u00e1 en los comentarios estelares del apartamento: actualmente tiene una <strong>calificaci\u00f3n de 4,7 estrellas<\/strong> con 47 rese\u00f1as de antiguos inquilinos procedentes de ocho pa\u00edses diferentes. Adem\u00e1s de la vista, elogian continuamente la ubicaci\u00f3n y a la amable propietaria. Vea la rese\u00f1a de nuestro cliente anterior Paul F. de Canad\u00e1:<\/p>\n<blockquote><p><em>\u00abUna vez m\u00e1s, este apartamento me pareci\u00f3 el mejor desde el punto de vista del espacio y la ubicaci\u00f3n. Era la segunda vez que me quedaba aqu\u00ed y vali\u00f3 la pena. Todo sali\u00f3 bien, Marie era fant\u00e1stica y yo recomendar\u00eda este apartamento para una o dos personas. Ubicaci\u00f3n, ubicaci\u00f3n y \u00bfqui\u00e9n puede cansarse de las vistas de la Torre Eiffel y la C\u00fapula Dorada?\u00bb.<\/em><\/p><\/blockquote>\n<p>Tanto si es la primera vez que viene a Par\u00eds como si es un visitante habitual, este apartamento es el alquiler de vacaciones perfecto para darle la bienvenida a la ciudad. De hecho, cualquiera de nuestros alquileres vacacionales de alta calidad es perfecto. Si se siente aventurero, \u00bfpor qu\u00e9 no echa un vistazo a los otros <a title=\"Descubra todos nuestros alquileres vacacionales en Par\u00eds.\" href=\"https:\/\/www.nyhabitat.com\/sp\/paris-apartamentos\/vacaciones\/3384\">alquileres de vacaciones de Par\u00eds de nuestro cat\u00e1logo<\/a> para encontrar el alojamiento perfecto o nos <a title=\"\u00bfBusca un apartamento? P\u00f3ngase en contacto con nosotros.\" href=\"https:\/\/www.nyhabitat.com\/sp\/paris-apartamentos\/solicitud.php\">env\u00eda una solicitud<\/a> para que nos pongamos en contacto con un agente que le ayude? Qui\u00e9n sabe, es posible que quiera prolongar su estancia en <a title=\"Para estancias m\u00e1s largas, alquile un apartamento amueblado de m\u00e1xima calidad en Par\u00eds.\" href=\"https:\/\/www.nyhabitat.com\/blog\/2019\/05\/20\/5-top-rated-paris-furnished-apartment-rentals\/\">Par\u00eds con un apartamento amueblado de primera calidad<\/a>. Solo hay una manera de averiguarlo: \u00a1comience a planificar su viaje!<\/p>\n","protected":false},"excerpt":{"rendered":"<p>\u00a1Vea el lado diferente de Par\u00eds! Es cierto que la ciudad es el destino favorito de millones de visitantes anuales, pero solo unos pocos turistas&#8230;<\/p>\n","protected":false},"author":1,"featured_media":0,"comment_status":"open","ping_status":"closed","sticky":false,"template":"","format":"standard","meta":[],"categories":[51,33],"tags":[],"_links":{"self":[{"href":"https:\/\/www.nyhabitat.com\/sp\/blog\/wp-json\/wp\/v2\/posts\/10153"}],"collection":[{"href":"https:\/\/www.nyhabitat.com\/sp\/blog\/wp-json\/wp\/v2\/posts"}],"about":[{"href":"https:\/\/www.nyhabitat.com\/sp\/blog\/wp-json\/wp\/v2\/types\/post"}],"author":[{"embeddable":true,"href":"https:\/\/www.nyhabitat.com\/sp\/blog\/wp-json\/wp\/v2\/users\/1"}],"replies":[{"embeddable":true,"href":"https:\/\/www.nyhabitat.com\/sp\/blog\/wp-json\/wp\/v2\/comments?post=10153"}],"version-history":[{"count":7,"href":"https:\/\/www.nyhabitat.com\/sp\/blog\/wp-json\/wp\/v2\/posts\/10153\/revisions"}],"predecessor-version":[{"id":10170,"href":"https:\/\/www.nyhabitat.com\/sp\/blog\/wp-json\/wp\/v2\/posts\/10153\/revisions\/10170"}],"wp:attachment":[{"href":"https:\/\/www.nyhabitat.com\/sp\/blog\/wp-json\/wp\/v2\/media?parent=10153"}],"wp:term":[{"taxonomy":"category","embeddable":true,"href":"https:\/\/www.nyhabitat.com\/sp\/blog\/wp-json\/wp\/v2\/categories?post=10153"},{"taxonomy":"post_tag","embeddable":true,"href":"https:\/\/www.nyhabitat.com\/sp\/blog\/wp-json\/wp\/v2\/tags?post=10153"}],"curies":[{"name":"wp","href":"https:\/\/api.w.org\/{rel}","templated":true}]}}