{"id":1835,"date":"2010-07-06T14:50:25","date_gmt":"2010-07-06T19:50:25","guid":{"rendered":"https:\/\/www.nyhabitat.com\/sp\/blog\/?p=1835"},"modified":"2012-12-31T16:35:38","modified_gmt":"2012-12-31T21:35:38","slug":"festival-musica-chopin-paris","status":"publish","type":"post","link":"https:\/\/www.nyhabitat.com\/sp\/blog\/2010\/07\/06\/festival-musica-chopin-paris\/","title":{"rendered":"El Festival de m\u00fasica de Chopin en Par\u00eds"},"content":{"rendered":"<p><img loading=\"lazy\" class=\"alignleft size-medium wp-image-2610\" src=\"https:\/\/www.nyhabitat.com\/sp\/blog\/wp-content\/uploads\/2010\/07\/paris-chopin-200x300.jpg\" alt=\"Sobre Chopin\" width=\"200\" height=\"300\" srcset=\"https:\/\/www.nyhabitat.com\/sp\/blog\/wp-content\/uploads\/2010\/07\/paris-chopin-200x300.jpg 200w, https:\/\/www.nyhabitat.com\/sp\/blog\/wp-content\/uploads\/2010\/07\/paris-chopin.jpg 600w\" sizes=\"(max-width: 200px) 100vw, 200px\" \/>Ya hemos comentado anteriormente <strong>la pasi\u00f3n parisina por la m\u00fasica<\/strong>; sus numerosos clubs de jazz por toda la ciudad, los conciertos callejeros y la calidad de los festivales del pop y rock que se celebran cada verano en los alrededores de la ciudad. La acogida de la m\u00fasica en esta ciudad es enorme y se refiere a todos los tipos de m\u00fasica. Los parisinos se definen con muchos estilos musicales pero para los que visitan la ciudad hay un estilo que le va perfectamente a la arquitectura y es la m\u00fasica cl\u00e1sica.\u00a0Escuche en su \u00a0ipod algunas canciones cl\u00e1sicas mientras da un paseo por St. Germain de Pres y entender\u00e1 a qu\u00e9 nos referimos.<\/p>\n<p>Por ello no nos sorprende la popularidad de la m\u00fasica cl\u00e1sica en Par\u00eds y entre sus grandes maestros, <strong>el especial afecto que sienten por Frederic Chopin<\/strong>, que aunque era polaco, su padre era franc\u00e9s y \u00e9l mismo pas\u00f3 la mayor parte de su edad adulta en Par\u00eds, como muchos franceses se\u00f1alan r\u00e1pidamente al hablar del autor. El amor de la ciudad por Chopin es tal que llevan celebrando desde hace 27 a\u00f1os un festival en su honor. Este a\u00f1o durante ese mismo festival se rinde tributo a otro compositor rom\u00e1ntico, Robert Schumann. <strong>El Festival de m\u00fasica de Chopin se celebra del 18 de junio al 14 de julio (el d\u00eda de la Bastilla) en la Orangerie de Bagatelle<\/strong>, con un concierto inaugural en el Gran Auditorio de la UNESCO. Este a\u00f1o se conmemora a estos dos maestros con 8 conciertos a la luz de las velas y tres recitales orquestrados por algunos de los m\u00e1s grandes m\u00fasicos, pianistas y compositores del panorama actual de la m\u00fasica cl\u00e1sica. Los precios de los conciertos son muy razonables y tienen lugar a un corto paseo de la Torre Eiffel. \u00bfPuede imaginar un escenario mejor para un concierto de m\u00fasica cl\u00e1sica?<!--more--><\/p>\n<p>New York Habitat cuenta con muchos apartamentos cercanos a esta zona y <strong>disponibles durante el Festival de m\u00fasica de Chopin<\/strong>, a continuaci\u00f3n les ofrecemos una muestra:<a href=\"\/sp\/paris-apartamentos\/vacaciones\/1087\"><img loading=\"lazy\" class=\"alignright size-full wp-image-1842\" src=\"https:\/\/www.nyhabitat.com\/sp\/blog\/wp-content\/uploads\/2010\/06\/paris-accommodation-6-23.jpg\" alt=\"Apartamento en Par\u00eds (PA-1087)\" width=\"300\" height=\"225\" \/><\/a><\/p>\n<p>&#8211;<a title=\"Apartamento en Par\u00eds - Estudio - Trocadero, Auteuil - Torre Eiffel \" href=\"\/sp\/paris-apartamentos\/amueblados\/3317\">Estudio en Trocadero, Auteuil-Torre Eiffel, Par\u00eds (PA-3317)<\/a> con una terraza que ofrece magn\u00edficas vistas de la ciudad.<\/p>\n<p>&#8211;<a title=\"Alojamiento en Par\u00eds - 1 Dormitorio - Trocadero, Auteuil - Torre Eiffel \" href=\"\/sp\/paris-apartamentos\/vacaciones\/2579\">Apartamento de 1 dormitorio en Trocadero, Auteuil-Torre Eiffel, Par\u00eds (PA-2579)<\/a> a unos pasos de la Torre Eifel, con muchos detalles llenos de encanto, chimenea decorativa y ventanas con vidrieras.<\/p>\n<p>&#8211;<a title=\"Alojamiento en Par\u00eds - 2 Dormitorios - Trocadero, Auteuil - Torre Eiffel \" href=\"\/sp\/paris-apartamentos\/vacaciones\/1087\">Apartamento de 2 dormitorios en Trocadero, Auteuil-Torre Eiffel, Par\u00eds (PA-1087)<\/a> con una azotea desde la que tendr\u00e1 preciosas vistas del Sena y situado en un elegante edificio del siglo 18.<\/p>\n","protected":false},"excerpt":{"rendered":"<p>Ya hemos comentado anteriormente la pasi\u00f3n parisina por la m\u00fasica; sus numerosos clubs de jazz por toda la ciudad, los conciertos callejeros y la calidad&#8230;<\/p>\n","protected":false},"author":2,"featured_media":0,"comment_status":"open","ping_status":"closed","sticky":false,"template":"","format":"standard","meta":[],"categories":[48],"tags":[],"_links":{"self":[{"href":"https:\/\/www.nyhabitat.com\/sp\/blog\/wp-json\/wp\/v2\/posts\/1835"}],"collection":[{"href":"https:\/\/www.nyhabitat.com\/sp\/blog\/wp-json\/wp\/v2\/posts"}],"about":[{"href":"https:\/\/www.nyhabitat.com\/sp\/blog\/wp-json\/wp\/v2\/types\/post"}],"author":[{"embeddable":true,"href":"https:\/\/www.nyhabitat.com\/sp\/blog\/wp-json\/wp\/v2\/users\/2"}],"replies":[{"embeddable":true,"href":"https:\/\/www.nyhabitat.com\/sp\/blog\/wp-json\/wp\/v2\/comments?post=1835"}],"version-history":[{"count":14,"href":"https:\/\/www.nyhabitat.com\/sp\/blog\/wp-json\/wp\/v2\/posts\/1835\/revisions"}],"predecessor-version":[{"id":2612,"href":"https:\/\/www.nyhabitat.com\/sp\/blog\/wp-json\/wp\/v2\/posts\/1835\/revisions\/2612"}],"wp:attachment":[{"href":"https:\/\/www.nyhabitat.com\/sp\/blog\/wp-json\/wp\/v2\/media?parent=1835"}],"wp:term":[{"taxonomy":"category","embeddable":true,"href":"https:\/\/www.nyhabitat.com\/sp\/blog\/wp-json\/wp\/v2\/categories?post=1835"},{"taxonomy":"post_tag","embeddable":true,"href":"https:\/\/www.nyhabitat.com\/sp\/blog\/wp-json\/wp\/v2\/tags?post=1835"}],"curies":[{"name":"wp","href":"https:\/\/api.w.org\/{rel}","templated":true}]}}