{"id":1883,"date":"2010-07-22T15:46:27","date_gmt":"2010-07-22T20:46:27","guid":{"rendered":"https:\/\/www.nyhabitat.com\/sp\/blog\/?p=1883"},"modified":"2014-04-29T05:25:47","modified_gmt":"2014-04-29T10:25:47","slug":"festival-internacional-arte-contemporaneo-ap","status":"publish","type":"post","link":"https:\/\/www.nyhabitat.com\/sp\/blog\/2010\/07\/22\/festival-internacional-arte-contemporaneo-ap\/","title":{"rendered":"El Festival internacional de Arte contempor\u00e1neo AP llega al sur de Francia"},"content":{"rendered":"<p><img loading=\"lazy\" class=\"size-full wp-image-1884 alignleft\" src=\"https:\/\/www.nyhabitat.com\/sp\/blog\/wp-content\/uploads\/2010\/07\/ap-art-festival.jpg\" alt=\"Festival de arte AP\" width=\"167\" height=\"147\" \/>Este a\u00f1o <strong>un nuevo festival toma el sur de Francia<\/strong> con fuerza. Del 8 al 13 de julio se celebra en la regi\u00f3n del Alpilles en el sur de Francia el<strong> <\/strong><a href=\"http:\/\/www.festival-apart.org\/\" rel=\"nofollow\">Festival internacional de Arte contempor\u00e1neo de Alpilles-Provence<\/a>. Los artistas presentan sus creaciones en m\u00e1s de 30 salas por toda la regi\u00f3n. Adem\u00e1s se ofrecen coloquios, conferencias, proyecci\u00f3n de pel\u00edculas, visitas a estudios de creadores y mucho m\u00e1s. Es una gran oportunidad para ver el arte que se est\u00e1 produciendo en el sur de Francia y de <strong>disfrutar al mismo tiempo de la Provenza<\/strong> como un local m\u00e1s, y qu\u00e9 mejor manera que alquilar su propia villa en la zona.<\/p>\n<p>Con todas las nuevas creaciones el festival es la oportunidad perfecta para ver los nuevos estilos y los \u00faltimos trabajos, estudiar sus fuentes de inspiraci\u00f3n y recorrer los paisajes de la regi\u00f3n de Alpilles.<!--more--><\/p>\n<p><strong>El centro de Festival de Arte contempor\u00e1neo AP es sin lugar a dudas Saint-Remy-de-Provence<\/strong> donde se sit\u00faa 17 de las salas que exponen los trabajos, pero todas las salas se encuentran a menos de 10 km del centro de Saint-Remy-de-Provence incluyendo los pueblos cercanos como Les Baux-de-Provence, Eygali\u00e8res, Orgon, Saint-Etienne-du-Gr\u00e8s y Tarascon.<\/p>\n<p>Algunas de las muestras continuar\u00e1n en septiembre as\u00ed que si no puede desplazarse ahora mismo todav\u00eda tiene tiempo para ver muchas de las exposiciones. New York Habitat tiene muchos apartamentos y villas en la zona, como estas:<\/p>\n<p>Una <a title=\"Alojamiento en el Sur de Francia 5 Dormitorios - Saint R\u00e9my de Provence, Provenza (PR-420)\" href=\"https:\/\/www.nyhabitat.com\/sp\/sur-francia-apartamentos\/vacaciones\/420\">villa de vacaciones de cuatro dormitorios a solo cinco minutes del centro de Saint-Remy-de-Provence (PR-420)<\/a> con piscina y muy amplio para toda la familia.<\/p>\n<p>Un apartamento <a title=\"Apartamento en el Sur de Francia Estudio - Saint R\u00e9my de Provence, Provenza (PR-1051)\" href=\"https:\/\/www.nyhabitat.com\/sp\/sur-francia-apartamentos\/amueblados\/1051\">estudio en Saint-Remy de Provence (PR-1051)<\/a> con terraza privada y un peque\u00f1o jard\u00edn.<\/p>\n<p>Un apartamento de vacaciones de un dormitorio <a title=\"Alojamiento en el Sur de Francia 1 Dormitorio - Saint R\u00e9my de Provence, Provenza (PR-838)\" href=\"https:\/\/www.nyhabitat.com\/sp\/sur-francia-apartamentos\/vacaciones\/838\">situado en una tranquila zona residencial cerca del centro de Saint-Remy-de-Provence (PR-838<\/a>).<\/p>\n<p>&nbsp;<\/p>\n<p>Hay muchas opciones encantadoras a lo largo de la regi\u00f3n de Alpilles en Francia lo que hacen del Festival internacional de Arte contempor\u00e1neo AP incluso m\u00e1s interesante.<\/p>\n<p>Si decide visitar las exposiciones comparta sus impresiones con nosotros sobre este festival \u00fanico en el sur de Francia.<\/p>\n","protected":false},"excerpt":{"rendered":"<p>Este a\u00f1o un nuevo festival toma el sur de Francia con fuerza. Del 8 al 13 de julio se celebra en la regi\u00f3n del Alpilles&#8230;<\/p>\n","protected":false},"author":2,"featured_media":0,"comment_status":"open","ping_status":"closed","sticky":false,"template":"","format":"standard","meta":[],"categories":[91],"tags":[],"_links":{"self":[{"href":"https:\/\/www.nyhabitat.com\/sp\/blog\/wp-json\/wp\/v2\/posts\/1883"}],"collection":[{"href":"https:\/\/www.nyhabitat.com\/sp\/blog\/wp-json\/wp\/v2\/posts"}],"about":[{"href":"https:\/\/www.nyhabitat.com\/sp\/blog\/wp-json\/wp\/v2\/types\/post"}],"author":[{"embeddable":true,"href":"https:\/\/www.nyhabitat.com\/sp\/blog\/wp-json\/wp\/v2\/users\/2"}],"replies":[{"embeddable":true,"href":"https:\/\/www.nyhabitat.com\/sp\/blog\/wp-json\/wp\/v2\/comments?post=1883"}],"version-history":[{"count":11,"href":"https:\/\/www.nyhabitat.com\/sp\/blog\/wp-json\/wp\/v2\/posts\/1883\/revisions"}],"predecessor-version":[{"id":5644,"href":"https:\/\/www.nyhabitat.com\/sp\/blog\/wp-json\/wp\/v2\/posts\/1883\/revisions\/5644"}],"wp:attachment":[{"href":"https:\/\/www.nyhabitat.com\/sp\/blog\/wp-json\/wp\/v2\/media?parent=1883"}],"wp:term":[{"taxonomy":"category","embeddable":true,"href":"https:\/\/www.nyhabitat.com\/sp\/blog\/wp-json\/wp\/v2\/categories?post=1883"},{"taxonomy":"post_tag","embeddable":true,"href":"https:\/\/www.nyhabitat.com\/sp\/blog\/wp-json\/wp\/v2\/tags?post=1883"}],"curies":[{"name":"wp","href":"https:\/\/api.w.org\/{rel}","templated":true}]}}