{"id":2222,"date":"2010-11-19T16:17:31","date_gmt":"2010-11-19T21:17:31","guid":{"rendered":"https:\/\/www.nyhabitat.com\/sp\/blog\/?p=2222"},"modified":"2016-04-07T15:06:04","modified_gmt":"2016-04-07T20:06:04","slug":"festival-de-las-orquestras-de-francia-en-paris","status":"publish","type":"post","link":"https:\/\/www.nyhabitat.com\/sp\/blog\/2010\/11\/19\/festival-de-las-orquestras-de-francia-en-paris\/","title":{"rendered":"Festival de las orquestras de Francia en Par\u00eds"},"content":{"rendered":"<p><img loading=\"lazy\" class=\"size-full wp-image-2223 alignleft\" src=\"https:\/\/www.nyhabitat.com\/sp\/blog\/wp-content\/uploads\/2010\/11\/bastille_opera-300x200.jpg\" alt=\"Opera Bastilla en Par\u00eds\" width=\"300\" height=\"200\" \/>Durante 10 d\u00edas en noviembre la m\u00fasica de las orquestras llena las calles, las salas de conciertos y las plazas de toda Francia. Como la mayor\u00eda de los acontecimientos culturales en Francia, Par\u00eds es el epicentro. <strong>Desde el 19 al 28 de noviembre<\/strong> la ciudad de Par\u00eds acoge 7 eventos que traen las orquetras a los colegios, 8 conciertos independientes y 13 eventos con el lema \u00abDescubriendo las orquestras\u00bb. El festival evita el tono intimidatorio y su objetivo es atraer tanto a los que aman el mundo de la orquestra como a los que nunca han tenido el placer de escuchar una orquestra en vivo.<\/p>\n<p>No s\u00f3lo tendr\u00e1 la oportunidad de disfrutar de m\u00fasicos de fama mundial, a menudo gratis, sino que <strong>tambi\u00e9n es una ocasi\u00f3n de visitar las incre\u00edbles salas de conciertos de la capita<\/strong>l. Por ejemplo, puede acercarse a escuchar un concierto de Beethoven en el famoso <strong>teatro Chatelet<\/strong> el 21 de noviembre, o ver la Orquestra de Par\u00eds interpretando a Mozart en el entorno de <strong>la renovada Sala Pleyel<\/strong> el 23, y tambi\u00e9n disfrutar de la Opera Nacional de Par\u00eds bajo la c\u00fapula de la famosa <strong>\u00d3pera de Par\u00eds<\/strong> el 19. Es una ocasi\u00f3n \u00fanica en la que las salas m\u00e1s importantes de la ciudad se unen para celebrar la m\u00fasica en todos sus g\u00e9neros. El festival de las orquestras es un regalo maravilloso al p\u00fablico, y los visitantes que se encuentren en Par\u00eds tambi\u00e9n pueden aprovecharlo y acudir a conciertos y actuaciones.<\/p>\n<p><img loading=\"lazy\" class=\"alignright size-full wp-image-2227\" src=\"https:\/\/www.nyhabitat.com\/sp\/blog\/wp-content\/uploads\/2010\/11\/france_paris-300x3001.jpg\" alt=\"Opera de Par\u00eds\" width=\"300\" height=\"300\" srcset=\"https:\/\/www.nyhabitat.com\/sp\/blog\/wp-content\/uploads\/2010\/11\/france_paris-300x3001.jpg 300w, https:\/\/www.nyhabitat.com\/sp\/blog\/wp-content\/uploads\/2010\/11\/france_paris-300x3001-150x150.jpg 150w\" sizes=\"(max-width: 300px) 100vw, 300px\" \/>Todav\u00eda tenemos apartamentos disponibles para el Festival de las orquestras a finales de noviembre. A continuaci\u00f3n les ofrecemos una muestra:<\/p>\n<ul>\n<li><a title=\"Alojamiento en Par\u00eds - 1 Dormitorio - Gambetta - Pere Lachaise, Pere Lachaise - Nation - PA-2147\" href=\"\/sp\/paris-apartamentos\/vacaciones\/2147\">Apartamento de 1 dormitorio tipo duplex en Gambetta &#8211; Pere Lachaise &#8211; Nation (PA-2147)<\/a> se distribuye en dos plantas llenas\u00a0de luz. Tiene suelos de madera, escalera de caracol, cocina renovada y disfrutar\u00e1 de unas bonitas vistas sobre los tejados de Par\u00eds.<\/li>\n<li><a title=\"Alojamiento en Par\u00eds - 2 Dormitorios - Ternes, Champs Elysees - PA-2623\" href=\"\/sp\/paris-apartamentos\/vacaciones\/2623\">Apartamento de 2 dormitorios en Ternes, Campos El\u00edseos \u00a0(PA-2623)<\/a> con vidrieras en las ventanas, dos servicios completos y una buena ubicaci\u00f3n en el centro de Par\u00eds.<\/li>\n<li>O este\u00a0<a title=\" Apartamento en Par\u00eds 2 Dormitorios - Rivoli, Le Louvre - Les Halles - Ch\u00e2telet (PA-4318) Email \t\t\t \t\" href=\"https:\/\/www.nyhabitat.com\/sp\/paris-apartamentos\/amueblados\/4318\">apartamento de 2 dormitorios en Rivoli \u2013 Le Louvre (PA-4318)<\/a>\u00a0alojando hasta 5 personas, cuenta con una mezcla de arte contemporaneo y ecl\u00e9ctico de Brazil, Sud Africa y la India.<\/li>\n<\/ul>\n<p>\u00bfHa estado ya en el Festival de las orquestras? Comparta a continuaci\u00f3n sus comentarios, \u00bfcual es su sala favorita de Par\u00eds?<\/p>\n","protected":false},"excerpt":{"rendered":"<p>Durante 10 d\u00edas en noviembre la m\u00fasica de las orquestras llena las calles, las salas de conciertos y las plazas de toda Francia. Como la&#8230;<\/p>\n","protected":false},"author":2,"featured_media":0,"comment_status":"open","ping_status":"closed","sticky":false,"template":"","format":"standard","meta":[],"categories":[48],"tags":[],"_links":{"self":[{"href":"https:\/\/www.nyhabitat.com\/sp\/blog\/wp-json\/wp\/v2\/posts\/2222"}],"collection":[{"href":"https:\/\/www.nyhabitat.com\/sp\/blog\/wp-json\/wp\/v2\/posts"}],"about":[{"href":"https:\/\/www.nyhabitat.com\/sp\/blog\/wp-json\/wp\/v2\/types\/post"}],"author":[{"embeddable":true,"href":"https:\/\/www.nyhabitat.com\/sp\/blog\/wp-json\/wp\/v2\/users\/2"}],"replies":[{"embeddable":true,"href":"https:\/\/www.nyhabitat.com\/sp\/blog\/wp-json\/wp\/v2\/comments?post=2222"}],"version-history":[{"count":8,"href":"https:\/\/www.nyhabitat.com\/sp\/blog\/wp-json\/wp\/v2\/posts\/2222\/revisions"}],"predecessor-version":[{"id":4467,"href":"https:\/\/www.nyhabitat.com\/sp\/blog\/wp-json\/wp\/v2\/posts\/2222\/revisions\/4467"}],"wp:attachment":[{"href":"https:\/\/www.nyhabitat.com\/sp\/blog\/wp-json\/wp\/v2\/media?parent=2222"}],"wp:term":[{"taxonomy":"category","embeddable":true,"href":"https:\/\/www.nyhabitat.com\/sp\/blog\/wp-json\/wp\/v2\/categories?post=2222"},{"taxonomy":"post_tag","embeddable":true,"href":"https:\/\/www.nyhabitat.com\/sp\/blog\/wp-json\/wp\/v2\/tags?post=2222"}],"curies":[{"name":"wp","href":"https:\/\/api.w.org\/{rel}","templated":true}]}}