{"id":2545,"date":"2011-03-02T17:18:39","date_gmt":"2011-03-02T22:18:39","guid":{"rendered":"https:\/\/www.nyhabitat.com\/sp\/blog\/?p=2545"},"modified":"2012-12-31T16:43:35","modified_gmt":"2012-12-31T21:43:35","slug":"festival-cine-julio-verne-paris","status":"publish","type":"post","link":"https:\/\/www.nyhabitat.com\/sp\/blog\/2011\/03\/02\/festival-cine-julio-verne-paris\/","title":{"rendered":"Festival de cine Julio Verne en Par\u00eds"},"content":{"rendered":"<p><img loading=\"lazy\" class=\"aligncenter size-full wp-image-2547\" src=\"https:\/\/www.nyhabitat.com\/sp\/blog\/wp-content\/uploads\/2011\/02\/jules-verne-festival-528x1023.jpg\" alt=\"Festival de cine Julio Verne en Par\u00eds\" width=\"317\" height=\"614\" \/><\/p>\n<p>La lista de escritores franceses ilustres es enorme y comienza normalmente con maestros del estilo de Proust, Flaubert y Moli\u00e8re. Sin embargo, al igual que otros grandes de la literatura francesa, <strong>Julio Verne se sit\u00faa en la parte superior de la escala de los mitos galos<\/strong>. Julio Verne fue adem\u00e1s fil\u00f3sofo, visionario y una celebridad a la vez que escritor de literatura. Verne escribi\u00f3 <em>Veintemil leguas de viaje submarino<\/em> antes de que se inventara el submarino, fantaseo con historias sobre el espacio y medios de transporte a\u00e9reos y submarinos de un modo prof\u00e9tico cuando el medio de transporte m\u00e1s utilizado era el caballo y el carro.<strong> Para celebrar el genio visionario de Julio Verne la ciudad de Par\u00eds (en paralelo con la ciudad de Los Angeles) acoge el Festival de cine Julio Verne<\/strong> que incluye documentales, pel\u00edculas y charlas sobre el esp\u00edritu y la obra del maestro.<!--more--><\/p>\n<p style=\"text-align: left;\">El programa de dos d\u00edas a mediados de abril incluye proyecci\u00f3n de pel\u00edculas, noches tem\u00e1ticas, conferencias e incluso actuaciones musicales. Adem\u00e1s de promocionar las obras de Julio Verne el festival intenta promover los temas de su escritura,<strong> en particular la curiosidad y el respeto por las maravillas naturales<\/strong>. El festival est\u00e1 organizado por la Asociaci\u00f3n de aventuras de Julio Verne, una organizaci\u00f3n sin \u00e1nimo de lucro que intenta despertar las consciencias, en particulas de los m\u00e1s j\u00f3venes, sobre las especies en peligro de extinci\u00f3n y los recursos naturales del planeta. Una pregunta importante que se plantear\u00e1 es c\u00f3mo Verne pudo percibir un mundo en el que muchas de sus fantas\u00edas se han hecho realidad y el impacto que estos avances han tenido en una realidad que el escritor ansi\u00f3 en su momento.<\/p>\n<p>El Festival de cine Julio Verne se celebra del 15 al 17 de abril.<\/p>\n<p>La primavera en Par\u00eds merece la pena, y todav\u00eda tenemos alojamientos disponibles. A continuaci\u00f3n les ofrecemos una muestra:<\/p>\n<p>&#8211; <a title=\"Alojamiento en Paris -  2 Dormitorios - Beaubourg, Marais - Les Halles - PA-2363 \" href=\"\/sp\/paris-apartamentos\/vacaciones\/2363\">Apartamento de 2 dormitorios en Beaubourg, Marais \u2013 Les Halles (PA-2363)<\/a> es la elecci\u00f3n perfecta para familias o grupos de amigos. Este alojamiento cuenta con comodidades como lavadora\/secadora o una conexi\u00f3n internet tipo wifi.<\/p>\n<p>&#8211; <a title=\"Alojamiento en Paris - 3 Dormitorios - Champs Elysees - PA-791\" href=\"\/sp\/paris-apartamentos\/vacaciones\/791\">Apartamento de 3 dormitorios en Champs Elysees (PA-791)<\/a> que proporciona a sus invitados su peque\u00f1o trocito del encanto de Versalles. Los elaborados encantos del apartamento encajan perfectamente con la fachada de estilo Haussman del edificio.<\/p>\n","protected":false},"excerpt":{"rendered":"<p>La lista de escritores franceses ilustres es enorme y comienza normalmente con maestros del estilo de Proust, Flaubert y Moli\u00e8re. Sin embargo, al igual que&#8230;<\/p>\n","protected":false},"author":2,"featured_media":0,"comment_status":"open","ping_status":"closed","sticky":false,"template":"","format":"standard","meta":[],"categories":[48],"tags":[],"_links":{"self":[{"href":"https:\/\/www.nyhabitat.com\/sp\/blog\/wp-json\/wp\/v2\/posts\/2545"}],"collection":[{"href":"https:\/\/www.nyhabitat.com\/sp\/blog\/wp-json\/wp\/v2\/posts"}],"about":[{"href":"https:\/\/www.nyhabitat.com\/sp\/blog\/wp-json\/wp\/v2\/types\/post"}],"author":[{"embeddable":true,"href":"https:\/\/www.nyhabitat.com\/sp\/blog\/wp-json\/wp\/v2\/users\/2"}],"replies":[{"embeddable":true,"href":"https:\/\/www.nyhabitat.com\/sp\/blog\/wp-json\/wp\/v2\/comments?post=2545"}],"version-history":[{"count":9,"href":"https:\/\/www.nyhabitat.com\/sp\/blog\/wp-json\/wp\/v2\/posts\/2545\/revisions"}],"predecessor-version":[{"id":4491,"href":"https:\/\/www.nyhabitat.com\/sp\/blog\/wp-json\/wp\/v2\/posts\/2545\/revisions\/4491"}],"wp:attachment":[{"href":"https:\/\/www.nyhabitat.com\/sp\/blog\/wp-json\/wp\/v2\/media?parent=2545"}],"wp:term":[{"taxonomy":"category","embeddable":true,"href":"https:\/\/www.nyhabitat.com\/sp\/blog\/wp-json\/wp\/v2\/categories?post=2545"},{"taxonomy":"post_tag","embeddable":true,"href":"https:\/\/www.nyhabitat.com\/sp\/blog\/wp-json\/wp\/v2\/tags?post=2545"}],"curies":[{"name":"wp","href":"https:\/\/api.w.org\/{rel}","templated":true}]}}