{"id":2815,"date":"2011-05-24T15:10:49","date_gmt":"2011-05-24T20:10:49","guid":{"rendered":"https:\/\/www.nyhabitat.com\/sp\/blog\/?p=2815"},"modified":"2014-03-18T16:19:21","modified_gmt":"2014-03-18T21:19:21","slug":"arles-mayo-musica-entorno-historico","status":"publish","type":"post","link":"https:\/\/www.nyhabitat.com\/sp\/blog\/2011\/05\/24\/arles-mayo-musica-entorno-historico\/","title":{"rendered":"Arl\u00e9s en mayo: disfrute de la m\u00fasica en un entorno hist\u00f3rico"},"content":{"rendered":"<p><img loading=\"lazy\" class=\"alignleft size-full wp-image-2816\" src=\"https:\/\/www.nyhabitat.com\/sp\/blog\/wp-content\/uploads\/2011\/05\/bigstock_arles_1435152-300x200.jpg\" alt=\"Foto de Arl\u00e9s, Francia\" width=\"300\" height=\"200\" \/><\/p>\n<p>Todo el mundo est\u00e1 de acuerdo sobre el efecto positivo del escenario apropiado para una actuaci\u00f3n. Eso es precisamente lo que experimentar\u00e1 en la preciosa ciudad de <strong>Arl\u00e9s <\/strong>si visita el reputado <strong>Festival de Jazz<\/strong> del 15 al 21 de mayo.<\/p>\n<p>Tras su primera edici\u00f3n en 1996 el evento ha ido creciendo pero siempre centr\u00e1ndose en ofrecer la m\u00e1xima calidad en m\u00fasica jazz, ya fuese con nuevos artistas o con artistas consagrados. Manteniendo una l\u00ednea de calidad alejada de las modas pasajeras, ha continuado ofreciendo los distintos tipos de m\u00fasica jazz a los nuevos seguidores y a los grandes aficionados. Adem\u00e1s, el incomparable marco de la Capilla de M\u00e9jan ayuda a establecer una relaci\u00f3n m\u00e1s estrecha entre la audiencia y los artistas.<!--more--><\/p>\n<p>Una vez que se haya sumergido en la m\u00fasica jazz, no puede perderse esta ciudad<strong>, patrimonio de la humanidad<\/strong>. Es conocida por ser la ciudad con m\u00e1s vestigios romanos tras Roma. Arl\u00e9s ha hecho un trabajo importante para mantener estas atracciones, de valor incalculable. Situada entre Espa\u00f1a e Italia, la ciudad era considerada como una <strong>peque\u00f1a Roma <em>gala<\/em><\/strong><em> <\/em>bajo el imperio de Constantino y de gran importancia estrat\u00e9gica. Si desea profundizar en la arquitectura y el funcionamiento de las termas, el forum, el anfiteatro, los templos y mucho m\u00e1s, no se pierda el Museo del Arl\u00e9s\u00a0antiguo (<em>Mus\u00e9e d\u00e9partemental de l\u2019Arles Antique<\/em>). Aunque pasear por la ciudad sigue siendo la mejor manera de descubrir sus tesoros.<\/p>\n<p>Para vivir la experiencia del modo m\u00e1s confortable, nada mejor que alquilar un alojamiento en Arl\u00e9s con New York Habitat.<\/p>\n<p>Si todo lo que desea es un tranquilo estudio, este <a title=\"Alojamiento en el sur de Francia - Estudio - Arl\u00e9s, Provenza - PR-1024\" href=\"\/sp\/sur-francia-apartamentos\/vacaciones\/1024\">alojamiento en centro de Arl\u00e9s \u2013 PR 1024<\/a> muy cerca de las atracciones hist\u00f3ricas, es todo lo que necesita.<\/p>\n<p>Si su grupo es numeroso no puede equivocarse con este <a title=\"Alojamiento en el sur de Francia - 3 Dormitorios - Arl\u00e9s, Provenza - PR-915\" href=\"https:\/\/www.nyhabitat.com\/sp\/sur-francia-apartamentos\/vacaciones\/915\">apartamento de 3 dormitorios en pleno centro de Arl\u00e9s \u2013 PR 915<\/a>, justo a la vuelta de la esquina del anfiteatro o de la plaza del Foro. Lleno de luz y de detalles r\u00fasticos, tambi\u00e9n cuenta con una terraza que ofrecen bonitas vistas de la antigua arena, la parte hist\u00f3rica de la ciudad y las monta\u00f1as de Alpilles.<\/p>\n<p>Cuando lo conozca no olvidar\u00e1 Arl\u00e9s. Si ya ha tenido la oportunidad de visitarla le rogamos comparta sus comentarios a continuaci\u00f3n.<\/p>\n","protected":false},"excerpt":{"rendered":"<p>Todo el mundo est\u00e1 de acuerdo sobre el efecto positivo del escenario apropiado para una actuaci\u00f3n. Eso es precisamente lo que experimentar\u00e1 en la preciosa&#8230;<\/p>\n","protected":false},"author":2,"featured_media":0,"comment_status":"open","ping_status":"closed","sticky":false,"template":"","format":"standard","meta":[],"categories":[100],"tags":[],"_links":{"self":[{"href":"https:\/\/www.nyhabitat.com\/sp\/blog\/wp-json\/wp\/v2\/posts\/2815"}],"collection":[{"href":"https:\/\/www.nyhabitat.com\/sp\/blog\/wp-json\/wp\/v2\/posts"}],"about":[{"href":"https:\/\/www.nyhabitat.com\/sp\/blog\/wp-json\/wp\/v2\/types\/post"}],"author":[{"embeddable":true,"href":"https:\/\/www.nyhabitat.com\/sp\/blog\/wp-json\/wp\/v2\/users\/2"}],"replies":[{"embeddable":true,"href":"https:\/\/www.nyhabitat.com\/sp\/blog\/wp-json\/wp\/v2\/comments?post=2815"}],"version-history":[{"count":10,"href":"https:\/\/www.nyhabitat.com\/sp\/blog\/wp-json\/wp\/v2\/posts\/2815\/revisions"}],"predecessor-version":[{"id":5538,"href":"https:\/\/www.nyhabitat.com\/sp\/blog\/wp-json\/wp\/v2\/posts\/2815\/revisions\/5538"}],"wp:attachment":[{"href":"https:\/\/www.nyhabitat.com\/sp\/blog\/wp-json\/wp\/v2\/media?parent=2815"}],"wp:term":[{"taxonomy":"category","embeddable":true,"href":"https:\/\/www.nyhabitat.com\/sp\/blog\/wp-json\/wp\/v2\/categories?post=2815"},{"taxonomy":"post_tag","embeddable":true,"href":"https:\/\/www.nyhabitat.com\/sp\/blog\/wp-json\/wp\/v2\/tags?post=2815"}],"curies":[{"name":"wp","href":"https:\/\/api.w.org\/{rel}","templated":true}]}}