{"id":2852,"date":"2011-06-22T16:17:40","date_gmt":"2011-06-22T21:17:40","guid":{"rendered":"https:\/\/www.nyhabitat.com\/sp\/blog\/?p=2852"},"modified":"2012-12-31T16:40:16","modified_gmt":"2012-12-31T21:40:16","slug":"arte-historia-vegetacion-florecen-menton","status":"publish","type":"post","link":"https:\/\/www.nyhabitat.com\/sp\/blog\/2011\/06\/22\/arte-historia-vegetacion-florecen-menton\/","title":{"rendered":"Arte, historia y vegetaci\u00f3n florecen a la vez en Menton"},"content":{"rendered":"<p><img loading=\"lazy\" class=\"alignright size-full wp-image-2853\" src=\"https:\/\/www.nyhabitat.com\/sp\/blog\/wp-content\/uploads\/2011\/06\/istock_000012235673xsmall-300x200.jpg\" alt=\"Menton, Francia\" width=\"300\" height=\"200\" \/><\/p>\n<p>Con su ubicaci\u00f3n ideal en la Riviera francesa la ciudad de <strong>Menton <\/strong>tiene muchos encantos, pero adem\u00e1s, la conocida como<em> \u00abla perla de Francia\u00bb<\/em> tiene modos diversos de cultivar su belleza natural sin parecer ostentosa. Ahora con la llegada de la primavera el mes de junio comienza con el 9\u00ba aniversario de <em>\u201cRendez-vous aux Jardins\u201d<\/em> (Cita en los jardines), un evento organizado por el Ministerio de Cultura y Comunicaciones y la Asociaci\u00f3n de Jardines y Parques, que este a\u00f1o se organiza con el tema del jard\u00edn como fuente \u00a0de vida.<\/p>\n<p>Menton ha decidido ir m\u00e1s all\u00e1 y convertir <strong>el mes de junio en el mes de los jardines<\/strong>. Esto significa que los espacios al aire libre de Menton tendr\u00e1n incluso mejor aspecto que el que ofrecen a diario, y ser\u00e1n a\u00fan m\u00e1s apreciados gracias a los eventos y paseos guiados, actuaciones, exposiciones y actividades especiales para los ni\u00f1os.<!--more--><\/p>\n<p>Los jardines m\u00e1s importantes son el <strong>jard\u00edn de Serre de la Madone<\/strong> (el jard\u00edn de Mar\u00eda Serena), el <strong>jard\u00edn del Palacio de Canol\u00e8s<\/strong> y el <strong>jard\u00edn de Val Rahmeh<\/strong>.En cualquiera de ellos se sentir\u00e1 rodeado de plantas en todo su esplendor, algunas variedades ex\u00f3ticas, colores brillantes, fuentes y estatuas, todo ello armoniosamente ordenado y formando un conjunto que cautivar\u00e1 a todos los visitantes amantes de la naturaleza.<\/p>\n<p>Tambi\u00e9n puede participar en circu\u00edtos guiados de jardines privados como <em>\u201cLes Colombi\u00e8res\u201d<\/em> y <em>\u201cLe Clos du Peyronnet\u201d<\/em> o simplemente disfrutar de paseos por las calles llenas de \u00e1rboles y de flores cuidadosamente ordenadas por toda la ciudad. Entre los edificios hist\u00f3ricos, los preciosos museos y la encantadora playa no tendr\u00e1 ni un momento libre y adem\u00e1s comprender\u00e1 por qu\u00e9 la ciudad ha ganado tantos premios relacionados con la jardiner\u00eda y las flores.<\/p>\n<p><img loading=\"lazy\" class=\"alignleft size-full wp-image-2854\" src=\"https:\/\/www.nyhabitat.com\/sp\/blog\/wp-content\/uploads\/2011\/06\/bigstock_menton___743484-300x214.jpg\" alt=\"Flores de primavera en Menton\" width=\"300\" height=\"214\" \/>El convertirse (o casi) en uno de los for\u00e1neos es el mejor modo de conocer un lugar y en NYHabitat tenemos alojamientos en Roquebrune Cap Martin, un popular pueblo desde el que puede caminar a Menton y muy cerca de M\u00f3naco.<\/p>\n<p>Para un grupo peque\u00f1o, este encantador\u00a0<a title=\"Alojamiento en el sur de Francia - 1 Dormitorio - Roquebrune Cap Martin, Costa Azul - PR-699\" href=\"\/sp\/sur-francia-apartamentos\/vacaciones\/699\">apartamento de 1 dormitorio en Roquebrune, Riviera Francesa \u2013 PR 699<\/a>, equipado con todo lo que pueda necesitar (incluso cuenta con un piano) y situado al lado del mar.<\/p>\n<p>\u00bfNecesita m\u00e1s espacio? Este lujoso <a title=\"Alojamiento en el sur de Francia - 2 Dormitorios - Roquebrune Cap Martin, Costa Azul - PR-1015\" href=\"\/sp\/sur-francia-apartamentos\/vacaciones\/1015\">apartamento de 2 dormitorios en Roquebrune, Riviera Francesa \u2013 PR 1015<\/a> puede alojar hasta seis personas y es muy soleado. Tendr\u00e1 tiendas, comercios y la playa muy cerca de casa.<\/p>\n<p>\u00bfYa lo conoce y le gustar\u00eda compartir su experiencia en esta zona de Francia? Le invitamos a hacerlo a continuaci\u00f3n, en la zona de comentarios.<\/p>\n","protected":false},"excerpt":{"rendered":"<p>Con su ubicaci\u00f3n ideal en la Riviera francesa la ciudad de Menton tiene muchos encantos, pero adem\u00e1s, la conocida como \u00abla perla de Francia\u00bb tiene&#8230;<\/p>\n","protected":false},"author":2,"featured_media":0,"comment_status":"open","ping_status":"closed","sticky":false,"template":"","format":"standard","meta":[],"categories":[90],"tags":[],"_links":{"self":[{"href":"https:\/\/www.nyhabitat.com\/sp\/blog\/wp-json\/wp\/v2\/posts\/2852"}],"collection":[{"href":"https:\/\/www.nyhabitat.com\/sp\/blog\/wp-json\/wp\/v2\/posts"}],"about":[{"href":"https:\/\/www.nyhabitat.com\/sp\/blog\/wp-json\/wp\/v2\/types\/post"}],"author":[{"embeddable":true,"href":"https:\/\/www.nyhabitat.com\/sp\/blog\/wp-json\/wp\/v2\/users\/2"}],"replies":[{"embeddable":true,"href":"https:\/\/www.nyhabitat.com\/sp\/blog\/wp-json\/wp\/v2\/comments?post=2852"}],"version-history":[{"count":8,"href":"https:\/\/www.nyhabitat.com\/sp\/blog\/wp-json\/wp\/v2\/posts\/2852\/revisions"}],"predecessor-version":[{"id":4437,"href":"https:\/\/www.nyhabitat.com\/sp\/blog\/wp-json\/wp\/v2\/posts\/2852\/revisions\/4437"}],"wp:attachment":[{"href":"https:\/\/www.nyhabitat.com\/sp\/blog\/wp-json\/wp\/v2\/media?parent=2852"}],"wp:term":[{"taxonomy":"category","embeddable":true,"href":"https:\/\/www.nyhabitat.com\/sp\/blog\/wp-json\/wp\/v2\/categories?post=2852"},{"taxonomy":"post_tag","embeddable":true,"href":"https:\/\/www.nyhabitat.com\/sp\/blog\/wp-json\/wp\/v2\/tags?post=2852"}],"curies":[{"name":"wp","href":"https:\/\/api.w.org\/{rel}","templated":true}]}}