{"id":3317,"date":"2012-04-26T07:15:51","date_gmt":"2012-04-26T12:15:51","guid":{"rendered":"https:\/\/www.nyhabitat.com\/sp\/blog\/?p=3317"},"modified":"2012-12-31T16:32:04","modified_gmt":"2012-12-31T21:32:04","slug":"celebre-primavera-exposicion-arte-antibes","status":"publish","type":"post","link":"https:\/\/www.nyhabitat.com\/sp\/blog\/2012\/04\/26\/celebre-primavera-exposicion-arte-antibes\/","title":{"rendered":"Celebre esta primavera con la exposici\u00f3n de arte y antig\u00fcedades en Ant\u00edbes"},"content":{"rendered":"<p><img loading=\"lazy\" class=\"alignright size-full wp-image-3318\" src=\"https:\/\/www.nyhabitat.com\/sp\/blog\/wp-content\/uploads\/2012\/04\/istock_000019882377xsmall-200x300.jpg\" alt=\"Ant\u00edbes\" width=\"200\" height=\"300\" \/><\/p>\n<p>Si le gusta Francia y las antig\u00fcedades no puede perderse la <strong>Feria del Arte de Ant\u00edbe<\/strong>s que este a\u00f1o se dedica a <strong>\u201cAntig\u00fcedades y Arte Moderno\u201d<\/strong>. Para celebrar su edici\u00f3n n\u00famero 40 este popular acontecimiento promete ser m\u00e1s espectacular que nunca. No s\u00f3lo podr\u00e1 examinar multitud de tesoros de segunda mano, sino que tambi\u00e9n podr\u00e1 admirar muebles, obras de arte y pinturas de los m\u00e1s prestigiosos artistas contempor\u00e1neos.<\/p>\n<p>Los organizadores no se han privado de nada y este a\u00f1o colocar\u00e1n una enorme carpa cerca del puerto bajo la cual se situar\u00e1n las distintas casetas que se suceden como galer\u00edas de arte. En este para\u00edso para todos los amantes del arte podr\u00e1 disfrutar de piezas incre\u00edbles que est\u00e1n ahora mismo cotiz\u00e1ndose en el mercado internacional del arte. <strong>M\u00e1s de 100 galeristas de Francia y del extranjero<\/strong> se dan cita. Ya est\u00e9 en Ant\u00edbes por placer o por negocios, La Feria del Arte de Ant\u00edbes es un acontecimiento que le proporciona una experiencia inolvidable.<\/p>\n<p>Sin embargo, a pesar de lo incre\u00edble que le pueda parecer la exposici\u00f3n de arte, no puede olvidar dejarse un poco de tiempo para disfrutar de la ciudad en s\u00ed, situada en uno de los tramos m\u00e1s hermosos de la riviera francesa. Un encantador n\u00facleo urbano con una activa vida cultural, Ant\u00edbes tambi\u00e9n se vuelca en la conservaci\u00f3n de la naturaleza con <strong>Parque Exflora<\/strong> y en la tecnolog\u00eda con el <strong>Parque tecnol\u00f3gico Sophia Antipolis<\/strong>.<!--more--><\/p>\n<p>Para ayudarle a disfrutar de estas vacaciones, tenemos multitud de alojamientos amueblados para que usted eliga, cerca de <strong>Cannes <\/strong>y <strong>Niza<\/strong>.<\/p>\n<p>Cannes est\u00e1 muy cerca y tiene la famosa <strong>Croisette<\/strong>, que recorre la costa del Mediterr\u00e1neo en un lado y al otro un surtido de comercios de nivel internacional.<\/p>\n<p>En Cannes tenemos este <a title=\"Alojamiento en el Sur de Francia 1 Dormitorio - Cannes, Costa Azul (PR-339)\" href=\"\/sp\/sur-francia-apartamentos\/vacaciones\/339\">alojamiento de 1 dormitorio \u2013 Centro de Cannes \u2013 PR 339<\/a> con un precioso jard\u00edn y donde se sentir\u00e1 como en casa. Podr\u00e1 aprovecharse de la cercan\u00eda de la Croisette as\u00ed como de la paz y tranquilidad de esta zona residencial.<\/p>\n<p>Si necesita m\u00e1s espacio, esta <a title=\"Alojamiento en el Sur de Francia 3 Dormitorios - Cannes, Costa Azul (PR-406)\" href=\"\/sp\/sur-francia-apartamentos\/vacaciones\/406\">villa con 3 dormitorios en Cannes \u2013 PR 406<\/a> es todo lo que puede desear, con una terraza enorme, jard\u00edn y piscina. Lo peor es que no querr\u00e1 salir de casa.<\/p>\n<p>La quinta ciudad m\u00e1s grande de Francia es Niza y tiene mucha actividad, entre otros lugares de inter\u00e9s cuenta con la <strong>Promenade des Anglais<\/strong> a lo largo de la costa, la parte antigua con su irresistible mercado de las flores, sin mencionar la impresionante selecci\u00f3n de museos.<\/p>\n<p>Si busca un espacio peque\u00f1o donde descansar en medio de toda la actividad, este <a title=\"Alojamiento en el Sur de Francia Estudio - Niza, Costa Azul (PR-1072)\" href=\"\/sp\/sur-francia-apartamentos\/vacaciones\/1072\">estudio en el centro de Niza \u2013 PR 1072<\/a> es perfecto para usted. No podr\u00e1 encontrar otro m\u00e1s c\u00f3modo y c\u00e9ntrico.<\/p>\n<p>\u00bfViene con la familia o con amigos? No se puede equivocar con este <a title=\"Alojamiento en el Sur de Francia 2 Dormitorios - Niza, Costa Azul (PR-1082)\" href=\"\/sp\/sur-francia-apartamentos\/vacaciones\/1082\">alojamiento de 2 dormitorios en el casco antiguo de Niza \u2013 PR 1082<\/a>. Situado en la zona m\u00e1s concurrida de Niza tiene mucha luz y es perfecto como alojamiento para sus vacaciones.<\/p>\n<p>\u00bfYa conoce esta zona? Si es as\u00ed, le invitamos a comentar su experiencia a continuaci\u00f3n.<\/p>\n","protected":false},"excerpt":{"rendered":"<p>Si le gusta Francia y las antig\u00fcedades no puede perderse la Feria del Arte de Ant\u00edbes que este a\u00f1o se dedica a \u201cAntig\u00fcedades y Arte&#8230;<\/p>\n","protected":false},"author":2,"featured_media":0,"comment_status":"open","ping_status":"closed","sticky":false,"template":"","format":"standard","meta":[],"categories":[99,83,82],"tags":[],"_links":{"self":[{"href":"https:\/\/www.nyhabitat.com\/sp\/blog\/wp-json\/wp\/v2\/posts\/3317"}],"collection":[{"href":"https:\/\/www.nyhabitat.com\/sp\/blog\/wp-json\/wp\/v2\/posts"}],"about":[{"href":"https:\/\/www.nyhabitat.com\/sp\/blog\/wp-json\/wp\/v2\/types\/post"}],"author":[{"embeddable":true,"href":"https:\/\/www.nyhabitat.com\/sp\/blog\/wp-json\/wp\/v2\/users\/2"}],"replies":[{"embeddable":true,"href":"https:\/\/www.nyhabitat.com\/sp\/blog\/wp-json\/wp\/v2\/comments?post=3317"}],"version-history":[{"count":11,"href":"https:\/\/www.nyhabitat.com\/sp\/blog\/wp-json\/wp\/v2\/posts\/3317\/revisions"}],"predecessor-version":[{"id":4319,"href":"https:\/\/www.nyhabitat.com\/sp\/blog\/wp-json\/wp\/v2\/posts\/3317\/revisions\/4319"}],"wp:attachment":[{"href":"https:\/\/www.nyhabitat.com\/sp\/blog\/wp-json\/wp\/v2\/media?parent=3317"}],"wp:term":[{"taxonomy":"category","embeddable":true,"href":"https:\/\/www.nyhabitat.com\/sp\/blog\/wp-json\/wp\/v2\/categories?post=3317"},{"taxonomy":"post_tag","embeddable":true,"href":"https:\/\/www.nyhabitat.com\/sp\/blog\/wp-json\/wp\/v2\/tags?post=3317"}],"curies":[{"name":"wp","href":"https:\/\/api.w.org\/{rel}","templated":true}]}}