{"id":6676,"date":"2015-06-09T10:09:30","date_gmt":"2015-06-09T15:09:30","guid":{"rendered":"https:\/\/www.nyhabitat.com\/sp\/blog\/?p=6676"},"modified":"2015-06-09T10:09:30","modified_gmt":"2015-06-09T15:09:30","slug":"guia-verano-paris-2015","status":"publish","type":"post","link":"https:\/\/www.nyhabitat.com\/sp\/blog\/2015\/06\/09\/guia-verano-paris-2015\/","title":{"rendered":"Par\u00eds: Gu\u00eda de verano 2015"},"content":{"rendered":"<p style=\"text-align: center;\"><div class=\"img size-full wp-image-6677 aligncenter\" style='width:585px;'>\n\t<img src=\"https:\/\/www.nyhabitat.com\/sp\/blog\/wp-content\/uploads\/2015\/06\/Paris-guia-verano-2015-skyline.jpg\" alt=\"Imagen del Skyline\" width=\"585\" height=\"390\" \/>\n\t<div>Vista del skyline de la ciudad de Par\u00eds desde la Catedral de Notre Dame.<\/div>\n<\/div>\n<p><strong>Par\u00eds (Francia)<\/strong> es una ciudad tan \u00fanica que ofrece muchas oportunidades para visitantes y parisinos por igual. Con el sol brillando y la brisa constante en verano, esta espectacular ciudad le da la bienvenida con los brazos abiertos y con muchos eventos de temporada. Nuestro gu\u00eda de verano 2015 le ofrecer\u00e1 muchas opciones para que disfrute de su viaje a Par\u00eds durante los meses m\u00e1s c\u00e1lidos.<\/p>\n<p><strong>Ver pel\u00edculas al aire libre en Par\u00eds<\/strong><\/p>\n<p>\u00a1Disfrute del aire fresco del verano en un cine al aire libre! No tiene por qu\u00e9 pasar la tarde encerrado en un teatro mientras el clima est\u00e9 tan agradable. El <strong>Cinema en Plein Air<\/strong> es un festival de cine al aire libre que se celebra en la Prairie du Triangle, en el Parque de la Villette del 22 de julio al 23 de agosto. . <a title=\"Festival anual de cine al aire libre de Par\u00eds\" href=\"https:\/\/www.nyhabitat.com\/sp\/blog\/2010\/07\/20\/festival-cine-aire-libre-paris\/\">Inf\u00f3rmese aqu\u00ed sobre este famoso festival al aire libre<\/a>. Otro gran festival de cine al aire libre es el <strong>Cinema au Clair de Lune<\/strong>, organizado por el Forum des Images del 30 julio al 10 agosto. \u00a1Este festival se mueve de arrondissement en arrondissement durante 9 noches de pel\u00edculas gratis! Traiga aperitivos y rel\u00e1jese bajo las estrellas mientras ve una pel\u00edcula cl\u00e1sica. <a title=\"Apartamentos en La Villette- Buttes Chaumont \" href=\"https:\/\/www.nyhabitat.com\/sp\/paris-apartamentos\/vacaciones\/villette-buttes-chaumont\">\u00a1Descubra nuestros apartamentos de vacaciones en el 19\u00ba Arrondissement para estar cerca de toda la acci\u00f3n!<\/a><!--more--><\/p>\n<p><strong>Festivales de M\u00fasica en Par\u00eds durante el verano<\/strong><\/p>\n<p style=\"text-align: center;\"><div class=\"img size-full wp-image-6681 aligncenter\" style='width:585px;'>\n\t<img src=\"https:\/\/www.nyhabitat.com\/sp\/blog\/wp-content\/uploads\/2015\/06\/Paris-guia-verano-2015-festival-musica.jpg\" alt=\"Imagen del Festival de M\u00fasica\" width=\"585\" height=\"390\" \/>\n\t<div>El grupo The Hives tocan ante una multitud emocionada en el Festival de M\u00fasica Rock en Seine. <\/div>\n<\/div>\n<p>Con un animado ambiente musical, la capital de Francia ofrece muchas oportunidades para escuchar a los m\u00fasicos m\u00e1s importantes. La <strong>Fiesta de la M\u00fasica<\/strong> se celebra en el solsticio de verano, el 21 de junio, que es el d\u00eda m\u00e1s largo del a\u00f1o. Los m\u00fasicos tocan su g\u00e9nero musical en las calles y en las salas de m\u00fasica para que todos disfruten. \u00a1Este festival celebra la alegr\u00eda de la m\u00fasica y es totalmente gratuito! <a title=\"Fiesta de la M\u00fasica en Par\u00eds con New York Habitat\" href=\"https:\/\/www.nyhabitat.com\/sp\/blog\/2010\/06\/11\/fete-de-la-musique-paris\/\">\u00a1Investigue por qu\u00e9 todos lo adoran!<\/a> El <strong>Festival de Jazz de Par\u00eds<\/strong> se celebra del 7 de junio al 26 de julio en el Parque Floral en Chateau de Vincennes. Este festival muestra a los mejores m\u00fasicos de jazz de toda Europa en un tranquilo jard\u00edn. Si est\u00e1 buscando algo m\u00e1s optimista, vaya a uno de los festivales m\u00e1s grandes de Francia, <strong>Solidays<\/strong>; se celebra en el Hip\u00f3dromo de Longchamp del 26 al 28 de junio y recauda fondos para combatir el SIDA. Por \u00faltimo, el festival <strong>Rock en Seine<\/strong> cuenta con actuaciones de los grupos de m\u00fasica m\u00e1s importantes de hoy en d\u00eda, incluyendo Alt-J, Tame Impala y My Morning Jacket. \u00a1Celebrado del 28 al 30 de agosto, este festival de m\u00fasica rock moderno de tres d\u00edas tambi\u00e9n cuenta con su propio camping para una experiencia de fiesta \u00fanica! \u00a1<a title=\"M\u00e1s salas de m\u00fasicas magn\u00edficas en Par\u00eds\" href=\"https:\/\/www.nyhabitat.com\/blog\/2011\/07\/20\/more-great-venues-music-paris\/\">Eche un vistazo a nuestra gu\u00eda de las mejores salas de m\u00fasica de Par\u00eds!<\/a><\/p>\n<p><strong>Eventos culturales<\/strong><\/p>\n<p style=\"text-align: center;\"><div class=\"img size-full wp-image-6680 aligncenter\" style='width:585px;'>\n\t<img src=\"https:\/\/www.nyhabitat.com\/sp\/blog\/wp-content\/uploads\/2015\/06\/Paris-guia-verano-2015-fuegos-artificiales.jpg\" alt=\"Imagen de los fuegos artificiales\" width=\"585\" height=\"390\" \/>\n\t<div>Les Grandes Eaux Nocturnes et S\u00e9r\u00e9nade, un espect\u00e1culo de fuegos artificiales en Versalles, iluminan el cielo. <\/div>\n<\/div>\n<p>\u00a1Un evento que hay que ver en verano tiene lugar fuera de la ciudad! <strong>Les Grandes Eaux Nocturnes et S\u00e9r\u00e9nade<\/strong> (Las Grandes Aguas Nocturnas y Serenata) es un espect\u00e1culo de fuentes que tiene lugar en el Palacio de Versalles del 20 de junio al 19 de septiembre. Los impresionantes fuegos artificiales y el espect\u00e1culo de fuentes iluminadas le dejar\u00e1n recuerdos inolvidables a usted y los suyos. El<strong> Festival Paris Quartiers d&#8217;\u00e9t\u00e9<\/strong> trae el arte y la cultura a las calles de la ciudad en varios puntos. No cabe duda de que del 14 de julio al 9 de agosto este encuentro cultural captar\u00e1 su atenci\u00f3n. Celebre la historia de Par\u00eds con los <strong>D\u00edas del Patrimonio<\/strong>. Durante la tercera semana de septiembre, los museos abren sus puertas para ofrecer visitas guiadas gratuitas al p\u00fablico. Hay muchas rutas de patrimonio alrededor de la ciudad, as\u00ed como una rica historia de la capital de Francia que explorar. <a title=\"Los mejores eventos anuales de Par\u00eds\" href=\"https:\/\/www.nyhabitat.com\/sp\/blog\/2014\/09\/16\/mejores-eventos-anuales-paris\/\">\u00a1Hemos nombrado los D\u00edas del Patrimonio uno de los mejores eventos anuales de Par\u00eds!<\/a><\/p>\n<p><strong>Eventos deportivos en verano<\/strong><\/p>\n<p>Uno de los eventos deportivos anuales m\u00e1s importantes del pa\u00eds es el famoso <strong>Tour de Francia<\/strong>. Esta carrera ciclista tiene muchas etapas y comenzar\u00e1 en Utrecht, Pa\u00edses Bajos el 4 de julio y acaba el 26 de julio en el <strong>Arco de Triunfo<\/strong> en el 8\u00ba Arrondissement.<a title=\"Apartamentos en Campos El\u00edseos - Estaci\u00f3n de Par\u00eds Saint Lazare\" href=\"https:\/\/www.nyhabitat.com\/sp\/paris-apartamentos\/vacaciones\/campos-eliseos-saint-lazare\"> \u00a1Descubra nuestros apartamentos de vacaciones en el 8\u00ba Arrondissement y as\u00ed podr\u00e1 ver c\u00f3mo todos los ciclistas cruzan la l\u00ednea de meta!<\/a> Despu\u00e9s de que los participantes pedaleen por Francia durante semanas, sea testigo de la emoci\u00f3n que cubre la ciudad cuando se anuncia en la ciudad de Par\u00eds al ganador absoluto.<\/p>\n<p><strong>Viva como un parisino este verano<\/strong><\/p>\n<p style=\"text-align: center;\"><div class=\"img size-full wp-image-6678 aligncenter\" style='width:585px;'>\n\t<img src=\"https:\/\/www.nyhabitat.com\/sp\/blog\/wp-content\/uploads\/2015\/06\/Paris-guia-verano-2015-apartamento-4502.jpg\" alt=\"Imagen del apartamento PA-4502\" width=\"585\" height=\"390\" \/>\n\t<div>Descubra nuestros numerosos apartamentos de vacaciones en Par\u00eds incluyendo este apartamento de 3 dormitorios, PA- 4502.<\/div>\n<\/div>\n<p>\u00bfEst\u00e1 buscando un lugar m\u00e1s c\u00f3modo que un hotel para alojarse en Par\u00eds? Disfrute de la comodidad de uno de nuestros <a title=\"Apartamentos de Vacaciones en Par\u00eds\" href=\"https:\/\/www.nyhabitat.com\/sp\/paris-apartamentos\/vacaciones\">apartamentos de vacaciones<\/a> parisinos. Estos apartamentos totalmente amueblados le har\u00e1n tener la sensaci\u00f3n de que usted est\u00e1 en su casa. Usted rentabilizar\u00e1 m\u00e1s su dinero con un apartamento de vacaciones durante 30 d\u00edas o menos durante la temporada alta de turismo, que es cuando los hoteles suben sus precios. \u00bfSe muda a Par\u00eds para una estancia a corto plazo? No se conforme con un reducido hotel; rel\u00e1jese en uno de nuestros <a title=\"Apartamentos amueblados en Par\u00eds\" href=\"https:\/\/www.nyhabitat.com\/sp\/paris-apartamentos\/amueblados\">apartamentos parisinos amueblados<\/a>. Vivir como un ciudadano de Par\u00eds en un apartamento t\u00edpico es la mejor manera de tener una experiencia completa de lo que ofrece Francia.<\/p>\n<p><strong>Nade en Par\u00eds<\/strong><\/p>\n<p style=\"text-align: center;\"><div class=\"img size-full wp-image-6682 aligncenter\" style='width:585px;'>\n\t<img src=\"https:\/\/www.nyhabitat.com\/sp\/blog\/wp-content\/uploads\/2015\/06\/Paris-guia-verano-2015-paris-plage.jpg\" alt=\"Imagen del Paris Plages\" width=\"585\" height=\"390\" \/>\n\t<div>Rel\u00e1jese a lo largo del r\u00edo Sena en las playas artificiales del Paris Plages. <\/div>\n<\/div>\n<p>Puede que la ciudad Par\u00eds no est\u00e9 situada cerca del oc\u00e9ano, pero a\u00fan as\u00ed tiene una forma inteligente de llevar a la playa a la ciudad. El <strong>Paris Plages<\/strong> es una playa artificial a lo largo del r\u00edo Sena, donde se llevan toneladas de arena para conseguir una aut\u00e9ntica sensaci\u00f3n de playa. Lleve a su familia all\u00ed y haga castillos de arena o simplemente bronc\u00e9ese. <a title=\"Diversi\u00f3n en las playas de Par\u00eds (Paris Plages)\" href=\"https:\/\/www.nyhabitat.com\/sp\/blog\/2012\/07\/17\/diversion-playa-paris-plages\/\">Divi\u00e9rtase en el sol e inf\u00f3rmese sobre el Paris Plages.<\/a> \u00a1Si lo que quiere es disfrutar del agua fresca, el lugar ideal para esto es una de las muchas piscinas de la ciudad! \u00a1La piscina <strong>Josephine Baker<\/strong> se encuentra en el r\u00edo Sena, para que pueda tener excelentes vistas de los barcos y las olas! <a title=\"El Par\u00eds de Josephine Baker\" href=\"https:\/\/www.nyhabitat.com\/sp\/blog\/2011\/04\/06\/el-paris-de-josephine-baker\/\">\u00bfQui\u00e9n es Josephine Baker? Descubra por qu\u00e9 es tan querida en Francia.<\/a> Si usted es propenso a las quemaduras solares, vaya a una piscina cubierta como <strong>Chateau Landon <\/strong>o<strong> Butte aux Cailles<\/strong>. Est\u00e9 cerca de la acci\u00f3n y eche un vistazo a nuestros <a title=\"Apartamentos en La Villette - Buttes Chaumont\" href=\"https:\/\/www.nyhabitat.com\/sp\/paris-apartamentos\/amueblados\/villette-buttes-chaumont\">apartamentos amueblados<\/a> en el 19\u00ba Arrondissement, donde se ubican estas piscinas cubiertas.<\/p>\n<p><strong>M\u00e1s eventos que ver obligatoriamente en Par\u00eds<\/strong><\/p>\n<p style=\"text-align: center;\"><div class=\"img size-full wp-image-6679 aligncenter\" style='width:585px;'>\n\t<img src=\"https:\/\/www.nyhabitat.com\/sp\/blog\/wp-content\/uploads\/2015\/06\/Paris-guia-verano-2015-desfile-militar.jpg\" alt=\"Imagen del desfile militar\" width=\"585\" height=\"390\" \/>\n\t<div>El desfile militar anual en los Campos El\u00edseos el D\u00eda de la Bastilla el 14 de julio.<\/div>\n<\/div>\n<p>\u00a1No se pierda estos otros fant\u00e1sticos eventos de verano que tienen lugar en la ciudad!<\/p>\n<ul>\n<li>Disfrute de grandes descuentos en sus art\u00edculos favoritos en tiendas locales en las <strong>Rebajas de Verano<\/strong>. \u00a1Del 24 de junio al 4 de agosto, todas las tiendas rebajan sus productos para que pueda obtener las mejores ofertas! Es comparable al <strong>Viernes Negro<\/strong> en los Estados Unidos, pero durante seis incre\u00edbles semanas.<\/li>\n<\/ul>\n<ul>\n<li>La <strong>F\u00eate des Loges<\/strong> es la feria m\u00e1s antigua de la ciudad. Hay muchas atracciones, incluyendo monta\u00f1as rusas y juegos de carnaval. \u00a1Esta feria tiene lugar durante la mayor parte del verano, del 26 de junio al 16 de agosto, as\u00ed que tiene muchas oportunidades para visitarla! Adem\u00e1s, esta feria es conocida por la estupenda comida de alta cocina que ofrece.<\/li>\n<\/ul>\n<ul>\n<li>El <strong>D\u00eda de la Bastilla<\/strong> es una celebraci\u00f3n nacional masiva de la liberaci\u00f3n de los franceses durante la Revoluci\u00f3n Francesa. Se celebra anualmente el 14 de julio, el ritmo de esta celebraci\u00f3n se siente por toda la ciudad. Para empezar el d\u00eda, hay un desfile militar por los <strong>Campos El\u00edseos<\/strong>, que ha sido una costumbre parisina desde 1880. Hay muchos restaurantes y tiendas que albergan mercados al aire libre para que todos disfruten. Al final de la noche, un magn\u00edfico espect\u00e1culo de fuegos artificiales tiene lugar nada menos que en la Torre Eiffel. <a title=\"Visite los Campos El\u00edseos y el Arco del Triunfo, en Par\u00eds\" href=\"https:\/\/www.nyhabitat.com\/sp\/blog\/2013\/09\/24\/visite-campos-eliseos-arco-triunfo-paris\/\">Descubra por qu\u00e9 los Campos El\u00edseos son tan famosos en Par\u00eds.<\/a><\/li>\n<\/ul>\n<ul>\n<li>Paris alberga su propio <strong>desfile del Orgullo Gay<\/strong>, que re\u00fane a unos 700.000 espectadores en las calles de la ciudad. Este a\u00f1o tendr\u00e1 lugar el 27 de junio, as\u00ed que no se pierda esta celebraci\u00f3n que cuenta con m\u00e1s de 80 coloridas carrozas.<\/li>\n<\/ul>\n<ul>\n<li>El <strong>Carnaval Tropical de Par\u00eds<\/strong> conmemora a la poblaci\u00f3n caribe\u00f1a vive en Par\u00eds. El festival se celebra anualmente y este a\u00f1o es el 28 de junio. \u00a1Tiene lugar en el 11\u00ba Arrondissement, y las calles est\u00e1n llenas de trajes de colores vibrantes de las personas bailando! M\u00e1s de 200.000 personas acuden a este festival, por lo que es un evento que no se puede perder. No se aloje demasiado lejos de toda la diversi\u00f3n de este festival y eche un vistazo a nuestros <a title=\"Apartamentos en Bastilla - R\u00e9publique\" href=\"https:\/\/www.nyhabitat.com\/sp\/paris-apartamentos\/vacaciones\/bastilla-republique\">apartamentos de vacaciones en el 11\u00ba Arrondissement.<\/a><\/li>\n<\/ul>\n<p>\u00bfHemos nombrado todos sus eventos de verano favoritos en Par\u00eds? A\u00f1ada alguno a la lista dejando un comentario m\u00e1s abajo.<\/p>\n","protected":false},"excerpt":{"rendered":"<p>Par\u00eds (Francia) es una ciudad tan \u00fanica que ofrece muchas oportunidades para visitantes y parisinos por igual. Con el sol brillando y la brisa constante&#8230;<\/p>\n","protected":false},"author":1,"featured_media":0,"comment_status":"open","ping_status":"closed","sticky":false,"template":"","format":"standard","meta":[],"categories":[48],"tags":[],"_links":{"self":[{"href":"https:\/\/www.nyhabitat.com\/sp\/blog\/wp-json\/wp\/v2\/posts\/6676"}],"collection":[{"href":"https:\/\/www.nyhabitat.com\/sp\/blog\/wp-json\/wp\/v2\/posts"}],"about":[{"href":"https:\/\/www.nyhabitat.com\/sp\/blog\/wp-json\/wp\/v2\/types\/post"}],"author":[{"embeddable":true,"href":"https:\/\/www.nyhabitat.com\/sp\/blog\/wp-json\/wp\/v2\/users\/1"}],"replies":[{"embeddable":true,"href":"https:\/\/www.nyhabitat.com\/sp\/blog\/wp-json\/wp\/v2\/comments?post=6676"}],"version-history":[{"count":7,"href":"https:\/\/www.nyhabitat.com\/sp\/blog\/wp-json\/wp\/v2\/posts\/6676\/revisions"}],"predecessor-version":[{"id":6689,"href":"https:\/\/www.nyhabitat.com\/sp\/blog\/wp-json\/wp\/v2\/posts\/6676\/revisions\/6689"}],"wp:attachment":[{"href":"https:\/\/www.nyhabitat.com\/sp\/blog\/wp-json\/wp\/v2\/media?parent=6676"}],"wp:term":[{"taxonomy":"category","embeddable":true,"href":"https:\/\/www.nyhabitat.com\/sp\/blog\/wp-json\/wp\/v2\/categories?post=6676"},{"taxonomy":"post_tag","embeddable":true,"href":"https:\/\/www.nyhabitat.com\/sp\/blog\/wp-json\/wp\/v2\/tags?post=6676"}],"curies":[{"name":"wp","href":"https:\/\/api.w.org\/{rel}","templated":true}]}}