{"id":7235,"date":"2016-01-05T10:54:05","date_gmt":"2016-01-05T15:54:05","guid":{"rendered":"https:\/\/www.nyhabitat.com\/sp\/blog\/?p=7235"},"modified":"2016-01-05T10:54:05","modified_gmt":"2016-01-05T15:54:05","slug":"perfil-alojamiento-vacaciones-villa-cezanne-aix-en-provence-sur-francia","status":"publish","type":"post","link":"https:\/\/www.nyhabitat.com\/sp\/blog\/2016\/01\/05\/perfil-alojamiento-vacaciones-villa-cezanne-aix-en-provence-sur-francia\/","title":{"rendered":"Perfil de un alojamiento de vacaciones: Villa C\u00e9zanne en Aix en Provence, sur de Francia"},"content":{"rendered":"<div class=\"img aligncenter size-large wp-image-7242\" style='width:585px;'>\n\t<img src=\"https:\/\/www.nyhabitat.com\/sp\/blog\/wp-content\/uploads\/2016\/01\/Sur-de-Francia-apartamento-de-vacaciones-Villa-C\u00e9zanne-piscina-exterior-al-atardecer-1024x682.jpg\" alt=\"Imagen de Villa C\u00e9zanne desde el exterior junto a la piscina\" width=\"585\" height=\"390\" \/>\n\t<div>Villa C\u00e9zanne da la bienvenida a sus hu\u00e9spedes con una piscina iluminada, velas y un c\u00e1lido interior al atardecer.<\/div>\n<\/div>\n<p>Esta lujosa\u00a0<a title=\"Si quiere reservar esta villa \u00fanica, eche un vistazo a la lista de nuestra p\u00e1gina web\" href=\"https:\/\/www.nyhabitat.com\/sp\/sur-francia-apartamentos\/vacaciones\/1165\">villa\u00a0de 4 dormitorios<\/a> tipo se encuentra a las afueras de <a title=\"Aix en Provence es un destino ideal para explorar en cualquier viaje, ya sea corto o largo\" href=\"https:\/\/www.nyhabitat.com\/sp\/blog\/2013\/08\/27\/48-horas-aix-provence-francia\/\">Aix en Provence<\/a> y recibe su nombre del abuelo del postimpresionismo, <strong>Paul C\u00e9zanne<\/strong>, en cuyo trabajo est\u00e1 inspirado el arte moderno que impregna el dise\u00f1o de la casa. Sus muebles son piezas \u00fanicas de <strong>dise\u00f1o modernista<\/strong>, dispone de espacio suficiente para que duerma toda la familia y tiene un precioso jard\u00edn con piscina: \u00a1esta villa de la Provenza es un sue\u00f1o hecho realidad!<\/p>\n<p style=\"padding-left: 30px;\"><strong>El sal\u00f3n-comedor<\/strong><\/p>\n<div class=\"img aligncenter size-large wp-image-7239\" style='width:585px;'>\n\t<img src=\"https:\/\/www.nyhabitat.com\/sp\/blog\/wp-content\/uploads\/2016\/01\/Sur-de-Francia-Villa-C\u00e9zanne-sal\u00f3n-comedor-chimenea-sillas-piel-alfombra-1024x682.jpg\" alt=\"Imagen del sal\u00f3n comedor de Villa C\u00e9zanne\" width=\"585\" height=\"390\" \/>\n\t<div>El sal\u00f3n comedor de Villa C\u00e9zanne dispone de una chimenea, una mesa de comedor, un gran sal\u00f3n \u00a1y mucho m\u00e1s!<\/div>\n<\/div>\n<p>La <strong>chimenea<\/strong> es el coraz\u00f3n de todos los hogares, y el sal\u00f3n de esta villa cuenta con una elegant\u00edsima alrededor de la cual hay sitio para que toda la familia pueda reunirse y relajarse. Unos sofisticados sillones de madera y tela negra y un gran sof\u00e1 de estilo contempor\u00e1neo sobre una alfombra de pelo sint\u00e9tico hacen de esta una zona com\u00fan \u00fanica en el centro de la casa. Aqu\u00ed tambi\u00e9n podr\u00e1n disfrutar de un enorme <strong>televisor de pantalla plana<\/strong>.<!--more--><\/p>\n<p>El techo de doble altura dota de incluso m\u00e1s grandeza a la habitaci\u00f3n y, sobre la mesa para ocho personas de la zona de comedor, presenta <strong>vigas a la vista<\/strong> en tonos claros. La luz natural inunda la habitaci\u00f3n a trav\u00e9s del <strong>mirador<\/strong> que se extiende de pared a pared, tiene vistas a la piscina y al jard\u00edn y permite la comunicaci\u00f3n entre el interior y el exterior de la casa.<\/p>\n<p style=\"padding-left: 30px;\"><strong>La cocina<\/strong><\/p>\n<div class=\"img aligncenter size-large wp-image-7244\" style='width:585px;'>\n\t<img src=\"https:\/\/www.nyhabitat.com\/sp\/blog\/wp-content\/uploads\/2016\/01\/Sur-de-Francia-Villa-C\u00e9zanne-cocina-moderna-acero-inoxidable-armarios-blancos-encimera-de-madera-1024x682.jpg\" alt=\"Imagen de la cocina de Villa C\u00e9zanne\" width=\"585\" height=\"390\" \/>\n\t<div>En la cocina, los c\u00e1lidos tonos de la madera contrastan con los modernos y elegantes electrodom\u00e9sticos.<\/div>\n<\/div>\n<p>Lejos de las antiguas cocinas en las que antes se preparaban los <a title=\"Pruebe la cocina tradicional de la Provenza durante su viaje al sur de Francia\" href=\"https:\/\/www.nyhabitat.com\/sp\/blog\/2012\/08\/07\/cultura-gastronomica-provenza-cocina-francia\/\">platos tradicionales de la Provenza<\/a>, la de este apartamento de vacaciones es totalmente vanguardista. Nada m\u00e1s cruzar la puerta desde la zona de comedor, se encuentra una mesa de desayuno con cuatro sillas rodeada por una encimera en forma de \u00abL\u00bb. El blanco de los armarios contrasta con los tonos c\u00e1lidos de la madera natural de la encimera y se complementa con el aluminio satinado y el <strong>acero inoxidable de los electrodom\u00e9sticos<\/strong>.<\/p>\n<p>Tambi\u00e9n dispone de <strong>horno<\/strong> y de microondas, situados uno sobre el otro, lo que ampl\u00eda las posibilidades culinarias. La placa es el\u00e9ctrica y sobre ella se encuentra una campana de dise\u00f1o minimalista para la ventilaci\u00f3n. La ventana que hay junto a la cafetera da paso a la luz natural al interior de la cocina. El set de electrodom\u00e9sticos se completa con una batidora, una tetera el\u00e9ctrica y una tostadora, \u00a1as\u00ed que no tendr\u00e1 ning\u00fan problema para encontrar los utensilios necesarios para cocinar todo lo que quiera!<\/p>\n<p style=\"padding-left: 30px;\"><strong>Dormitorios<\/strong><\/p>\n<div class=\"img aligncenter size-large wp-image-7240\" style='width:585px;'>\n\t<img src=\"https:\/\/www.nyhabitat.com\/sp\/blog\/wp-content\/uploads\/2016\/01\/Sur-de-Francia-Villa-C\u00e9zanne-suite-principal-bandeja-de-desayuno-acogedor-pareja-padres-1024x682.jpg\" alt=\"Imagen de uno de los dormitorios de la planta baja de Villa C\u00e9zanne\" width=\"585\" height=\"390\" \/>\n\t<div>Este dormitorio decorado en tonos morados es el lugar perfecto para una pl\u00e1cida noche de descanso.<\/div>\n<\/div>\n<p>La Villa C\u00e9zanne cuenta con <strong>cuatro dormitorios<\/strong> repartidos por las dos plantas y ofrece una amplia variedad de opciones para dormir para que todo el mundo pueda disfrutar de un perfecto descanso. En la fotograf\u00eda de arriba se puede ver la <em>suite<\/em> principal, situada en la planta baja, que cuenta con una cama de matrimonio, un <strong>cuarto de ba\u00f1o privado<\/strong>, un armario y una puerta corredera que conecta con el jard\u00edn. El dormitorio 2 tambi\u00e9n dispone de una cama de matrimonio, adem\u00e1s de un armario de madera natural y un cuarto de ba\u00f1o privado. Hay un tercer dormitorio en esta misma planta que da a una peque\u00f1a terraza con dos sillas de exterior.<\/p>\n<div class=\"img aligncenter size-large wp-image-7238\" style='width:585px;'>\n\t<img src=\"https:\/\/www.nyhabitat.com\/sp\/blog\/wp-content\/uploads\/2016\/01\/Sur-de-Francia-Villa-C\u00e9zanne-habitaci\u00f3n-piso-superior-ni\u00f1os-familia-vigas-a-la-vista-1024x682.jpg\" alt=\"Imagen de un dormitorio de la planta de arriba de Villa C\u00e9zanne\" width=\"585\" height=\"390\" \/>\n\t<div>En la planta de arriba se encuentra un dormitorio para dos personas con el techo abuhardillado.<\/div>\n<\/div>\n<p>En el piso de arriba, un cuarto dormitorio ofrece dos camas individuales que pueden juntarse para disfrutar de una cama tama\u00f1o <em>king<\/em>. Las posibilidades que esto ofrece son perfectas tanto para familias con ni\u00f1os como para grupos m\u00e1s grandes. Adem\u00e1s, este dormitorio tambi\u00e9n cuenta con una c\u00f3moda y un perchero.<\/p>\n<p style=\"padding-left: 30px;\"><strong>Salles d\u2019eau y ba\u00f1os<\/strong><\/p>\n<div class=\"img aligncenter size-large wp-image-7243\" style='width:585px;'>\n\t<img src=\"https:\/\/www.nyhabitat.com\/sp\/blog\/wp-content\/uploads\/2016\/01\/Sur-de-Francia-Villa-C\u00e9zanne-ba\u00f1o-ba\u00f1era-vigas-a-la-vista-madera-natural-espejo-1024x682.jpg\" alt=\"Imagen de un ba\u00f1o con una ba\u00f1era blanca y vigas de madera\" width=\"585\" height=\"390\" \/>\n\t<div>El deslumbrante ba\u00f1o blanco es el centro de esta salle d\u2019eau de la planta de arriba.<\/div>\n<\/div>\n<p>La villa tiene un cuarto de ba\u00f1o completo, tres <em>salles d\u2019eau<\/em> (cuartos de ba\u00f1o s\u00f3lo con ba\u00f1era y lavabo, muy t\u00edpicos en Francia), y un <strong>WC separado<\/strong>, as\u00ed que nunca tendr\u00e1 que esperar para ir al ba\u00f1o durante su estancia. En el piso de abajo, el ba\u00f1o 1, que est\u00e1 conectado a una de las habitaciones, cuenta con un inodoro, una ba\u00f1era con ducha y un espejo grande. Los ba\u00f1os 2 y 3 se encuentran en el piso de arriba y son espacios abiertos situados bajo las vigas de madera del techo de la villa, que contrastan con las relucientes ba\u00f1eras blancas. El cuarto de ba\u00f1o 4 dispone de una ducha de efecto lluvia abierta al resto del ba\u00f1o, as\u00ed como de dos lavabos: \u00a1perfecto para parejas! En el ba\u00f1o 5 hay un inodoro separado y <strong>una lavadora y una secadora<\/strong> que estar\u00e1n a su entera disposici\u00f3n.<\/p>\n<p style=\"padding-left: 30px;\"><strong>El jard\u00edn<\/strong><\/p>\n<div class=\"img aligncenter size-large wp-image-7245\" style='width:585px;'>\n\t<img src=\"https:\/\/www.nyhabitat.com\/sp\/blog\/wp-content\/uploads\/2016\/01\/Sur-de-Francia-Villa-C\u00e9zanne-exterior-cena-patio-jard\u00edn-mesa-comida-Provenza-cocina-1024x682.jpg\" alt=\"Imagen de una mesa repleta de comida junto a la piscina fuera de Villa C\u00e9zanne\" width=\"585\" height=\"390\" \/>\n\t<div>\u00a1Disfrute de un fest\u00edn de comida provenzal en la mesa del patio junto a la piscina!<\/div>\n<\/div>\n<p>No s\u00f3lo las lujosas comodidades de su interior hacen que Villa C\u00e9zanne sea una estupenda elecci\u00f3n para una estancia en el <strong>sur de Francia<\/strong>, \u00a1el jard\u00edn y la piscina tambi\u00e9n son espectaculares! Hay una mesa para ocho comensales que le permitir\u00e1 disfrutar de sus comidas <em>en plein air<\/em> al c\u00e1lido sol provenzal durante el d\u00eda o en la suave brisa vespertina. \u00a1Y con la <strong>barbacoa de gas<\/strong> podr\u00e1 divertirse con toda la familia cocinando al aire libre los platos t\u00edpicos de la Provenza! Visite uno de <a title=\"La Provenza es famosa por sus mercados: \u00a1descubra los cinco mejores en nuestra lista!\" href=\"https:\/\/www.nyhabitat.com\/sp\/blog\/2015\/04\/07\/5-mejores-mercados-provenza\/\">nuestros mercados favoritos de la Provenza<\/a> para comprar todos los ingredientes frescos que necesite.<\/p>\n<div class=\"img aligncenter size-large wp-image-7241\" style='width:585px;'>\n\t<img src=\"https:\/\/www.nyhabitat.com\/sp\/blog\/wp-content\/uploads\/2016\/01\/Sur-de-France-villa-C\u00e9zanne-piscina-terraza-hierba-d\u00eda-luz-lavanda-patio-trasero-1024x682.jpg\" alt=\"Imagen de una piscina en el patio trasero de Villa C\u00e9zanne\" width=\"585\" height=\"390\" \/>\n\t<div>Entre la vegetaci\u00f3n y la piscina, es dif\u00edcil decidir qu\u00e9 es lo m\u00e1s relajante en este patio trasero.<\/div>\n<\/div>\n<p>Y, por supuesto, est\u00e1n las tentadoras aguas turquesas de la piscina, con escalones que llevan desde el <strong>patio<\/strong> hasta la refrescante agua. Tambi\u00e9n podr\u00e1 tumbarse a tomar el sol o a disfrutar de un buen libro en las hamacas del jard\u00edn. Y, gracias a las hileras de <strong>luces subacu\u00e1ticas<\/strong> de ambos lados de la piscina, podr\u00e1 nadar incluso de noche, \u00a1una perfecta actividad para disfrutar en familia despu\u00e9s de la cena!<\/p>\n<p>Si le gusta lo que ve pero esperaba disponer de comodidades adicionales, \u00a1le ofrecemos una amplia variedad de <a title=\"Le ayudaremos a encontrar cualquier tipo de apartamento de vacaciones que busque\" href=\"https:\/\/www.nyhabitat.com\/sp\/sur-francia-apartamentos\/vacaciones\">habitaciones de vacaciones<\/a> de entre los que elegir! \u00bfPor qu\u00e9 no opta por uno junto a la playa, como <a title=\"\u00a1En este apartamento de vacaciones de la Costa Azul, estar\u00e1 a pocos pasos de la playa!\" href=\"https:\/\/www.nyhabitat.com\/sp\/sur-francia-apartamentos\/vacaciones\/397\">nuestro alojamiento de vacaciones de 3 dormitorios en Gigaro La Croix Valmer<\/a>? O, si est\u00e1 pensando en unas vacaciones en la ciudad, \u00bfpor qu\u00e9 no decantarse por un <a title=\"Al\u00f3jese en este lujoso apartamento de dos dormitorios y descubra la animada cultura de Marsella\" href=\"https:\/\/www.nyhabitat.com\/sp\/sur-francia-apartamentos\/vacaciones\/234\">lujoso apartamento de vacaciones en Marsella<\/a>? Si busca apartamentos de vacaciones \u00fanicos en el sur de Francia, no busque m\u00e1s y consulte nuestra lista de las <a title=\"\u00bfNo se decide? Nuestra lista de las 10 caracter\u00edsticas que enamorar\u00e1n a toda la familia le ayudar\u00e1 a encontrar la villa perfecta\" href=\"https:\/\/www.nyhabitat.com\/sp\/blog\/2015\/11\/10\/10-caracteristicas-enamoraran-toda-familia-alojamiento-vacaciones-sur-francia\/\">10 caracter\u00edsticas que enamorar\u00e1n a toda la familia<\/a>: \u00a1puede que encuentre la casa de sus sue\u00f1os entre las opciones que le ofrecemos!<\/p>\n","protected":false},"excerpt":{"rendered":"<p>Esta lujosa\u00a0villa\u00a0de 4 dormitorios tipo se encuentra a las afueras de Aix en Provence y recibe su nombre del abuelo del postimpresionismo, Paul C\u00e9zanne, en&#8230;<\/p>\n","protected":false},"author":1,"featured_media":0,"comment_status":"open","ping_status":"closed","sticky":false,"template":"","format":"standard","meta":[],"categories":[94],"tags":[],"_links":{"self":[{"href":"https:\/\/www.nyhabitat.com\/sp\/blog\/wp-json\/wp\/v2\/posts\/7235"}],"collection":[{"href":"https:\/\/www.nyhabitat.com\/sp\/blog\/wp-json\/wp\/v2\/posts"}],"about":[{"href":"https:\/\/www.nyhabitat.com\/sp\/blog\/wp-json\/wp\/v2\/types\/post"}],"author":[{"embeddable":true,"href":"https:\/\/www.nyhabitat.com\/sp\/blog\/wp-json\/wp\/v2\/users\/1"}],"replies":[{"embeddable":true,"href":"https:\/\/www.nyhabitat.com\/sp\/blog\/wp-json\/wp\/v2\/comments?post=7235"}],"version-history":[{"count":10,"href":"https:\/\/www.nyhabitat.com\/sp\/blog\/wp-json\/wp\/v2\/posts\/7235\/revisions"}],"predecessor-version":[{"id":7253,"href":"https:\/\/www.nyhabitat.com\/sp\/blog\/wp-json\/wp\/v2\/posts\/7235\/revisions\/7253"}],"wp:attachment":[{"href":"https:\/\/www.nyhabitat.com\/sp\/blog\/wp-json\/wp\/v2\/media?parent=7235"}],"wp:term":[{"taxonomy":"category","embeddable":true,"href":"https:\/\/www.nyhabitat.com\/sp\/blog\/wp-json\/wp\/v2\/categories?post=7235"},{"taxonomy":"post_tag","embeddable":true,"href":"https:\/\/www.nyhabitat.com\/sp\/blog\/wp-json\/wp\/v2\/tags?post=7235"}],"curies":[{"name":"wp","href":"https:\/\/api.w.org\/{rel}","templated":true}]}}