{"id":7508,"date":"2016-03-22T16:32:10","date_gmt":"2016-03-22T21:32:10","guid":{"rendered":"https:\/\/www.nyhabitat.com\/sp\/blog\/?p=7508"},"modified":"2016-03-22T16:32:10","modified_gmt":"2016-03-22T21:32:10","slug":"disfrute-vacaciones-esqui-tome-sol-sur-francia","status":"publish","type":"post","link":"https:\/\/www.nyhabitat.com\/sp\/blog\/2016\/03\/22\/disfrute-vacaciones-esqui-tome-sol-sur-francia\/","title":{"rendered":"Disfrute de sus vacaciones de esqu\u00ed y tome el sol en el sur de Francia"},"content":{"rendered":"<div class=\"img aligncenter size-large wp-image-7517\" style='width:585px;'>\n\t<img src=\"https:\/\/www.nyhabitat.com\/sp\/blog\/wp-content\/uploads\/2016\/03\/Sur-de-Francia-chal\u00e9-de-vacaciones-Alpes-del-sur-nieve-sol-monta\u00f1as-caba\u00f1a-PR-954-1024x682.jpg\" alt=\"Imagen del chal\u00e9 alpino PR-954\" width=\"585\" height=\"390\" \/>\n\t<div>\u00a1El sur de Francia es el punto de equilibrio entre el sol y la nieve de las laderas alpinas!<\/div>\n<\/div>\n<p>Una de las muchas razones por las que el <strong>sur de Francia<\/strong> sigue siendo uno de los principales destinos tur\u00edsticos del mundo es su geograf\u00eda \u00fanica. Situadas entre las impresionantes cumbres monta\u00f1osas de los <a title=\"Los Alpes franceses son un destino ideal para una escapada al sur de Francia \" href=\"https:\/\/www.nyhabitat.com\/sp\/sur-francia-apartamentos\/vacaciones\/alpes\">Alpes del sur<\/a> y la agradable amplitud del litoral del Mediterr\u00e1neo, la <a title=\"La Provenza es mucho m\u00e1s de lo que parece\" href=\"https:\/\/www.nyhabitat.com\/sp\/sur-francia-apartamentos\/vacaciones\/provenza\">Provenza <\/a>y la <a title=\"La Costa Azul es uno de los destinos de vacaciones m\u00e1s encantadores de Europa\" href=\"https:\/\/www.nyhabitat.com\/sp\/sur-francia-apartamentos\/vacaciones\/costa-azul\/niza\">Costa Azul<\/a> ofrecen lo mejor de ambos entornos: la nieve y el sol. La mejor \u00e9poca del a\u00f1o para disfrutar de este equilibrio es la primavera, ya que, mientras la nieve fresca de los Alpes hace que esta zona sea mundialmente conocida por sus pistas de esqu\u00ed, el calor del sol de la costa calma el fr\u00edo del invierno.<\/p>\n<p>\u00a1Planifique su viaje a la <strong>Provenza<\/strong> en primavera y disfrute de una recreaci\u00f3n \u00fanica, eventos de fama mundial y una combinaci\u00f3n climatol\u00f3gica para todos los gustos!<!--more--><\/p>\n<p style=\"padding-left: 30px;\"><strong>Los Alpes del sur: un para\u00edso para los amantes del esqu\u00ed<\/strong><\/p>\n<div class=\"img aligncenter  wp-image-7513\" style='width:585px;'>\n\t<img src=\"https:\/\/www.nyhabitat.com\/sp\/blog\/wp-content\/uploads\/2016\/03\/Sur-de-Francia-nieve-cordillera-alpina-cubierta-de-nieve-camino-\u00e1rboles-1024x682.jpg\" alt=\"Imagen de la monta\u00f1a en los Alpes franceses\" width=\"585\" height=\"390\" \/>\n\t<div>Las cumbres nevadas de los Alpes del sur de Francia representan un gran tel\u00f3n de fondo para cualquier tipo de vacaciones.<\/div>\n<\/div>\n<p>Puede que el sur de Francia sea famoso por sus soleadas playas y aguas de color turquesa, sin embargo, por encima de la l\u00ednea costera se encuentra una atracci\u00f3n totalmente diferente: los escarpados picos de los <strong>Alpes del sur<\/strong>. El macizo monta\u00f1oso que se extiende por ocho pa\u00edses y atrae a m\u00e1s de 120 millones de visitantes al a\u00f1o, muchos de los cuales visitan famosos centros tur\u00edsticos a lo largo de la frontera franco-italiana, como Chamonix. Las <a title=\"Los Alpes del sur son un fant\u00e1stico destino de invierno\" href=\"https:\/\/www.nyhabitat.com\/sp\/blog\/2012\/10\/02\/alpes-franceses-otono-invierno\/\">estaciones de esqu\u00ed de los Alpes del sur<\/a> son una buena opci\u00f3n para cualquier viajero en busca de cuestas, y adem\u00e1s, son m\u00e1s asequibles y no est\u00e1n repletas de turistas.<\/p>\n<p>Aproveche las nevadas de fin de temporada en estas pistas de esqu\u00ed de los Alpes del sur:<\/p>\n<ul>\n<li><strong>La Colmiane<\/strong>: situada al norte de <strong>Niza<\/strong>, est\u00e1 a s\u00f3lo unos kil\u00f3metros de la frontera italiana. Adem\u00e1s, la temporada de esqu\u00ed en el valle de esta ciudad contin\u00faa hasta el 28 de marzo.<\/li>\n<\/ul>\n<ul>\n<li><strong>Valberg-Beuil<\/strong>: este destino de esqu\u00ed se encuentra en el <strong>Parque Nacional de Mercantour<\/strong> y su temporada de esqu\u00ed finaliza el 2 de abril.<\/li>\n<\/ul>\n<ul>\n<li><strong>Isola 2000<\/strong>: este centro tur\u00edstico es perfecto para los turistas que buscan sacar ventaja a la apertura de las fronteras de la Uni\u00f3n Europea, ya que se encuentra a s\u00f3lo unos kil\u00f3metros de la frontera italiana con Francia. Tambi\u00e9n es una excelente opci\u00f3n para las vacaciones de \u00faltima hora, puesto que la temporada de esqu\u00ed dura hasta el 17 de abril.<\/li>\n<\/ul>\n<ul>\n<li><strong>Auron<\/strong>: siendo menos aislada que otras alternativas, esta estaci\u00f3n de esqu\u00ed est\u00e1 cerca de la ciudad de Saint-Etienne-de-Tin\u00e9e y su temporada de esqu\u00ed tambi\u00e9n termina el 17 de abril.<\/li>\n<\/ul>\n<ul>\n<li><strong>Les Orres<\/strong>: ubicado a las afueras del <strong>Parque Nacional de Ecrins,<\/strong> cuesta arriba desde el hermoso <strong>lago Serre-Pon\u00e7on<\/strong>, este centro tur\u00edstico permanece abierto hasta mediados de abril.<\/li>\n<\/ul>\n<div class=\"img aligncenter size-large wp-image-7511\" style='width:585px;'>\n\t<img src=\"https:\/\/www.nyhabitat.com\/sp\/blog\/wp-content\/uploads\/2016\/03\/Sur-de-Francia-chal\u00e9-de-vacaciones-noche-Alpes-nieve-monta\u00f1a-\u00e1rbol-caba\u00f1a-madera-PR-954-1024x682.jpg\" alt=\"Imagen del chal\u00e9 alpino PR-954\" width=\"585\" height=\"390\" \/>\n\t<div>\u00a1Este chalet en los Alpes franceses, un c\u00e1lido refugio del fr\u00edo alpino, es el lugar perfecto para disfrutar de la \u00faltima nevada del invierno!<\/div>\n<\/div>\n<p>En vez de alojarse en un centro de vacaciones que cobra un dineral para necesidades de uso diario, considere uno de nuestros exclusivos <a title=\"Si\u00e9ntase como en casa en un apartamento de vacaciones \" href=\"https:\/\/www.nyhabitat.com\/sp\/sur-francia-apartamentos\/vacaciones\">apartamentos de alquiler<\/a> en el sur de Francia. \u00a1Incluso encontrar\u00e1 ofertas de viajes de \u00faltima hora y ahorrar\u00e1 dinero! Situado aproximadamente a 35 kil\u00f3metros al noroeste de las pistas de esqu\u00ed mencionadas anteriormente, nuestro <a title=\"Eche un vistazo a este chal\u00e9 de 2 dormitorios de los Alpes franceses\" href=\"https:\/\/www.nyhabitat.com\/sp\/sur-francia-apartamentos\/vacaciones\/954\">chal\u00e9 de 2 dormitorios de La B\u00e2tie Neuve <\/a>es el lugar perfecto para entrar en calor para el apr\u00e8s-ski (actividad social despu\u00e9s de un d\u00eda de esqu\u00ed). Se sentir\u00e1 como en casa en esta caba\u00f1a ubicada en las monta\u00f1as, con cocina completa, acceso a internet y espacio para dormir para 4 personas.<\/p>\n<p style=\"padding-left: 30px;\"><strong>Actividades en invierno para los que no esqu\u00edan<\/strong><\/p>\n<div class=\"img aligncenter size-large wp-image-7516\" style='width:585px;'>\n\t<img src=\"https:\/\/www.nyhabitat.com\/sp\/blog\/wp-content\/uploads\/2016\/03\/Sur-de-Francia-caba\u00f1a-de-madera-campo-lago-orilla-cordillera-alpina-paisaje-primavera-1024x682.jpg\" alt=\"Imagen de la caba\u00f1a delante de la cordillera alpina\" width=\"585\" height=\"390\" \/>\n\t<div>\u00a1Imag\u00ednese despertar cada ma\u00f1ana con unas vistas a los Alpes como estas!<\/div>\n<\/div>\n<p>\u00a1Afortunadamente, los que visitan los Alpes no tienen que pasar todo el tiempo en el fr\u00edo, ya que existen muchas otras magn\u00edficas actividades en la regi\u00f3n desde finales del invierno hasta la primavera!<\/p>\n<p>Incluso si no esqu\u00eda o hace snowboard, disfrutar\u00e1 del ambiente alpino \u00fanico <strong>escalando un glaciar<\/strong> en el <strong>Parque Nacional de Ecrins<\/strong>. O bien, para los menos ambiciosos f\u00edsicamente, puede apreciar la belleza de las monta\u00f1as en un vuelo tur\u00edstico o un <strong>tour en helic\u00f3ptero<\/strong> por la zona. Si se aloja cerca de <strong>Gap<\/strong>, pase por el aer\u00f3dromo local de Gap-Tallard para uno de sus espectaculares recorridos panor\u00e1micos por el paisaje.<\/p>\n<p>La costa mediterr\u00e1nea tambi\u00e9n cuenta con destinos cl\u00e1sicos, donde las bulliciosas ciudades como <a title=\"Marsella es la segunda ciudad de Francia, un animado centro multicultural \" href=\"https:\/\/www.nyhabitat.com\/sp\/blog\/2013\/02\/05\/48-horas-marsella-francia\/\">Marsella <\/a>y <a title=\"\u00a1Niza es mucho m\u00e1s que agradable, es un magn\u00edfico destino de vacaciones!\" href=\"https:\/\/www.nyhabitat.com\/sp\/blog\/2014\/05\/06\/48-horas-niza-riviera-francesa\/\">Niza <\/a>ofrecen a los turistas muchas posibilidades. Algunos de los <a title=\"El sur de Francia es conocido por su gastronom\u00eda, descubra por qu\u00e9 en nuestra gu\u00eda \" href=\"https:\/\/www.nyhabitat.com\/sp\/blog\/2012\/08\/07\/cultura-gastronomica-provenza-cocina-francia\/\">platos m\u00e1s famosos de la regi\u00f3n<\/a> est\u00e1n especialmente adaptados para el invierno: desde la bouillabaisse, un guiso de pescado que recuerda al bullicioso puerto de Marsella, hasta la reconfortante ratatouille de la regi\u00f3n de la frontera italiana. El <strong>Parque Nacional de Calanques<\/strong>, que se extiende de Marsella a Cassis, es uno de los m\u00e1s espectaculares atractivos naturales de la costa que es igual de bonito en invierno, y adem\u00e1s, no est\u00e1 repleto de turistas.<\/p>\n<p style=\"padding-left: 30px;\"><strong>Planifique su estancia en un apartamento de vacaciones de New York Habitat<\/strong><\/p>\n<div class=\"img aligncenter size-large wp-image-7514\" style='width:585px;'>\n\t<img src=\"https:\/\/www.nyhabitat.com\/sp\/blog\/wp-content\/uploads\/2016\/03\/Sur-de-Francia-Villeneuve-Loubet-Costa-de-Azul-Marina-Baie-des-Anges-PR-1223-1024x682.jpg\" alt=\"Imagen de la atracci\u00f3n de Marina Baie des Anges en la Costa Azul del apartamento PR-1223\" width=\"585\" height=\"390\" \/>\n\t<div>La atracci\u00f3n de Marina Baie des Anges en Villeneuve-Loubet tiene unas impresionantes vistas de fondo de los Alpes.<\/div>\n<\/div>\n<p><strong>Villeneuve-Loubet<\/strong>, un pueblo hist\u00f3rico justo al sur del aeropuerto de Niza, es un sitio del sur de Francia que est\u00e1 especialmente adaptado para combinar la nieve y los esqu\u00eds con la arena y el sol, como puede observarse en las pintorescas torres del <strong>macizo monta\u00f1oso de Mercantour-Argentera<\/strong> sobre este antiguo pueblo de pescadores.<\/p>\n<p>Una atracci\u00f3n \u00fanica que destaca en la ciudad tur\u00edstica es <strong>Marina Baie des Anges<\/strong>, respaldada por los picos de las monta\u00f1as y con un frente donde las velas blancas de los barcos recorren la Costa Azul. Este <a title=\"\u00a1Nuestro apartamento de 1 dormitorio en Villeneuve-Loubet est\u00e1 a unos pasos del mar!\" href=\"https:\/\/www.nyhabitat.com\/sp\/sur-francia-apartamentos\/vacaciones\/1223\">apartamento de 1 dormitorio<\/a> est\u00e1 situado en uno de los cuatro edificios modernistas, <strong>Le Baronnet<\/strong>, y se beneficia del desarrollo del moderno centro de talasoterapia y de su puerto deportivo privado.<\/p>\n<div class=\"img aligncenter size-large wp-image-7515\" style='width:585px;'>\n\t<img src=\"https:\/\/www.nyhabitat.com\/sp\/blog\/wp-content\/uploads\/2016\/03\/Sur-de-Francia-Antibes-Cannes-Costa-de-Azul-exterior-de-la-terraza-del-estudio-PR-1224-1024x682.jpg\" alt=\"Imagen de la terraza del apartamento PR-1224\" width=\"585\" height=\"390\" \/>\n\t<div>\u00a1Disfrute del c\u00e1lido sol mediterr\u00e1neo desde la terraza de un apartamento de vacaciones de New York Habitat!<\/div>\n<\/div>\n<p>A pocos kil\u00f3metros de la costa, entre <strong>Antibes<\/strong> y <a title=\"Cannes es mucho m\u00e1s que un famoso Festival de Cine\" href=\"https:\/\/www.nyhabitat.com\/sp\/blog\/2012\/09\/04\/48-horas-cannes-riviera-francesa\/\">Cannes<\/a>, se encuentra este <a title=\"No se pierda este apartamento estudio cerca de Antibes y Cannes\" href=\"https:\/\/www.nyhabitat.com\/sp\/sur-francia-apartamentos\/vacaciones\/1224\">exclusivo apartamento estudio<\/a>, que forma parte de la propiedad del due\u00f1o y, adem\u00e1s, tiene acceso a su piscina privada. La cocina y las comodidades modernas (televisor de pantalla plana y <strong>sistema de climatizaci\u00f3n<\/strong>) hacen que este alojamiento sea ideal para un <a title=\"No hay mejor lugar para el romance como el sur de Francia\" href=\"https:\/\/www.nyhabitat.com\/sp\/blog\/2015\/07\/07\/apartamentos-escapada-romantica-provenza\/\">viaje rom\u00e1ntico al sur de Francia<\/a> o para unas vacaciones de \u00faltima hora. Asimismo, este apartamento de vacaciones tiene una ubicaci\u00f3n privilegiada si est\u00e1 planeando una estancia que coincide con uno de los eventos de temporada de la Costa Azul.<\/p>\n<p style=\"padding-left: 30px;\"><strong>Actividades en primavera<\/strong><\/p>\n<p>Gracias a su clima templado y agradable, su hermoso paisaje y su incomparable infraestructura tur\u00edstica, el sur de Francia es el hogar de numerosos<a title=\"La Provenza y la Costa Azul son el hogar de numerosos eventos interesantes\" href=\"https:\/\/www.nyhabitat.com\/sp\/blog\/2014\/11\/11\/mejores-eventos-anuales-provenza-costa-azul\/\"> eventos y conferencias internacionales<\/a> famosas, as\u00ed como de celebraciones regionales de gran importancia hist\u00f3rica.<\/p>\n<p>La <strong>Feria d\u2019Arles<\/strong> conserva una tradici\u00f3n amada y pol\u00e9mica al mismo tiempo en Francia: las corridas de toros. A pesar de que su comercio difiere ligeramente de la m\u00e1s famosa variedad espa\u00f1ola, los toreros de <a title=\"Arles es uno de los secretos mejor guardados del sur de Francia \" href=\"https:\/\/www.nyhabitat.com\/blog\/2011\/11\/02\/learn-about-art-living-provence-arles\/  \">Arles <\/a>inician la temporada de verano con una celebraci\u00f3n de Pascua organizada por la localidad desde 1965.<\/p>\n<div class=\"img aligncenter size-large wp-image-7512\" style='width:585px;'>\n\t<img src=\"https:\/\/www.nyhabitat.com\/sp\/blog\/wp-content\/uploads\/2016\/03\/Sur-de-Francia-Festival-de-Cine-de-Cannes-pel\u00edcula-modelo-glamour-moda-Costa-de-Azul-1024x682.jpg\" alt=\"Imagen de una modelo en el balc\u00f3n del Palacio de Festivales de Cannes\" width=\"585\" height=\"390\" \/>\n\t<div>Cannes, probablemente la ciudad m\u00e1s glamurosa de la regi\u00f3n, es la joya de la Costa Azul. <\/div>\n<\/div>\n<p>Probablemente, el <strong>Festival de Cannes<\/strong> sea el evento m\u00e1s c\u00e9lebre de la regi\u00f3n durante la primavera, o incluso de todo el a\u00f1o que, adem\u00e1s, es considerado el festival de cine m\u00e1s prestigioso del mundo. Celebrado a mediados de mayo de cada a\u00f1o (del 11 de mayo al 22 de mayo de 2016), este evento atrae a personajes famosos de ambos lados del Atl\u00e1ntico y presenta algunos adelantos de pel\u00edculas y documentales del a\u00f1o siguiente. S\u00f3lo una pel\u00edcula recibe el deseado premio <strong>Palma de Oro<\/strong>, por lo que lo convierte una competici\u00f3n de gran importancia.<\/p>\n<p>Tambi\u00e9n hay otro evento de renombre internacional que se lleva a cabo en el otro extremo de la Costa Azul, en el peque\u00f1o <strong>Principado de M\u00f3naco.<\/strong> El <strong>Gran Premio<\/strong> es, sin duda, la competici\u00f3n m\u00e1s importante de las carreras de F\u00f3rmula 1 y una de las tres que forman la Triple Corona del Automovilismo. Las carreras del circuito atraviesan las calles estrechas del microestado de 2,02 km2, haciendo que estas sean a\u00fan m\u00e1s emocionantes para los espectadores.<\/p>\n<p>La temporada de verano en el sur de Francia aporta m\u00e1s emoci\u00f3n todav\u00eda, con eventos culturales como la internacional <strong>F\u00eate de la Musique<\/strong> (una fiesta celebrada en el solsticio de junio), el <strong>Festival de Avi\u00f1\u00f3n<\/strong> (un festival de teatro que empieza a partir del 4 de julio) y el <strong>Festival d&#8217;Aix en Provence<\/strong> (un festival de \u00f3pera que este a\u00f1o comienza a partir del 30 de junio).<\/p>\n<p>Con todas estas impresionantes actividades que tiene para elegir, \u00a1desear\u00e1 reservar un apartamento de vacaciones lo antes posible! Adem\u00e1s, al poder disfrutar de todos los paisajes y la cultura durante todo el a\u00f1o, deber\u00eda considerar una estancia m\u00e1s larga en uno de nuestros <a title=\"Viva como un lugare\u00f1o en uno de nuestros apartamentos amueblados\" href=\"https:\/\/www.nyhabitat.com\/sp\/sur-francia-apartamentos\/amueblados\">apartamentos amueblados<\/a>.<\/p>\n","protected":false},"excerpt":{"rendered":"<p>Una de las muchas razones por las que el sur de Francia sigue siendo uno de los principales destinos tur\u00edsticos del mundo es su geograf\u00eda&#8230;<\/p>\n","protected":false},"author":1,"featured_media":0,"comment_status":"open","ping_status":"closed","sticky":false,"template":"","format":"standard","meta":[],"categories":[92],"tags":[],"_links":{"self":[{"href":"https:\/\/www.nyhabitat.com\/sp\/blog\/wp-json\/wp\/v2\/posts\/7508"}],"collection":[{"href":"https:\/\/www.nyhabitat.com\/sp\/blog\/wp-json\/wp\/v2\/posts"}],"about":[{"href":"https:\/\/www.nyhabitat.com\/sp\/blog\/wp-json\/wp\/v2\/types\/post"}],"author":[{"embeddable":true,"href":"https:\/\/www.nyhabitat.com\/sp\/blog\/wp-json\/wp\/v2\/users\/1"}],"replies":[{"embeddable":true,"href":"https:\/\/www.nyhabitat.com\/sp\/blog\/wp-json\/wp\/v2\/comments?post=7508"}],"version-history":[{"count":7,"href":"https:\/\/www.nyhabitat.com\/sp\/blog\/wp-json\/wp\/v2\/posts\/7508\/revisions"}],"predecessor-version":[{"id":7522,"href":"https:\/\/www.nyhabitat.com\/sp\/blog\/wp-json\/wp\/v2\/posts\/7508\/revisions\/7522"}],"wp:attachment":[{"href":"https:\/\/www.nyhabitat.com\/sp\/blog\/wp-json\/wp\/v2\/media?parent=7508"}],"wp:term":[{"taxonomy":"category","embeddable":true,"href":"https:\/\/www.nyhabitat.com\/sp\/blog\/wp-json\/wp\/v2\/categories?post=7508"},{"taxonomy":"post_tag","embeddable":true,"href":"https:\/\/www.nyhabitat.com\/sp\/blog\/wp-json\/wp\/v2\/tags?post=7508"}],"curies":[{"name":"wp","href":"https:\/\/api.w.org\/{rel}","templated":true}]}}