{"id":8652,"date":"2017-10-05T11:40:27","date_gmt":"2017-10-05T16:40:27","guid":{"rendered":"https:\/\/www.nyhabitat.com\/sp\/blog\/?p=8652"},"modified":"2017-10-05T11:47:59","modified_gmt":"2017-10-05T16:47:59","slug":"4-festividades-otono-cerca-apartamentos-favoritos-paris","status":"publish","type":"post","link":"https:\/\/www.nyhabitat.com\/sp\/blog\/2017\/10\/05\/4-festividades-otono-cerca-apartamentos-favoritos-paris\/","title":{"rendered":"4 festividades de oto\u00f1o cerca de nuestros apartamentos favoritos de Par\u00eds"},"content":{"rendered":"<div class=\"img aligncenter size-full wp-image-8664\" style='width:585px;'>\n\t<img src=\"https:\/\/www.nyhabitat.com\/sp\/blog\/wp-content\/uploads\/2017\/10\/4-festividades-otono-cerca-apartamentos-favoritos-Paris-Torre-Eiffel-hojas-follaje-otono.jpg\" alt=\"Imagen del follaje oto\u00f1al y el horizonte de Par\u00eds con la Torre Eiffel\" width=\"585\" height=\"390\" \/>\n\t<div>El oto\u00f1o es la \u00e9poca perfecta para visitar Par\u00eds sin demasiada gente<\/div>\n<\/div>\n<p>Si sue\u00f1a con visitar <strong>Par\u00eds<\/strong> pero preferir\u00eda evitar las oleadas de turistas y las colas interminables en los monumentos principales, \u00bfse ha planteado viajar a la Ciudad de la Luz en oto\u00f1o? En oto\u00f1o es cuando tiene lugar le Rentr\u00e9e, es decir, cuando los parisinos regresan al trabajo o al colegio y el n\u00famero de turistas decrece, \u00a1a la par que lo hace el precio de los billetes de avi\u00f3n! Esto significa que experimentar\u00e1 Par\u00eds en su versi\u00f3n m\u00e1s aut\u00e9ntica y que, junto con uno de nuestros apartamentos amueblados en alquiler, podr\u00e1 meterse de lleno en la vida de la capital como un parisino m\u00e1s. Siga leyendo y descubra algunos de nuestros eventos favoritos durante este oto\u00f1o en Par\u00eds, y a continuaci\u00f3n le invitamos a visitar nuestra p\u00e1gina web y reservar el apartamento perfecto que mejor se ajuste a sus intereses. En menos de lo que se lo espera, \u00a1estar\u00e1 sentado en un caf\u00e9 parisino sorbiendo un chocolat chaud al fresco de la brisa oto\u00f1al!<\/p>\n<p style=\"padding-left: 30px;\"><strong>1. Disfrute del follaje oto\u00f1al: avenidas, parques y jardines<\/strong><\/p>\n<div class=\"img aligncenter size-full wp-image-8657\" style='width:585px;'>\n\t<img src=\"https:\/\/www.nyhabitat.com\/sp\/blog\/wp-content\/uploads\/2017\/10\/4-festividades-otono-cerca-apartamentos-favoritos-Paris-avenida-arbolada-bulevar-edificios-haussmanianos.jpg\" alt=\"Imagen de un bulevar arbolado con los colores del oto\u00f1o y con edificios haussmanianos\" width=\"585\" height=\"390\" \/>\n\t<div>D\u00e9 un paseo por alguna avenida arbolada a rebosar de colores oto\u00f1ales<\/div>\n<\/div><!--more--><\/p>\n<p>No nos podr\u00edamos imaginar el oto\u00f1o sin su colorido y vibrante follaje, ni sus pintorescos paisajes. En Par\u00eds no faltan lugares desde donde poder contemplar ambas maravillas. Pasee por una de las magn\u00edficas avenidas arboladas de Par\u00eds, o pase el d\u00eda en uno de los hermosos parques y jardines de la ciudad. Los <strong>jardines del Palacio Real<\/strong>, <strong>los jardines de Versalles<\/strong>, o el <strong>Jard\u00edn de Luxemburgo<\/strong>, son algunos de los jardines m\u00e1s famosos y raz\u00f3n no les falta para serlo, aunque la <strong>Plaza de los Vosgos<\/strong> en el distrito de Le Marais, la plaza m\u00e1s antigua de Par\u00eds, merece tambi\u00e9n una visita. El <strong>parque des Buttes-Chaumont<\/strong> es uno de los parques m\u00e1s grandes de la capital parisina y est\u00e1 repleto de cascadas, puentes y grutas, por lo que no le faltar\u00e1n oportunidades para sacarse la foto perfecta. El <strong>parque Monceau<\/strong> es tan impresionante que sirvi\u00f3 de inspiraci\u00f3n al mism\u00edsimo <strong>Claude Monet<\/strong> para pintar una serie de cuadros sobre el parque.<\/p>\n<div class=\"img aligncenter size-full wp-image-8658\" style='width:585px;'>\n\t<img src=\"https:\/\/www.nyhabitat.com\/sp\/blog\/wp-content\/uploads\/2017\/10\/4-festividades-otono-cerca-apartamentos-favoritos-Paris-Jardin-Luxemburgo-arte-escultura.jpg\" alt=\"Imagen del Jard\u00edn de Luxemburgo con esculturas en primer plano\" width=\"585\" height=\"390\" \/>\n\t<div>Visite alguno de los bonitos jardines de Par\u00eds y d\u00e9jese envolver por los colores del oto\u00f1o (Fotograf\u00eda: Jim Nix en Flickr)<\/div>\n<\/div>\n<p>Situado entre el <strong>Museo del Louvre<\/strong> y la <strong>Plaza de la Concordia<\/strong>, el <strong>Jard\u00edn de las Tuller\u00edas<\/strong> enamora a parisinos y turistas por igual. Adem\u00e1s de la belleza de la naturaleza, aqu\u00ed tambi\u00e9n podr\u00e1 disfrutar del arte, ya que el <strong>Museo de la Orangerie<\/strong> alberga famosos cuadros (como la c\u00e9lebre serie de Monet, Los Nen\u00fafares) y esculturas (como, por ejemplo, algunas de las obras de<strong> Auguste Rodin<\/strong>).<\/p>\n<p style=\"padding-left: 30px;\"><strong>2. Septiembre: mes de festivales<\/strong><\/p>\n<div class=\"img aligncenter size-full wp-image-8659\" style='width:585px;'>\n\t<img src=\"https:\/\/www.nyhabitat.com\/sp\/blog\/wp-content\/uploads\/2017\/10\/4-festividades-otono-cerca-apartamentos-favoritos-Paris-Palacio-de-Versalles-festival-Aguas-Musicales-fuentes.jpg\" alt=\"Imagen de una fuente en el Palacio de Versalles\" width=\"585\" height=\"390\" \/>\n\t<div>Versalles alberga uno de los muchos festivales de este oto\u00f1o (Fotograf\u00eda en Flickr: _jaime1)<\/div>\n<\/div>\n<p>Septiembre es el mes estrella de los festivales en Par\u00eds, as\u00ed que aseg\u00farese de echar un vistazo a algunos de nuestros favoritos. Uno de los imprescindibles es <strong>el musical \u00abAguas musicales\u00bb en el Palacio de Versalles<\/strong> (hasta finales de octubre), en el que podr\u00e1 descubrir los jardines de Versalles desde una \u00f3ptica diferente, ya que los chorros de las fuentes bailan al son de la m\u00fasica. Otro de nuestros favoritos es el <strong>Festival de oto\u00f1o<\/strong>, un festival donde las artes visuales, la m\u00fasica, el cine y el teatro contempor\u00e1neos se dan la mano. Por \u00faltimo, no pod\u00edamos dejarnos el <strong>Festival de la miel<\/strong>, que se celebra en los Jardines de Luxemburgo los d\u00edas 23 y 24 de septiembre de 2017 y donde se conmemoran las hist\u00f3ricas colmenas de abejas del parque. \u00a1No olvide comprar miel para llevar de vuelta a casa!<\/p>\n<div class=\"img aligncenter size-full wp-image-8660\" style='width:585px;'>\n\t<img src=\"https:\/\/www.nyhabitat.com\/sp\/blog\/wp-content\/uploads\/2017\/10\/4-festividades-otono-cerca-apartamentos-favoritos-Paris-PA-3974-Sevres-Babylone-alojamiento-vigas-vistas.jpg\" alt=\"Imagen de la sala de estar del apartamento PA-3974, con paredes blancas, ventanas de estilo franc\u00e9s y vigas vistas blancas de madera\" width=\"585\" height=\"390\" \/>\n\t<div>Alquile un cl\u00e1sico apartamento parisino con un encanto \u00fanico en su viaje a Par\u00eds este oto\u00f1o<\/div>\n<\/div>\n<p>Este <a title=\"Alquile un apartamento de vacaciones con encanto franc\u00e9s\" href=\"https:\/\/www.nyhabitat.com\/sp\/paris-apartamentos\/vacaciones\/3974\">apartamento de dos dormitorios en la zona de S\u00e8vres Babylone de Par\u00eds<\/a> tiene una ubicaci\u00f3n ideal, ya que est\u00e1 a tan solo unos pasos de la ic\u00f3nica Torre Eiffel y del Campo de Marte, y a la vez est\u00e1 convenientemente situado a solo 900 metros de la estaci\u00f3n Montparnasse, donde puede coger un tren directo que le llevar\u00e1 al magn\u00edfico Palacio de Versalles en solo 20 minutos. D\u00e9jese seducir por el encanto parisino de este espacioso y luminoso apartamento, que cuenta con grandes ventanas orientadas a una t\u00edpica calle parisina e incorpora elementos cl\u00e1sicos como techos de vigas vistas de madera. Una cocina americana completamente equipada le permitir\u00e1 preparar sus platos franceses favoritos c\u00f3modamente en casa y disfrutarlos en familia en la amplia mesa de comedor. P\u00f3ngase c\u00f3modo en la relajante y luminosa sala de estar frente a la televisi\u00f3n de pantalla plana con conexi\u00f3n por cable. Las estanter\u00edas de libros empotradas adornan las paredes y le aportan un acogedor toque personal. Un lavavajillas y una lavadora le a\u00f1aden comodidad adicional al apartamento, \u00a1al igual que tener su propia plaza de aparcamiento en el edificio! Dos dormitorios, uno con una cama tama\u00f1o queen y otro con una cama doble, adem\u00e1s de una sof\u00e1 cama en la sala de estar, garantizan espacio suficiente para una familia o un grupo de amigos. Esta propiedad est\u00e1 disponible tanto como alquiler de vacaciones para estancias cortas, como para alquiler mensual o superior para estancias m\u00e1s largas. Si le apasionan las salidas de un d\u00eda y busca un apartamento desde el que le sea f\u00e1cil acceder al transporte p\u00fablico, <a title=\"\u00c9chele un ojo a estas excursiones de un d\u00eda f\u00e1ciles de hacer desde Par\u00eds\" href=\"https:\/\/www.nyhabitat.com\/sp\/blog\/2017\/08\/22\/maravillosas-excursiones-dia-apartamento-amueblado-paris\/\">consulte esta entrada de nuestro blog para inspirarse con estas magn\u00edficas ideas de excursiones de un d\u00eda<\/a>, as\u00ed como algunas sugerencias de apartamentos ideales para escapadas r\u00e1pidas.<\/p>\n<div class=\"img aligncenter size-full wp-image-8661\" style='width:585px;'>\n\t<img src=\"https:\/\/www.nyhabitat.com\/sp\/blog\/wp-content\/uploads\/2017\/10\/4-festividades-otono-cerca-apartamentos-favoritos-Paris-PA-4608-Le-Marais-apartamento-amueblado-suelos-madera-vigas-vistas-piedra-altillo.jpg\" alt=\"Imagen del apartamento PA-4608 en Le Marais con vigas vistas de madera y altillos\" width=\"585\" height=\"390\" \/>\n\t<div>\u00a1Este apartamento en Le Marais es \u00fanico!<\/div>\n<\/div>\n<p style=\"padding-left: 30px;\"><strong>3. Octubre: arte y moda<\/strong><\/p>\n<p>No podemos dejar de relacionar octubre con el arte y la moda\u2026 y con el vino, c\u00f3mo no. La <strong>Semana de la moda de Par\u00eds<\/strong> arranca el 26 de septiembre y finaliza el 2 de octubre de este a\u00f1o, por lo que todos los fan\u00e1ticos de la moda se pasear\u00e1n con sus mejores galas por toda la ciudad. Si quiere alquilar un apartamento que vaya tambi\u00e9n a la moda mientras visita la ciudad, \u00e9chele un ojo a este <a title=\"Este apartamento en Le Marais es perfecto para los apasionados del dise\u00f1o\" href=\"https:\/\/www.nyhabitat.com\/sp\/paris-apartamentos\/amueblados\/4608\">apartamento de dos dormitorios amueblado en el moderno distrito de Le Marais<\/a>, \u00a1cuyo estilo, al igual que el de todo apasionado de la moda, es \u00fanico y personal! Este apartamento presenta bonitos suelos de madera en todo el espacio, mientras que las vigas vistas de madera del techo le dan el cl\u00e1sico car\u00e1cter parisino y sus paredes de <strong>piedra vista y pintadas de blanco con efecto lavado<\/strong> le dotan de un encanto antiguo. Las paredes blancas con mural de piedra de color casta\u00f1o claro, as\u00ed como los muebles en colores claros, contrastan muy bien con los suelos de madera oscura, una combinaci\u00f3n de colores que todo dise\u00f1ador o entusiasta del dise\u00f1o sabr\u00e1 apreciar. Adem\u00e1s de estos detalles originales, el apartamento tambi\u00e9n posee un dise\u00f1o \u00fanico. Sus <strong>ventanales de estilo franc\u00e9s<\/strong> permiten la entrada de luz natural que envuelve la sala de estar. El primer dormitorio cuenta con una cama de matrimonio, mientras que el segundo dormitorio tiene una cama individual en el piso principal, adem\u00e1s de un altillo con otra cama individual, lo que aumenta el abanico de opciones para dormir. A la salida de la sala de estar tambi\u00e9n encontrar\u00e1 otro <strong>altillo<\/strong> accesible mediante unas escaleras que cuenta con un sof\u00e1 cama de matrimonio y un colch\u00f3n individual. Su<a title=\"Encuentre actividades divertidas para hacer con ni\u00f1os durante el oto\u00f1o en Par\u00eds\" href=\"https:\/\/www.nyhabitat.com\/sp\/blog\/2015\/09\/29\/10-mejores-actividades-para-ninos-otono-paris\/\"> gran n\u00famero de opciones para dormir lo convierten en un alojamiento perfecto para las familias<\/a> o grupos grandes. Con sus dos cuartos de ba\u00f1o con duchas empotradas con mamparas de cristal no ser\u00e1 necesario hacer cola para el ba\u00f1o. Por otro lado, la cocina completamente equipada se lo pone muy f\u00e1cil para cocinar en casa. El apartamento tambi\u00e9n dispone de lavadora\/secadora para su conveniencia. En esta <a title=\"Viva como un lugare\u00f1o m\u00e1s en el barrio de Le Marais de Par\u00eds\" href=\"https:\/\/www.nyhabitat.com\/sp\/blog\/2013\/09\/03\/viva-como-lugareno-marais-paris\/\">ubicaci\u00f3n inmejorable en el coraz\u00f3n de Le Marais<\/a> estar\u00e1 rodeado de calles medievales y de un vibrante ambiente bohemio que no encontrar\u00e1 en ninguna otra parte de Par\u00eds.<\/p>\n<p>Si le encanta este barrio que respira arte por todos sus rincones, tambi\u00e9n disfrutar\u00e1 de la<strong> Nuit Blanche<\/strong> (Noche blanca) el 1 de octubre, un evento anual donde se celebran el arte y la cultura, y cientos de museos, galer\u00edas y otros lugares en todo Par\u00eds abren sus puertas durante la mayor parte de la noche con exposiciones, instalaciones multimedia y espect\u00e1culos.<\/p>\n<p>Las galer\u00edas de arte siempre combinan bien con el vino, as\u00ed que despu\u00e9s de explorar las exposiciones, le invitamos a asistir a la <strong>F\u00eate des Vendanges de Montmartre<\/strong>, el <a title=\"El oto\u00f1o est\u00e1 lleno de festivales en Par\u00eds\" href=\"https:\/\/www.nyhabitat.com\/sp\/blog\/2011\/09\/16\/festival-vendimia-montmartre\/\">festival de la vendimia que se celebra todos los a\u00f1os en Montmartre<\/a>, el \u00fanico sitio de Par\u00eds donde a\u00fan quedan <strong>vi\u00f1edos<\/strong> activos.<\/p>\n<div class=\"img aligncenter size-full wp-image-8662\" style='width:585px;'>\n\t<img src=\"https:\/\/www.nyhabitat.com\/sp\/blog\/wp-content\/uploads\/2017\/10\/4-festividades-otono-cerca-apartamentos-favoritos-Paris-PA-4697-Montmartre-balcon-apartamento-amueblado.jpg\" alt=\"Imagen de la sala de estar con balc\u00f3n del apartamento PA-4697 de Montmartre\" width=\"585\" height=\"390\" \/>\n\t<div>Este apartamento de Montmartre est\u00e1 cerca de vi\u00f1edos y de estupendos restaurantes<\/div>\n<\/div>\n<p>Los amantes del vino estar\u00e1n muy cerca de los vi\u00f1edos de Clos-Montmartre con este <a title=\"Disfrute de la brisa oto\u00f1al desde el balc\u00f3n de su apartamento amueblado de Montmartre\" href=\"https:\/\/www.nyhabitat.com\/sp\/paris-apartamentos\/amueblados\/4697\">encantador apartamento de 1 dormitorio con muebles y balc\u00f3n<\/a> situado en el<a title=\"No se pierda el distrito de Montmartre de Par\u00eds este oto\u00f1o\" href=\"https:\/\/www.nyhabitat.com\/sp\/blog\/2012\/10\/30\/visitar-montmartre-paris\/\"> impresionante distrito parisino de Montmartr<\/a>e. Sus suelos de madera, su dise\u00f1o contempor\u00e1neo y su exquisita decoraci\u00f3n hacen de este apartamento un espacio c\u00e1lido y acogedor, perfecto para el oto\u00f1o. La c\u00e1lida luz oto\u00f1al entra en la sala de estar a trav\u00e9s de grandes ventanales y el balc\u00f3n le permite disfrutar del aire fresco con vistas a la calle. La cocina americana cuenta con taburetes en la barra para una comida r\u00e1pida e informal o, si lo prefiere, tiene tambi\u00e9n la opci\u00f3n de sentarse a comer en la mesa de comedor. El dormitorio dispone de una cama de matrimonio, una televisi\u00f3n de pantalla planta y un escritorio con una silla. El cuarto de ba\u00f1o, moderno y completo, en color blanco, tiene suelos de azulejos rojos que aportan un colorido efecto. Cuenta, asimismo, con una ba\u00f1era en la que relajarse despu\u00e9s de un intenso d\u00eda de turismo por la ciudad. El apartamento dispone tambi\u00e9n de un aseo, muy conveniente si tiene invitados en casa. Fuera encontrar\u00e1 algunos de los mejores lugares de la ciudad para cenar o comprar, as\u00ed como algunos monumentos notorios como la bas\u00edlica del Sagrado Coraz\u00f3n. Justo a la vuelta de la esquina podr\u00e1 cenar en el mundialmente famoso Caf\u00e9 des Deux Moulins, que aparece en la pel\u00edcula <strong>Am\u00e9lie<\/strong>.<\/p>\n<p style=\"padding-left: 30px;\"><strong>4. Noviembre: comida casera y vin\u00a0<\/strong><\/p>\n<div class=\"img aligncenter size-full wp-image-8663\" style='width:585px;'>\n\t<img src=\"https:\/\/www.nyhabitat.com\/sp\/blog\/wp-content\/uploads\/2017\/10\/4-festividades-otono-cerca-apartamentos-favoritos-Paris-Beaujolais-Nouveau-vino-frances-vinedo-uva.jpg\" alt=\"Imagen de gente disfrutando de la frescura del tiempo oto\u00f1al en un caf\u00e9 franc\u00e9s\" width=\"585\" height=\"390\" \/>\n\t<div>El vino casa muy bien con el tiempo fresco del oto\u00f1o en Par\u00eds (Foto: Jean-Philippe Blaise) <\/div>\n<\/div>\n<p>El oto\u00f1o es la \u00e9poca del a\u00f1o perfecta para degustar platos caseros que nos hagan sentir como en casa. Es cuando nos encerramos en la comodidad del hogar, nos preparamos para el fr\u00edo del invierno y reconfortamos nuestras almas con comida caliente y vinos atrevidos. Desde el 28 de octubre hasta el 1 de noviembre podr\u00e1 entregarse al consuelo del chocolate en el <strong>Salon du Chocolat<\/strong> (feria del chocolate) en <strong>Porte de Versailles<\/strong>, \u00a1un evento dedicado al mundo del cacao! El mejor acompa\u00f1amiento para el chocolate es, sin duda, el vino, y se encuentra en el pa\u00eds adecuado para experimentar algunas de las mejores cosechas de los alrededores. Y recuerde\u2026 \u00a1el 17 de noviembre es el <strong>d\u00eda del Beaujolais Nouveau<\/strong>! A partir del 30 de noviembre hasta el 4 de diciembre de 2017 tiene lugar la 39 Feria de vino y de los viticultores independientes de Par\u00eds en Porte de Versailles, una excusa perfecta para aprovisionarse de sus botellas favoritas de cara al invierno.<\/p>\n<p>No hay nada como un lugar c\u00e1lido, acogedor y c\u00f3modo al que podamos llamar hogar cuando se est\u00e1 lejos de casa, especialmente en los meses de oto\u00f1o e invierno. <a title=\"Encuentre el apartamento perfecto para su viaje de oto\u00f1o a Par\u00eds\" href=\"https:\/\/www.nyhabitat.com\/sp\/paris-apartamentos.html\">Encuentre su apartamento amueblado favorito para su viaje de oto\u00f1o a Par\u00eds en nuestra p\u00e1gina web<\/a> o d\u00e9jese aconsejar por uno de nuestros agentes expertos en barrios de Par\u00eds y encontraremos el sitio perfecto para usted. Una vez que est\u00e9 al abrigo en uno de nuestros apartamentos amueblados con cocina completamente equipada, todo lo que necesita es <a title=\"Visite los mercados locales con productos frescos de oto\u00f1o\" href=\"https:\/\/www.nyhabitat.com\/sp\/blog\/2015\/10\/13\/mejores-10-mercados-comida-tradicional-paris\/\">ir a buscar ingredientes deliciosos<\/a>, \u00a1y ya est\u00e1 listo para pasar las noches frescas cocinando algunos reconfortantes platos de la cocina francesa desde la comodidad de su apartamento de Par\u00eds!<\/p>\n","protected":false},"excerpt":{"rendered":"<p>Si sue\u00f1a con visitar Par\u00eds pero preferir\u00eda evitar las oleadas de turistas y las colas interminables en los monumentos principales, \u00bfse ha planteado viajar a&#8230;<\/p>\n","protected":false},"author":1,"featured_media":0,"comment_status":"open","ping_status":"closed","sticky":false,"template":"","format":"standard","meta":[],"categories":[49],"tags":[],"_links":{"self":[{"href":"https:\/\/www.nyhabitat.com\/sp\/blog\/wp-json\/wp\/v2\/posts\/8652"}],"collection":[{"href":"https:\/\/www.nyhabitat.com\/sp\/blog\/wp-json\/wp\/v2\/posts"}],"about":[{"href":"https:\/\/www.nyhabitat.com\/sp\/blog\/wp-json\/wp\/v2\/types\/post"}],"author":[{"embeddable":true,"href":"https:\/\/www.nyhabitat.com\/sp\/blog\/wp-json\/wp\/v2\/users\/1"}],"replies":[{"embeddable":true,"href":"https:\/\/www.nyhabitat.com\/sp\/blog\/wp-json\/wp\/v2\/comments?post=8652"}],"version-history":[{"count":9,"href":"https:\/\/www.nyhabitat.com\/sp\/blog\/wp-json\/wp\/v2\/posts\/8652\/revisions"}],"predecessor-version":[{"id":8667,"href":"https:\/\/www.nyhabitat.com\/sp\/blog\/wp-json\/wp\/v2\/posts\/8652\/revisions\/8667"}],"wp:attachment":[{"href":"https:\/\/www.nyhabitat.com\/sp\/blog\/wp-json\/wp\/v2\/media?parent=8652"}],"wp:term":[{"taxonomy":"category","embeddable":true,"href":"https:\/\/www.nyhabitat.com\/sp\/blog\/wp-json\/wp\/v2\/categories?post=8652"},{"taxonomy":"post_tag","embeddable":true,"href":"https:\/\/www.nyhabitat.com\/sp\/blog\/wp-json\/wp\/v2\/tags?post=8652"}],"curies":[{"name":"wp","href":"https:\/\/api.w.org\/{rel}","templated":true}]}}