{"id":9064,"date":"2018-07-02T13:54:43","date_gmt":"2018-07-02T18:54:43","guid":{"rendered":"https:\/\/www.nyhabitat.com\/sp\/blog\/?p=9064"},"modified":"2018-07-02T13:54:43","modified_gmt":"2018-07-02T18:54:43","slug":"ver-oir-hacer-alquiler-apartamento-paris-primavera","status":"publish","type":"post","link":"https:\/\/www.nyhabitat.com\/sp\/blog\/2018\/07\/02\/ver-oir-hacer-alquiler-apartamento-paris-primavera\/","title":{"rendered":"Qu\u00e9 ver, o\u00edr y hacer al alquilar un apartamento en Par\u00eds esta primavera"},"content":{"rendered":"<p style=\"text-align: center;\"><div class=\"img aligncenter  wp-image-9094\" style='width:585px;'>\n\t<img src=\"https:\/\/www.nyhabitat.com\/sp\/blog\/wp-content\/uploads\/2018\/06\/2018-primavera-gu\u00eda-par\u00eds-francia-apartamentos-torre-eiffel-flores.jpg\" alt=\"Imagen de la Torre Eiffel con \u00e1rboles con flores rosas\" width=\"585\" height=\"390\" \/>\n\t<div>La primavera es el mejor momento para alquilar un apartamento amueblado en Par\u00eds. <\/div>\n<\/div>\n<p>\u00a1Ya es primavera! La primavera es la mejor \u00e9poca del a\u00f1o para visitar esta glamurosa ciudad y aprovechar el buen tiempo, los precios bajos y la ausencia de aglomeraciones. Pasee por los hermosos parques y observe c\u00f3mo florecen sus flores, si\u00e9ntese en la terraza de una cafeter\u00eda parisina y observe a la gente pasar o visite todos los lugares t\u00edpicos evitando a todos los turistas que vienen en verano. Tanto si es su primera vez en Par\u00eds como si ya ha venido m\u00e1s veces, hemos encontrado algunas actividades interesantes que hacer en primavera y<a title=\"\u00bfCu\u00e1ntos de los lugares imprescindibles de Par\u00eds ha visitado? \" href=\"https:\/\/www.nyhabitat.com\/sp\/blog\/2016\/01\/26\/20-cosas-no-se-puede-perder-paris\/\"> los lugares que no se puede perder<\/a> en su viaje, y las hemos adaptado a los mejores apartamentos amueblados de Par\u00eds para que pueda vivir como un aut\u00e9ntico parisino.<\/p>\n<p style=\"padding-left: 30px;\"><strong>Museo Jacquemart-Andr\u00e9<\/strong><\/p>\n<p style=\"text-align: center;\"><div class=\"img aligncenter  wp-image-9088\" style='width:585px;'>\n\t<img src=\"https:\/\/www.nyhabitat.com\/sp\/blog\/wp-content\/uploads\/2018\/06\/2018-primavera-gu\u00eda-par\u00eds-francia-apartamentos-Museo-Jacquemart-Andre-Mary-Cassatt-impresionismo.jpg\" alt=\"Imagen de una Pintura impresionista de Mary Cassatt\" width=\"585\" height=\"390\" \/>\n\t<div>Rod\u00e9ese de arte en los museos de Par\u00eds.<\/div>\n<\/div>\n<p style=\"text-align: center;\"><!--more--><\/p>\n<p>Comience la primavera visitando alguno de los <a title=\"Par\u00eds es famoso por su arte y sus museos. \" href=\"https:\/\/www.nyhabitat.com\/sp\/blog\/2015\/12\/29\/10-mejores-museos-paris\/\">muchos museos de Par\u00eds<\/a>, caracterizados por pinturas de jardines y flores con colores vivos, que le preparar\u00e1n para la primavera. El <strong>Museo Jacquemart-Andr\u00e9<\/strong> presentar\u00e1 la exhibici\u00f3n <strong>Mary Cassatt: Una Impresionista Americana en Par\u00eds<\/strong> a partir del 9 de marzo. Cassatt es famosa por sus hermosas pinturas de madres e hijos en colores pastel, a menudo en un encantador entorno pastoral.<\/p>\n<p>Contin\u00fae sumergi\u00e9ndose en el arte de Par\u00eds durante<strong> La Nuit des Mus\u00e9es<\/strong>, un d\u00eda en el que los museos en Par\u00eds abren en un horario especial. El 19 de mayo, podr\u00e1 visitar gratis muchos de los museos m\u00e1s importantes de la ciudad, incluido el <strong>Louvre<\/strong>, famoso mundialmente.<\/p>\n<p style=\"text-align: center;\"><div class=\"img aligncenter  wp-image-9090\" style='width:585px;'>\n\t<img src=\"https:\/\/www.nyhabitat.com\/sp\/blog\/wp-content\/uploads\/2018\/06\/2018-primavera-gu\u00eda-par\u00eds-francia-apartamentos-PA-4701-estudio-amueblado.jpg\" alt=\"Imagen del apartamento PA-4701 con ventanas francesas\" width=\"585\" height=\"390\" \/>\n\t<div>Disfrute de las vistas primaverales en Par\u00eds desde este apartamento estudio. <\/div>\n<\/div>\n<p>Si ha venido a Par\u00eds a disfrutar del arte, este <a title=\"Alquile este colorido estudio de Par\u00eds esta primavera. \" href=\"https:\/\/www.nyhabitat.com\/sp\/paris-apartamentos\/amueblados\/4701 \">apartamento estudio amplio y amueblado con un toque<\/a> le encantar\u00e1 y cerca del<strong> Mus\u00e9e Picasso<\/strong> y <strong>Centre Pompidou<\/strong>. Los detalles en color lavanda complementan el buen tiempo primaveral de Par\u00eds, mientras que la ventana grande y la luz natural hacen de este apartamento, una galer\u00eda de arte propia. Este apartamento est\u00e1 repleto de encanto y car\u00e1cter cl\u00e1sico con<strong> moldura tipo corona<\/strong>, suelos de madera, <strong>puertas t\u00edpicas francesas<\/strong> y <strong>en forma de arco<\/strong>. La primaveral luz del sol entra por las puertas de madera que se abren a un<strong> balc\u00f3n<\/strong>, desde donde podr\u00e1 ver los hermosos <strong>edificios tipo Haussmann<\/strong> y la plaza <strong>de la Tour Saint-Jacques<\/strong>. <a title=\"Visite los mercadillos de comida local de Par\u00eds. \" href=\"https:\/\/www.nyhabitat.com\/sp\/blog\/2015\/10\/13\/mejores-10-mercados-comida-tradicional-paris\/ \">Explore los mercados locales<\/a> y ponga aprueba sus destrezas culinarias preparando <strong>comida francesa<\/strong>. El sof\u00e1 se convierte en sof\u00e1-cama de matrimonio, y lo puede guardar durante el d\u00eda para aprovechar el espacio. Tambi\u00e9n hay un escritorio con vistas, en el caso de que necesite inspiraci\u00f3n para trabajar.<\/p>\n<p>No puede irse de Par\u00eds sin <strong>ir de compras<\/strong> y, afortunadamente, hay muchas tiendas en la Rue de Rivoli en las que encontrar\u00e1 la \u00faltima moda de Par\u00eds. Tambi\u00e9n cuenta con muchos <strong>teatros<\/strong> en la zona y podr\u00e1 emocionarse con las <a title=\"Par\u00eds est\u00e1 lleno de actividades de ocio.\" href=\"https:\/\/www.nyhabitat.com\/sp\/blog\/2016\/08\/02\/sumerjase-artes-paris-salas-espectaculo\/ \">artes esc\u00e9nicas de Par\u00eds<\/a> a solo un paseo desde el apartamento.<\/p>\n<p style=\"padding-left: 30px;\"><strong>Foire du Tr\u00f4ne<\/strong><\/p>\n<p style=\"text-align: center;\"><div class=\"img aligncenter  wp-image-9097\" style='width:585px;'>\n\t<img src=\"https:\/\/www.nyhabitat.com\/sp\/blog\/wp-content\/uploads\/2018\/06\/2018-primavera-gu\u00eda-par\u00eds-francia-apartamentos-Foire-du-Tr\u00f4ne-feria-atracciones-ni\u00f1os.jpg\" alt=\"Imagen de la feria de atracciones de Par\u00eds\" width=\"585\" height=\"390\" \/>\n\t<div>Ni\u00f1os disfrutan de la noria en la feria de atracciones de Par\u00eds. Fotograf\u00eda: Sylvie Rozenfeld (https:\/\/www.flickr.com\/photos\/126060664@N06\/33938435445\/)<\/div>\n<\/div>\n<p>Hablando de emociones: no puede perderse la<strong> Foire du Tr\u00f4ne<\/strong>, la <strong>feria de atracciones<\/strong> tradicional m\u00e1s antigua de Francia, para celebrar la vuelta del buen tiempo. La feria es de visita obligatoria para las familias que visitan Par\u00eds, ya que los ni\u00f1os parisinos desean la llegada de las m\u00e1s de 350 atracciones, as\u00ed como la docena de puestos con comida y dulces. Foire du Tr\u00f4ne comienza el 30 de marzo y est\u00e1 hasta el 27 de mayo.<\/p>\n<p style=\"padding-left: 30px;\"><strong>Villette Sonique en el Parc de la Villette<\/strong><\/p>\n<p style=\"text-align: center;\"><div class=\"img aligncenter  wp-image-9074\" style='width:585px;'>\n\t<img src=\"https:\/\/www.nyhabitat.com\/sp\/blog\/wp-content\/uploads\/2018\/06\/2018-primavera-gu\u00eda-par\u00eds-francia-apartamentos-Villette-Sonique-Parc-de-la-Villette-festival-m\u00fasica.jpg\" alt=\"Imagen de un festival de m\u00fasica al aire libre en un parque en Par\u00eds.\" width=\"585\" height=\"390\" \/>\n\t<div>La primavera es el mejor momento para disfrutar de la m\u00fasica al aire libre. Fotograf\u00eda: Phillippe Levy<\/div>\n<\/div>\n<p>Desde los m\u00e1s j\u00f3venes a lo m\u00e1s mayores, todos disfrutan de <a title=\"Visite los mejores parques de Par\u00eds.\" href=\"https:\/\/www.nyhabitat.com\/sp\/blog\/2014\/12\/16\/diez-mejores-parques-paris\/ \">un d\u00eda en el parque<\/a> cuando hace buen tiempo. A finales de mayo, el <strong>Parc de la Villette<\/strong> de Par\u00eds recibe a todos los amantes de la m\u00fasica de la ciudad. Visite este<strong> festival de m\u00fasica<\/strong> al aire libre, gratuito, y disfrute de las actuaciones musicales rodeado por la naturaleza. <strong>Villette Sonique<\/strong> va desde el 23 al 27 de mayo, pero el parque es perfecto para pasear y observe las numerosas <strong>esculturas<\/strong> e instalaciones en cualquier momento de la primavera. Prep\u00e1rese un <strong>p\u00edcnic<\/strong> franc\u00e9s y disfrute del d\u00eda.<\/p>\n<p style=\"text-align: center;\"><div class=\"img aligncenter  wp-image-9096\" style='width:585px;'>\n\t<img src=\"https:\/\/www.nyhabitat.com\/sp\/blog\/wp-content\/uploads\/2018\/06\/2018-primavera-gu\u00eda-par\u00eds-francia-apartamentos-amueblado-PA-4715.jpg\" alt=\"Imagen de la sala de estar de PA-4715 con paredes llenas de libros.\" width=\"585\" height=\"390\" \/>\n\t<div>Disfrute de un libro c\u00f3modamente en este apartamento amueblado. <\/div>\n<\/div>\n<p>Este excelente y sencillo <a title=\"Viva con un habitante m\u00e1s de Par\u00eds en este apartamento amueblado.\" href=\"https:\/\/www.nyhabitat.com\/sp\/paris-apartamentos\/amueblados\/4715\">apartamento amueblado de 1 dormitorio<\/a> es un lugar relajante al que llegar despu\u00e9s de un d\u00eda explorando los parques de Par\u00eds. La decoraci\u00f3n es tenue para acercarle a la naturaleza, con muebles de madera y cenefa de piedra en el cuarto de ba\u00f1o. Adem\u00e1s, la proximidad del apartamento a el <a title=\"Conozca el Parc de la Villette\" href=\"https:\/\/www.nyhabitat.com\/sp\/blog\/2010\/03\/09\/parque-de-la-villette-paris\/\">Parc de la Villette<\/a> le asegura muchas oportunidades de rodearse con la <strong>naturaleza<\/strong> y la belleza primaveral de Par\u00eds. Peque\u00f1os detalles como los cojines o los libros le dan un toque hogare\u00f1o. <strong>La cocina completamente<\/strong> equipada le permite probar ingredientes locales y preparar comida casera. Todas las comodidades de un hogar se pueden encontrar aqu\u00ed, incluyendo una<strong> lavadora<\/strong> en el mismo apartamento. T\u00fambese en la cama de matrimonio despu\u00e9s de un d\u00eda explorando los <strong>parques<\/strong> cercanos. Tambi\u00e9n hay un escritorio y una silla para quien necesite trabajar o estudiar. Si est\u00e1 interesado en aprender o en traer a sus hijos a Par\u00eds, visite la <strong>Ciudad de la Ciencia y la Industria<\/strong>, un centro de ciencia y tecnolog\u00eda con visualizaciones interactivas. En su tiempo libre, puede visitar el cine <strong>Omnimax<\/strong>, cerca del apartamento, y con pel\u00edculas en 3D.<\/p>\n<p style=\"padding-left: 30px;\"><strong>Espect\u00e1culo de la fuente de Versailles<\/strong><\/p>\n<p style=\"text-align: center;\"><div class=\"img aligncenter  wp-image-9093\" style='width:585px;'>\n\t<img src=\"https:\/\/www.nyhabitat.com\/sp\/blog\/wp-content\/uploads\/2018\/06\/2018-primavera-gu\u00eda-par\u00eds-francia-apartamentos-Versailles-fuentes-arquitectura-jardines.jpg\" alt=\"Imagen de un Fuente en Versailles en Par\u00eds.\" width=\"585\" height=\"390\" \/>\n\t<div>Las fuentes y la m\u00fasica se entremezclan esta primavera en Versailles.<\/div>\n<\/div>\n<p>Los amantes de la naturaleza disfrutar\u00e1n de pasear por los bellos y mundialmente famosos jardines de<strong> Versailles<\/strong>, que esta primavera cuentan con una ventaja extra: desde el 27 de marzo podr\u00e1 disfrutar de un espect\u00e1culo en el que las hermosas<strong> fuentes<\/strong> de Versailles se sincronizan con m\u00fasica cada 10-15 minutos. Vuelva de noche para ver la fuente iluminada de varios colores en el espect\u00e1culo nocturno y disfrutar de los hermosos jardines y de la magia de su<strong> arquitectura<\/strong>.<\/p>\n<p style=\"padding-left: 30px;\"><strong>Parc Floral de Par\u00eds<\/strong><\/p>\n<p style=\"text-align: center;\"><div class=\"img aligncenter  wp-image-9091\" style='width:585px;'>\n\t<img src=\"https:\/\/www.nyhabitat.com\/sp\/blog\/wp-content\/uploads\/2018\/06\/2018-primavera-gu\u00eda-par\u00eds-francia-apartamentos-Parc-Floral-de-Paris-naturaleza-jardines.jpg\" alt=\"Imagen de gente sentada rodeada por plantas y flores en un parque en Par\u00eds\" width=\"585\" height=\"390\" \/>\n\t<div>Explore alguno de los parques m\u00e1s hermosos de Par\u00eds esta primavera. Fotograf\u00eda: ParisInfo.com<\/div>\n<\/div>\n<p>En contraste con los impecables jardines de Versailles, est\u00e1 este otro lugar que no se puede perder para disfrutar al aire libre esta primavera: el <strong>Parc Floral de Par\u00eds<\/strong>, donde podr\u00e1 disfrutar de los jardines en su estado m\u00e1s natural. El Parc Floral de Par\u00eds es perfecto para la familia, con muchas actividades para <strong>ni\u00f1os<\/strong> y 28 hect\u00e1reas de tierra para pasear con el sol y disfrutar de las hermosas flores y su <strong>bot\u00e1nica<\/strong>.<\/p>\n<p>Si quiere visitar m\u00e1s jardines, puede visitar el<strong> Jard\u00edn de los invernaderos Auteuil<\/strong> o el<strong> Jard\u00edn de las Tuller\u00edas<\/strong>, que florecen cada primavera en Par\u00eds.<\/p>\n<p style=\"text-align: center;\"><div class=\"img aligncenter  wp-image-9089\" style='width:585px;'>\n\t<img src=\"https:\/\/www.nyhabitat.com\/sp\/blog\/wp-content\/uploads\/2018\/06\/2018-primavera-gu\u00eda-par\u00eds-francia-apartamentos-PA-4631-candelabros-antiguedades-pastel.jpg\" alt=\"Imagen de la sala de estar de PA-4631 con candelabros y paredes de color azul pastel.\" width=\"585\" height=\"390\" \/>\n\t<div>Este espacioso apartamento amueblado tiene un estilo muy parisino. <\/div>\n<\/div>\n<p>Los hermosos colores pastel de la primavera le rodear\u00e1n en el este <a title=\"Viva el lujo parisino en este glamuroso apartamento de 3 dormitorios.\" href=\"https:\/\/www.nyhabitat.com\/sp\/paris-apartamentos\/amueblados\/4631  \">apartamento parisino amueblado de 2 dormitorios y 3 cuartos de ba\u00f1o<\/a>, cerca de parques, cafeter\u00edas y <strong>puntos de referencia<\/strong> como la <strong>Place de la Bastille<\/strong> con su majestuosa <strong>\u00f3pera<\/strong>. Este moderno apartamento cuenta con suelos de madera y ventanas t\u00edpicas francesas y est\u00e1 decorado con <strong>candelabros<\/strong> y antig\u00fcedades, todo en un edificio del <strong>siglo XIX<\/strong>, que le har\u00e1 viajar en el tiempo. Un sof\u00e1 modular rodea la antigua mesa de caf\u00e9 y la alfombra, creando un espacio en el que reunirse para planear los d\u00edas de <strong>turismo<\/strong>. Las paredes de color rosa flamenco y los azulejos brillantes del cuarto de ba\u00f1o contrastan con los hermosos candelabros y dem\u00e1s piezas de \u00e9poca, lo que hacen de este apartamento un jovial banquete para los ojos. La moderna cocina, donde destacan sus azulejos verdes, est\u00e1 equipada con todo lo necesario en un hogar, incluyendo: un <strong>lavavajillas<\/strong> y una<strong> lavadora<\/strong>, perfectos para limpiar un hogar familiar. Re\u00fananse a comer en la mesa de comedor al lado del <strong>espejo dorado<\/strong>. Los dormitorios con camas de matrimonio y ventanas grandes proporcionan suficiente espacio para todos. Adem\u00e1s, contar\u00e1 con la comodidad de 2 cuartos de ba\u00f1o completos, uno con <strong>ba\u00f1era<\/strong> y el otro con ducha.<\/p>\n<p style=\"text-align: center;\"><div class=\"img aligncenter  wp-image-9095\" style='width:585px;'>\n\t<img src=\"https:\/\/www.nyhabitat.com\/sp\/blog\/wp-content\/uploads\/2018\/06\/2018-primavera-gu\u00eda-par\u00eds-francia-apartamentos-amueblado-PA-2668-balc\u00f3n-citudad-vistas.jpg\" alt=\"Imagen de la sala de estar de PA-2668 con balc\u00f3n y muchas ventanas.\" width=\"585\" height=\"390\" \/>\n\t<div>Este apartamento de 3 dormitorios de Par\u00eds tiene vistas a toda la ciudad. <\/div>\n<\/div>\n<p>Otro espacioso apartamento, perfecto para un grupo, es este maravilloso apartamento de <a title=\"Este moderno apartamento de Par\u00eds tiene unas vistas maravillosas.\" href=\"https:\/\/www.nyhabitat.com\/sp\/paris-apartamentos\/amueblados\/2668\">3 dormitorios con 2 ba\u00f1os y un aseo<\/a>, a poca distancia de la <strong>Torre Eiffel<\/strong>. Este apartamento amueblado cuenta con muchas ventanas para que entre el aire fresco, y detalles ornamentados, como candelabros que brindan lujo de este hogar de Versailles. Los suelos de madera, molduras y <strong>puertas t\u00edpicas francesas<\/strong> dan a este apartamento un especial encanto parisino. La sala de estar cuenta con amplias vistas a la ciudad, para admirar la belleza arquitect\u00f3nica de Par\u00eds desde su propia casa. La<strong> cocina completamente equipada<\/strong> le permite preparar comidas en casa y as\u00ed, ahorrar en gastos de comida mientras disfruta de las vistas. As\u00f3mese al <strong>balc\u00f3n privado<\/strong> y disfrute del aire fresco primaveral. Cada dormitorio tiene una enorme ventana y un escritorio, el dormitorio 1 cuenta con una cama de matrimonio y <strong>ba\u00f1o privado<\/strong>, mientras que el dormitorio 2 tiene una cama de matrimonio y el dormitorio 3 cuenta con literas, perfectas para ni\u00f1os.<\/p>\n<p>Salga de este apartamento ubicado en el centro y visite los <strong>lugares m\u00e1s ic\u00f3nicos<\/strong> de Par\u00eds, incluyendo el<strong> Pont de l\u2019Alma<\/strong>, <strong>Palais de Chaillot<\/strong> y la <strong>Torre Eiffel<\/strong>.<\/p>\n<p style=\"padding-left: 30px;\"><strong>Caf\u00e9 y helado en Par\u00eds<\/strong><\/p>\n<p style=\"text-align: center;\"><div class=\"img aligncenter  wp-image-9087\" style='width:585px;'>\n\t<img src=\"https:\/\/www.nyhabitat.com\/sp\/blog\/wp-content\/uploads\/2018\/06\/2018-primavera-gu\u00eda-par\u00eds-francia-apartamentos-La-Cafeotheque-caf\u00e9-plantas.jpg\" alt=\"Imagen de La Cafeotheque, cafeter\u00eda con plantas colgando de las paredes.\" width=\"585\" height=\"390\" \/>\n\t<div>Rod\u00e9ese de naturaleza en La Cafeotheque<\/div>\n<\/div>\n<p>Mientras est\u00e9 paseando de un lugar a otro, pare a por un caf\u00e9 en <strong>La Caf\u00e9oth\u00e8que<\/strong>. Rod\u00e9ese de esta <strong>pared de un vivo color verde<\/strong> y plantas que le har\u00e1n sentir el humor primaveral. En el centro de la ciudad, puede visitar estas cafeter\u00edas para comer algo r\u00e1pido antes de ir de compras, de turismo o para caminar por la ciudad.<\/p>\n<p>El comienzo de la primavera tambi\u00e9n significa el comienzo de la \u00e9poca de <strong>helados<\/strong>. En tiendas como <strong>Martine Lambert<\/strong> y <strong>Berthillon Glacier<\/strong> puede satisfacer sus ganas de dulce, su proximidad al <strong>Sena<\/strong> y a la Torre Eiffel har\u00e1n que su experiencia sea muy francesa.<\/p>\n<p style=\"text-align: center;\"><div class=\"img aligncenter  wp-image-9092\" style='width:585px;'>\n\t<img src=\"https:\/\/www.nyhabitat.com\/sp\/blog\/wp-content\/uploads\/2018\/06\/2018-primavera-gu\u00eda-par\u00eds-francia-apartamentos-torre-eiffel-edificio-parisino.jpg\" alt=\"Imagen de la Torre Eiffel con edificios parisinos a los lados.\" width=\"585\" height=\"390\" \/>\n\t<div>No hay nada mejor que un apartamento con vistas en Par\u00eds. Fotograf\u00eda: Anna Spysz (annaspysz.com)<\/div>\n<\/div>\n<p>Tanto si viaja a la<strong> Ciudad de la Luz<\/strong> por placer o por trabajo, siempre existe una buena excusa para visitar Par\u00eds en primavera. Mejore su estancia aloj\u00e1ndose en uno de nuestros apartamentos con un autentico toque franc\u00e9s y experimente lo que es vivir en Par\u00eds. <a title=\"Encuentre su apartamento amueblado favorito en nuestra p\u00e1gina web.\" href=\"https:\/\/www.nyhabitat.com\/sp\/paris-apartamentos.html\">Busque nuestros apartamentos m\u00e1s parisinos en nuestra web<\/a> y encuentre uno que le enamore, o deje que nuestros agentes le ayuden en su b\u00fasqueda. Una vez tenga el apartamento perfecto, salga y respire el aire primaveral de Par\u00eds, conozca a sus habitantes y explore esta fabulosa ciudad antes de que lleguen las multitudes propias del verano.<\/p>\n","protected":false},"excerpt":{"rendered":"<p>\u00a1Ya es primavera! La primavera es la mejor \u00e9poca del a\u00f1o para visitar esta glamurosa ciudad y aprovechar el buen tiempo, los precios bajos y&#8230;<\/p>\n","protected":false},"author":1,"featured_media":0,"comment_status":"open","ping_status":"closed","sticky":false,"template":"","format":"standard","meta":[],"categories":[48],"tags":[],"_links":{"self":[{"href":"https:\/\/www.nyhabitat.com\/sp\/blog\/wp-json\/wp\/v2\/posts\/9064"}],"collection":[{"href":"https:\/\/www.nyhabitat.com\/sp\/blog\/wp-json\/wp\/v2\/posts"}],"about":[{"href":"https:\/\/www.nyhabitat.com\/sp\/blog\/wp-json\/wp\/v2\/types\/post"}],"author":[{"embeddable":true,"href":"https:\/\/www.nyhabitat.com\/sp\/blog\/wp-json\/wp\/v2\/users\/1"}],"replies":[{"embeddable":true,"href":"https:\/\/www.nyhabitat.com\/sp\/blog\/wp-json\/wp\/v2\/comments?post=9064"}],"version-history":[{"count":18,"href":"https:\/\/www.nyhabitat.com\/sp\/blog\/wp-json\/wp\/v2\/posts\/9064\/revisions"}],"predecessor-version":[{"id":9107,"href":"https:\/\/www.nyhabitat.com\/sp\/blog\/wp-json\/wp\/v2\/posts\/9064\/revisions\/9107"}],"wp:attachment":[{"href":"https:\/\/www.nyhabitat.com\/sp\/blog\/wp-json\/wp\/v2\/media?parent=9064"}],"wp:term":[{"taxonomy":"category","embeddable":true,"href":"https:\/\/www.nyhabitat.com\/sp\/blog\/wp-json\/wp\/v2\/categories?post=9064"},{"taxonomy":"post_tag","embeddable":true,"href":"https:\/\/www.nyhabitat.com\/sp\/blog\/wp-json\/wp\/v2\/tags?post=9064"}],"curies":[{"name":"wp","href":"https:\/\/api.w.org\/{rel}","templated":true}]}}