{"id":9673,"date":"2019-04-23T09:42:24","date_gmt":"2019-04-23T14:42:24","guid":{"rendered":"https:\/\/www.nyhabitat.com\/sp\/blog\/?p=9673"},"modified":"2019-04-23T09:42:24","modified_gmt":"2019-04-23T14:42:24","slug":"paris-primavera-guia-eventos-apartamentos-2019","status":"publish","type":"post","link":"https:\/\/www.nyhabitat.com\/sp\/blog\/2019\/04\/23\/paris-primavera-guia-eventos-apartamentos-2019\/","title":{"rendered":"Los mejores eventos primaverales y apartamentos de Par\u00eds"},"content":{"rendered":"<div id=\"attachment_9682\" style=\"width: 750px\" class=\"wp-caption aligncenter\"><img aria-describedby=\"caption-attachment-9682\" loading=\"lazy\" class=\"wp-image-9682\" src=\"https:\/\/www.nyhabitat.com\/sp\/blog\/wp-content\/uploads\/2019\/04\/Paris-guia-primavera-eventos-apartamentos-Louvre-Tullerias-flores.jpg\" alt=\"Imagen del museo del Louvre en Par\u00eds desde los Jardines de las Tuller\u00edas en primavera.\" width=\"750\" height=\"500\" srcset=\"https:\/\/www.nyhabitat.com\/sp\/blog\/wp-content\/uploads\/2019\/04\/Paris-guia-primavera-eventos-apartamentos-Louvre-Tullerias-flores.jpg 1500w, https:\/\/www.nyhabitat.com\/sp\/blog\/wp-content\/uploads\/2019\/04\/Paris-guia-primavera-eventos-apartamentos-Louvre-Tullerias-flores-300x200.jpg 300w, https:\/\/www.nyhabitat.com\/sp\/blog\/wp-content\/uploads\/2019\/04\/Paris-guia-primavera-eventos-apartamentos-Louvre-Tullerias-flores-768x512.jpg 768w, https:\/\/www.nyhabitat.com\/sp\/blog\/wp-content\/uploads\/2019\/04\/Paris-guia-primavera-eventos-apartamentos-Louvre-Tullerias-flores-1024x683.jpg 1024w\" sizes=\"(max-width: 750px) 100vw, 750px\" \/><p id=\"caption-attachment-9682\" class=\"wp-caption-text\">La primavera en Par\u00eds trae cielos soleados y flores frescas a los hermosos paisajes parisinos. (Autor de la fotograf\u00eda: juanedc.com en Flickr)<\/p><\/div>\n<p>Tras el final de otro fr\u00edo y lluvioso invierno en <strong>Par\u00eds<\/strong>, \u00a1la ciudad est\u00e1 lista para acoger la llegada de la <strong>primavera<\/strong>! A medida que comienza el buen tiempo y que los famosos paisajes de <strong>parques<\/strong> y <strong>jardines<\/strong> de Par\u00eds empiezan a florecer con plantas y flores primaverales, la ciudad revive con una nueva energ\u00eda. La famosa imagen de los parisinos sentados en las terrazas de cafeter\u00edas pintorescas se convierte en algo com\u00fan, adem\u00e1s, <a title=\"Explore el mundo de las artes y del entretenimiento para saber qu\u00e9 hacer durante esta primavera\" href=\"https:\/\/www.nyhabitat.com\/sp\/blog\/2016\/08\/02\/sumerjase-artes-paris-salas-espectaculo\/\">los museos y teatros de Par\u00eds<\/a> ofrecen una programaci\u00f3n especial al anticiparse a la temporada tur\u00edstica.<\/p>\n<p>Tambi\u00e9n puede aprovecharse de esta temporada de renovaci\u00f3n al alquilar un <a title=\"Consulte nuestro inventario completo de apartamentos en Par\u00eds aqu\u00ed.\" href=\"https:\/\/www.nyhabitat.com\/sp\/paris-apartamentos.html\">apartamento amueblado o un apartamento vacacional en Par\u00eds<\/a> para la primavera, as\u00ed, se alojar\u00eda justo en el centro de todos los maravillosos <strong>eventos<\/strong> y<strong> atracciones<\/strong> que hemos reunido en nuestra gu\u00eda primaveral para realizar actividades como (\u00a1casi!) un verdadero parisino.<\/p>\n<p style=\"padding-left: 30px;\"><strong>Visite los jardines de Par\u00eds para un nuevo comienzo de la primavera<\/strong><\/p>\n<div id=\"attachment_9683\" style=\"width: 750px\" class=\"wp-caption aligncenter\"><img aria-describedby=\"caption-attachment-9683\" loading=\"lazy\" class=\"wp-image-9683\" src=\"https:\/\/www.nyhabitat.com\/sp\/blog\/wp-content\/uploads\/2019\/04\/Paris-guia-primavera-eventos-apartamentos-Parc-Floral-flores.jpg\" alt=\"Imagen del Parc Floral de Par\u00eds en primavera.\" width=\"750\" height=\"500\" srcset=\"https:\/\/www.nyhabitat.com\/sp\/blog\/wp-content\/uploads\/2019\/04\/Paris-guia-primavera-eventos-apartamentos-Parc-Floral-flores.jpg 1500w, https:\/\/www.nyhabitat.com\/sp\/blog\/wp-content\/uploads\/2019\/04\/Paris-guia-primavera-eventos-apartamentos-Parc-Floral-flores-300x200.jpg 300w, https:\/\/www.nyhabitat.com\/sp\/blog\/wp-content\/uploads\/2019\/04\/Paris-guia-primavera-eventos-apartamentos-Parc-Floral-flores-768x512.jpg 768w, https:\/\/www.nyhabitat.com\/sp\/blog\/wp-content\/uploads\/2019\/04\/Paris-guia-primavera-eventos-apartamentos-Parc-Floral-flores-1024x683.jpg 1024w\" sizes=\"(max-width: 750px) 100vw, 750px\" \/><p id=\"caption-attachment-9683\" class=\"wp-caption-text\">\u00a1Los verdes jardines del Parc Floral de Par\u00eds son fant\u00e1sticos para dar paseos en primavera! (Autor de la fotograf\u00eda: Alexandre Vialle)<\/p><\/div>\n<p>Al ser una ciudad a la sombra del <a title=\"\u00a1Una visita al Palacio de Versalles es una excelente excursi\u00f3n para pasar el d\u00eda en primavera fuera de Par\u00eds!\" href=\"https:\/\/www.nyhabitat.com\/sp\/blog\/2013\/08\/13\/visita-palacio-versalles-francia\/\">Palacio de Versalles<\/a>, hogar de uno de los jardines m\u00e1s espl\u00e9ndidos del mundo, los <strong>jardines<\/strong> p\u00fablicos de Par\u00eds son absolutamente espectaculares. Tras siglos de perfeccionamiento de su distintivo estilo franc\u00e9s, los parques y jardines p\u00fablicos, tales como los Jardines de las Tuller\u00edas, los Jardines de Luxemburgo y el <strong>Parque Floral de Par\u00eds<\/strong>, le deslumbrar\u00e1n con sus vibrantes flores primaverales, bordes y macizos de flores cuidados y esculturas y arquitectura impresionantes.<\/p>\n<p>A lo largo de la primavera, el moderno Parque Floral alberga un gran n\u00famero de eventos, incluido el <strong>Vivre Autrement<\/strong> (del 15 al 18 de marzo), una feria comercial de agricultura dise\u00f1ada para presentar a los visitantes los \u00faltimos productos ecol\u00f3gicos, incluidos comida y vino, productos de belleza, moda y mucho m\u00e1s. Tanto si es para dar un paseo primaveral relajado o por un evento especial, encontrar\u00e1 algo refrescante en <a title=\"Encuentre tiempo para visitar los 10 mejores parques parisinos y sus jardines esta primavera.\" href=\"https:\/\/www.nyhabitat.com\/sp\/blog\/2014\/12\/16\/diez-mejores-parques-paris\/\">los parques y jardines de Par\u00eds<\/a> esta primavera.<\/p>\n<div id=\"attachment_9678\" style=\"width: 750px\" class=\"wp-caption aligncenter\"><img aria-describedby=\"caption-attachment-9678\" loading=\"lazy\" class=\"wp-image-9678\" src=\"https:\/\/www.nyhabitat.com\/sp\/blog\/wp-content\/uploads\/2019\/04\/Paris-guia-primavera-eventos-apartamentos-PA-4526-alquiler-vacacional-Bastilla.jpg\" alt=\"Imagen del sal\u00f3n en PA-4526 con sof\u00e1, mesa de caf\u00e9 y obras de arte.\" width=\"750\" height=\"500\" srcset=\"https:\/\/www.nyhabitat.com\/sp\/blog\/wp-content\/uploads\/2019\/04\/Paris-guia-primavera-eventos-apartamentos-PA-4526-alquiler-vacacional-Bastilla.jpg 1500w, https:\/\/www.nyhabitat.com\/sp\/blog\/wp-content\/uploads\/2019\/04\/Paris-guia-primavera-eventos-apartamentos-PA-4526-alquiler-vacacional-Bastilla-300x200.jpg 300w, https:\/\/www.nyhabitat.com\/sp\/blog\/wp-content\/uploads\/2019\/04\/Paris-guia-primavera-eventos-apartamentos-PA-4526-alquiler-vacacional-Bastilla-768x512.jpg 768w, https:\/\/www.nyhabitat.com\/sp\/blog\/wp-content\/uploads\/2019\/04\/Paris-guia-primavera-eventos-apartamentos-PA-4526-alquiler-vacacional-Bastilla-1024x683.jpg 1024w\" sizes=\"(max-width: 750px) 100vw, 750px\" \/><p id=\"caption-attachment-9678\" class=\"wp-caption-text\">\u00a1Este vers\u00e1til alquiler vacacional en la Bastilla est\u00e1 listo para alquilar en primavera! (N\u00famero de identificaci\u00f3n del alquiler: PA-4526)<\/p><\/div>\n<p>Tambi\u00e9n puede disfrutar de una refrescante escapada en este <a title=\"Este apartamento parisino de dos habitaciones es cl\u00e1sico, pero divertido.\" href=\"https:\/\/www.nyhabitat.com\/sp\/paris-apartamentos\/vacaciones\/4526\">apartamento vacacional de dos habitaciones en el barrio de la Bastilla<\/a> de Par\u00eds. En un<strong> apartamento vacacional<\/strong> como este, puede descubrir un aire de autenticidad franc\u00e9s que es dif\u00edcil de encontrar en un hotel, gracias a sus distintivas elecciones de estilo como las vigas vistas y los <strong>ventanales<\/strong> en el sal\u00f3n (\u00a1tambi\u00e9n son fant\u00e1sticas para dejar pasar el aire fresco de la primavera!). Las tonalidades florales de los jardines de Par\u00eds inspiran la decoraci\u00f3n en tonos pastel y las piezas de arte de este elegante apartamento, que adem\u00e1s cuenta con una lavadora, un <strong>ascensor<\/strong>, conexi\u00f3n inal\u00e1mbrica a Internet y una chimenea funcional que le har\u00e1 sentir c\u00f3modo y le mantendr\u00e1 entretenido en caso de un cambio de tiempo repentino o en un d\u00eda largo. Por \u00faltimo, la comodidad es clave en un apartamento vacacional y esta ubicaci\u00f3n le coloca en el coraz\u00f3n de la <strong>Bastilla<\/strong>; donde abundan restaurantes y tiendas sin estar en plena zona tur\u00edstica.<\/p>\n<p style=\"padding-left: 30px;\"><strong>Inmersi\u00f3n art\u00edstica y programaci\u00f3n primaveral emocionante en los museos de Par\u00eds<\/strong><\/p>\n<div id=\"attachment_9684\" style=\"width: 750px\" class=\"wp-caption aligncenter\"><img aria-describedby=\"caption-attachment-9684\" loading=\"lazy\" class=\"wp-image-9684\" src=\"https:\/\/www.nyhabitat.com\/sp\/blog\/wp-content\/uploads\/2019\/04\/Paris-guia-primavera-eventos-apartamentos-Atelier-des-Lumieres-Klimt-exposicion.jpg\" alt=\"Imagen de personas sentadas en una exposici\u00f3n digital del arte de Gustav Klimt en la galer\u00eda Atelier des Lumi\u00e8res.\" width=\"750\" height=\"500\" srcset=\"https:\/\/www.nyhabitat.com\/sp\/blog\/wp-content\/uploads\/2019\/04\/Paris-guia-primavera-eventos-apartamentos-Atelier-des-Lumieres-Klimt-exposicion.jpg 1500w, https:\/\/www.nyhabitat.com\/sp\/blog\/wp-content\/uploads\/2019\/04\/Paris-guia-primavera-eventos-apartamentos-Atelier-des-Lumieres-Klimt-exposicion-300x200.jpg 300w, https:\/\/www.nyhabitat.com\/sp\/blog\/wp-content\/uploads\/2019\/04\/Paris-guia-primavera-eventos-apartamentos-Atelier-des-Lumieres-Klimt-exposicion-768x512.jpg 768w, https:\/\/www.nyhabitat.com\/sp\/blog\/wp-content\/uploads\/2019\/04\/Paris-guia-primavera-eventos-apartamentos-Atelier-des-Lumieres-Klimt-exposicion-1024x683.jpg 1024w\" sizes=\"(max-width: 750px) 100vw, 750px\" \/><p id=\"caption-attachment-9684\" class=\"wp-caption-text\">Atelier des Lumi\u00e8res crea exposiciones de arte inmersivas a todo color para la primavera, como esta de Gustav Klimt. (Autor de la fotograf\u00eda: Jean-Pierre Dalb\u00e9ra)<\/p><\/div>\n<p>Si quiere ver lo mejor de la cultura de Par\u00eds desde el interior, \u00bfpor qu\u00e9 no dirigirse a uno de los museos de talla mundial de la ciudad? Por supuesto, <a title=\"Todo acerca del Louvre, el Mus\u00e9e d\u2019Orsay y sobre los otros 8 mejores museos de Par\u00eds.\" href=\"https:\/\/www.nyhabitat.com\/sp\/blog\/2015\/12\/29\/10-mejores-museos-paris\/\">una visita al Museo del Louvre o d\u2019Orsay<\/a> es algo necesario en un primer viaje a Par\u00eds, pero si est\u00e1 buscando una experiencia que se salga un poco m\u00e1s de lo com\u00fan, \u00a1vaya a una exposici\u00f3n limitada en 2019 en una galer\u00eda moderna! La <strong>Grande Halle de la Villette<\/strong> inaugura el 23 de marzo la exposici\u00f3n del <em>Rey Tut: Tesoros del excelente Fara\u00f3n<\/em>, en la que podr\u00e1 ver tesoros impresionantes y artefactos recuperados de la tumba del<strong> Rey Tut<\/strong>.<\/p>\n<p>Si tiene ganas de algo m\u00e1s primaveral, podr\u00e1 deleitarse en la galer\u00eda <strong>Atelier des Lumi\u00e8res de<\/strong> <em>Van Gogh, la nuit \u00e9toil\u00e9e<\/em> (La Noche Estrellada), que comienza el 22 de febrero. La <strong>exposici\u00f3n digital<\/strong> inmersiva del arte de Van Gogh proyecta las preciosas pinturas de paisajes y flores del artista en una vista de 360 grados alrededor de la galer\u00eda, que est\u00e1 ambientada con m\u00fasica especial.<\/p>\n<div id=\"attachment_9679\" style=\"width: 750px\" class=\"wp-caption aligncenter\"><img aria-describedby=\"caption-attachment-9679\" loading=\"lazy\" class=\"wp-image-9679\" src=\"https:\/\/www.nyhabitat.com\/sp\/blog\/wp-content\/uploads\/2019\/04\/Paris-guia-primavera-eventos-apartamentos-PA-4386-alquiler-vacional-Bastilla.jpg\" alt=\"Imagen del sal\u00f3n en PA-4386 con mesa, sillas y un espejo.\" width=\"750\" height=\"500\" srcset=\"https:\/\/www.nyhabitat.com\/sp\/blog\/wp-content\/uploads\/2019\/04\/Paris-guia-primavera-eventos-apartamentos-PA-4386-alquiler-vacional-Bastilla.jpg 1500w, https:\/\/www.nyhabitat.com\/sp\/blog\/wp-content\/uploads\/2019\/04\/Paris-guia-primavera-eventos-apartamentos-PA-4386-alquiler-vacional-Bastilla-300x200.jpg 300w, https:\/\/www.nyhabitat.com\/sp\/blog\/wp-content\/uploads\/2019\/04\/Paris-guia-primavera-eventos-apartamentos-PA-4386-alquiler-vacional-Bastilla-768x512.jpg 768w, https:\/\/www.nyhabitat.com\/sp\/blog\/wp-content\/uploads\/2019\/04\/Paris-guia-primavera-eventos-apartamentos-PA-4386-alquiler-vacional-Bastilla-1024x683.jpg 1024w\" sizes=\"(max-width: 750px) 100vw, 750px\" \/><p id=\"caption-attachment-9679\" class=\"wp-caption-text\">El ambiente relajado de este alquiler vacacional de la Bastilla es ideal para gente creativa. (N\u00famero de identificaci\u00f3n del alquiler: PA-4386)<\/p><\/div>\n<p>Mantenga la energ\u00eda creativa fluyendo con una estancia en este <a title=\"Este moderno apartamento de 1 dormitorio es una excelente opci\u00f3n para pasar la primavera en Par\u00eds.\" href=\"https:\/\/www.nyhabitat.com\/sp\/paris-apartamentos\/vacaciones\/4386\">apartamento vacacional de una habitaci\u00f3n en la Bastilla<\/a> con techos altos y ventanas francesas. Este espacio art\u00edstico cuenta con mobiliario contempor\u00e1neo, plantas y textiles bohemios para ofrecer un toque moderno a sus vacaciones. Disfrute del equipo de m\u00fasica, si se siente inspirado, o de una cocina completamente equipada con muchos utensilios si desea preparar una comida. Si quiere hospedarse aqu\u00ed m\u00e1s tiempo, este apartamento tambi\u00e9n se puede alquilar mensualmente.<\/p>\n<p style=\"padding-left: 30px;\"><strong>Comience los meses c\u00e1lidos con buen pie en la Marat\u00f3n de Par\u00eds<\/strong><\/p>\n<div id=\"attachment_9685\" style=\"width: 750px\" class=\"wp-caption aligncenter\"><img aria-describedby=\"caption-attachment-9685\" loading=\"lazy\" class=\"wp-image-9685\" src=\"https:\/\/www.nyhabitat.com\/sp\/blog\/wp-content\/uploads\/2019\/04\/Paris-guia-primavera-eventos-apartamentos-maraton-corredores.jpg\" alt=\"Imagen de corredores en la Marat\u00f3n de Par\u00eds 2018 al pasar por un edificio Haussmann.\" width=\"750\" height=\"500\" srcset=\"https:\/\/www.nyhabitat.com\/sp\/blog\/wp-content\/uploads\/2019\/04\/Paris-guia-primavera-eventos-apartamentos-maraton-corredores.jpg 1500w, https:\/\/www.nyhabitat.com\/sp\/blog\/wp-content\/uploads\/2019\/04\/Paris-guia-primavera-eventos-apartamentos-maraton-corredores-300x200.jpg 300w, https:\/\/www.nyhabitat.com\/sp\/blog\/wp-content\/uploads\/2019\/04\/Paris-guia-primavera-eventos-apartamentos-maraton-corredores-768x512.jpg 768w, https:\/\/www.nyhabitat.com\/sp\/blog\/wp-content\/uploads\/2019\/04\/Paris-guia-primavera-eventos-apartamentos-maraton-corredores-1024x683.jpg 1024w\" sizes=\"(max-width: 750px) 100vw, 750px\" \/><p id=\"caption-attachment-9685\" class=\"wp-caption-text\">La Marat\u00f3n de Par\u00eds serpentea por las calles de la ciudad y pasa por algunos de los lugares m\u00e1s famosos de Par\u00eds.<\/p><\/div>\n<p>La <strong>Marat\u00f3n de Par\u00eds<\/strong> es una de las carreras m\u00e1s grandes en Europa y <a title=\"\u00a1No se pierda estos eventos anuales de Par\u00eds!\" href=\"https:\/\/www.nyhabitat.com\/sp\/blog\/2014\/09\/16\/mejores-eventos-anuales-paris\/\">uno de los eventos m\u00e1s importantes del a\u00f1o en Par\u00eds<\/a>. Los corredores y los aficionados al ejercicio f\u00edsico pueden registrarse para participar\u00a0 en la carrera de 42,2 km del 14 de abril, pero incluso si usted no es un corredor, \u00a1merece la pena ver la Marat\u00f3n! La ruta de la Marat\u00f3n destaca por pasar junto a muchas de las atracciones de Par\u00eds, ya que comienza en <a title=\"Los Campos El\u00edseos y el Arco del Triunfo son ubicaciones muy importantes en Par\u00eds.\" href=\"https:\/\/www.nyhabitat.com\/sp\/blog\/2013\/09\/24\/visite-campos-eliseos-arco-triunfo-paris\/\">los Campos El\u00edseos<\/a>, pasa por el <strong>Louvre<\/strong>, la Plaza de la Bastilla, la Plaza de la Concordia y por el <strong>Sena<\/strong>; adem\u00e1s, atraviesa dos grandes parques: el <strong>Bois de Vincennes<\/strong> y el <strong>Bois de Boulogne<\/strong>. \u00a1Participe o vea la carrera para conseguir un fabuloso recorrido de Par\u00eds y anime a los corredores!<\/p>\n<div id=\"attachment_9680\" style=\"width: 750px\" class=\"wp-caption aligncenter\"><img aria-describedby=\"caption-attachment-9680\" loading=\"lazy\" class=\"wp-image-9680\" src=\"https:\/\/www.nyhabitat.com\/sp\/blog\/wp-content\/uploads\/2019\/04\/Paris-guia-primavera-eventos-apartamentos-PA-1460-alquiler-vacacional-Marais.jpg\" alt=\"Imagen del sal\u00f3n en PA-1460 con una mesa y sillas, candelabro y una estanter\u00eda.\" width=\"750\" height=\"500\" srcset=\"https:\/\/www.nyhabitat.com\/sp\/blog\/wp-content\/uploads\/2019\/04\/Paris-guia-primavera-eventos-apartamentos-PA-1460-alquiler-vacacional-Marais.jpg 1500w, https:\/\/www.nyhabitat.com\/sp\/blog\/wp-content\/uploads\/2019\/04\/Paris-guia-primavera-eventos-apartamentos-PA-1460-alquiler-vacacional-Marais-300x200.jpg 300w, https:\/\/www.nyhabitat.com\/sp\/blog\/wp-content\/uploads\/2019\/04\/Paris-guia-primavera-eventos-apartamentos-PA-1460-alquiler-vacacional-Marais-768x512.jpg 768w, https:\/\/www.nyhabitat.com\/sp\/blog\/wp-content\/uploads\/2019\/04\/Paris-guia-primavera-eventos-apartamentos-PA-1460-alquiler-vacacional-Marais-1024x683.jpg 1024w\" sizes=\"(max-width: 750px) 100vw, 750px\" \/><p id=\"caption-attachment-9680\" class=\"wp-caption-text\">Este alquiler vacacional en Le Marais es flexible para turistas y deportistas por igual. (N\u00famero de identificaci\u00f3n del alquiler: PA-1460)<\/p><\/div>\n<p>Aparte de ser simplemente un apartamento fant\u00e1stico para la primavera, este <a title=\"Un alquiler vacacional en Le Marais que seguro le satisfar\u00e1.\" href=\"https:\/\/www.nyhabitat.com\/sp\/paris-apartamentos\/vacaciones\/1460\">apartamento vacacional de dos habitaciones en Le Marais<\/a> est\u00e1 tambi\u00e9n a unos pocos pasos de la ruta de la Marat\u00f3n de Par\u00eds, ya que pasa a trav\u00e9s del 4.\u00ba distrito. El apartamento combina a la perfecci\u00f3n el lujo con la funcionalidad, gracias a la cocina moderna con grandes espacios de encimera, el sal\u00f3n abierto con muebles cl\u00e1sicos y modernos y dos habitaciones aisladas con luminosas ventanas francesas. <a title=\"\u00a1Vea c\u00f3mo los lugare\u00f1os viven en Le Marais, Par\u00eds!\" href=\"https:\/\/www.nyhabitat.com\/sp\/blog\/2013\/09\/03\/viva-como-lugareno-marais-paris\/\">Le Marais es una de las zonas m\u00e1s solicitadas de Par\u00eds<\/a> gracias a su abundancia de excelentes restaurantes, lugares hist\u00f3ricos y calles cubiertas de hiedra. \u00a1Seguro que le encantar\u00e1 este <strong>apartamento amueblado<\/strong> para la primavera!<\/p>\n<p style=\"padding-left: 30px;\"><strong>T\u00f3mese unas vacaciones en Par\u00eds en Semana Santa<\/strong><\/p>\n<div id=\"attachment_9686\" style=\"width: 750px\" class=\"wp-caption aligncenter\"><img aria-describedby=\"caption-attachment-9686\" loading=\"lazy\" class=\"wp-image-9686\" src=\"https:\/\/www.nyhabitat.com\/sp\/blog\/wp-content\/uploads\/2019\/04\/Paris-guia-primavera-eventos-apartamentos-parque-ninos-cerezo-floracion.jpg\" alt=\"Imagen de un ni\u00f1o jugando en un parque de Par\u00eds en primavera.\" width=\"750\" height=\"500\" srcset=\"https:\/\/www.nyhabitat.com\/sp\/blog\/wp-content\/uploads\/2019\/04\/Paris-guia-primavera-eventos-apartamentos-parque-ninos-cerezo-floracion.jpg 1500w, https:\/\/www.nyhabitat.com\/sp\/blog\/wp-content\/uploads\/2019\/04\/Paris-guia-primavera-eventos-apartamentos-parque-ninos-cerezo-floracion-300x200.jpg 300w, https:\/\/www.nyhabitat.com\/sp\/blog\/wp-content\/uploads\/2019\/04\/Paris-guia-primavera-eventos-apartamentos-parque-ninos-cerezo-floracion-768x512.jpg 768w, https:\/\/www.nyhabitat.com\/sp\/blog\/wp-content\/uploads\/2019\/04\/Paris-guia-primavera-eventos-apartamentos-parque-ninos-cerezo-floracion-1024x683.jpg 1024w\" sizes=\"(max-width: 750px) 100vw, 750px\" \/><p id=\"caption-attachment-9686\" class=\"wp-caption-text\">A los ni\u00f1os les encantar\u00e1 pasar el rato en un parque de Par\u00eds el Domingo de Resurrecci\u00f3n, tanto si est\u00e1n buscando huevos de pascua como si simplemente est\u00e1n jugando fuera. (Autor de la fotograf\u00eda: Donald Judge)<\/p><\/div>\n<p>Par\u00eds es una apuesta inesperada, pero segura, para unas vacaciones de Semana Santa. Este a\u00f1o, las vacaciones comienzan el 21 de abril y la ciudad tiene mucho que ofrecer, tanto si prefiere un viaje programado o un d\u00eda tranquilo por su cuenta. Si celebra las festividades religiosas, visite una de las lujosas catedrales de Par\u00eds el Domingo de Resurrecci\u00f3n, incluidas <strong>Notre Dame<\/strong>, <strong>la Bas\u00edlica de Saint-Denis<\/strong>, <a title=\"La Sainte-Chapelle es una atracci\u00f3n ideal para aquellos que han visitado Par\u00eds varias veces.\" href=\"https:\/\/www.nyhabitat.com\/sp\/blog\/2017\/05\/04\/alternativo-paris-viaje-guia-atractivos-menos-conocidos\/\">Sainte-Chapelle<\/a> y la <strong>Bas\u00edlica de Saint-Clotilde<\/strong>. \u00a1La arquitectura g\u00f3tica y las vidrieras le dejar\u00e1n sin aliento! Si ha llevado consigo a sus <a title=\"Mantenga a los ni\u00f1os entretenidos en Par\u00eds con estas actividades en familia.\" href=\"https:\/\/www.nyhabitat.com\/sp\/blog\/2013\/04\/09\/ninos-paris-vacaciones-familia\/\">hijos<\/a> o quiere celebrar la Semana Santa al aire libre, el <strong>Parc Andr\u00e9 Citroen<\/strong> organiza una b\u00fasqueda de huevos para los ni\u00f1os. Por supuesto, \u00a1los ni\u00f1os no son los \u00fanicos que se merecen dulces! Con tantas <a title=\"Dele un caprichoso a su lado goloso con estas tiendas de chocolate en Par\u00eds.\" href=\"https:\/\/www.nyhabitat.com\/blog\/2009\/01\/23\/valentine-chocolate-tour-paris\/\">tiendas divinas de chocolate alrededor de Par\u00eds<\/a>, puede degustar algunos de los mejores dulces durante sus vacaciones.<\/p>\n<p style=\"padding-left: 30px;\"><strong>Ferias, festivales, ballet e incluso m\u00e1s entretenimientos primaverales<\/strong><\/p>\n<div id=\"attachment_9687\" style=\"width: 750px\" class=\"wp-caption aligncenter\"><img aria-describedby=\"caption-attachment-9687\" loading=\"lazy\" class=\"wp-image-9687\" src=\"https:\/\/www.nyhabitat.com\/sp\/blog\/wp-content\/uploads\/2019\/04\/Paris-guia-primavera-eventos-apartamentos-Lago-de-los-Cisnes-bailarines.jpg\" alt=\"Imagen de bailarines de ballet en una producci\u00f3n del Lago de los Cisnes.\" width=\"750\" height=\"500\" srcset=\"https:\/\/www.nyhabitat.com\/sp\/blog\/wp-content\/uploads\/2019\/04\/Paris-guia-primavera-eventos-apartamentos-Lago-de-los-Cisnes-bailarines.jpg 1500w, https:\/\/www.nyhabitat.com\/sp\/blog\/wp-content\/uploads\/2019\/04\/Paris-guia-primavera-eventos-apartamentos-Lago-de-los-Cisnes-bailarines-300x200.jpg 300w, https:\/\/www.nyhabitat.com\/sp\/blog\/wp-content\/uploads\/2019\/04\/Paris-guia-primavera-eventos-apartamentos-Lago-de-los-Cisnes-bailarines-768x512.jpg 768w, https:\/\/www.nyhabitat.com\/sp\/blog\/wp-content\/uploads\/2019\/04\/Paris-guia-primavera-eventos-apartamentos-Lago-de-los-Cisnes-bailarines-1024x683.jpg 1024w\" sizes=\"(max-width: 750px) 100vw, 750px\" \/><p id=\"caption-attachment-9687\" class=\"wp-caption-text\">Asista a una maravillosa representaci\u00f3n del ballet del Lago de los Cisnes esta primavera en Par\u00eds. (Autor de la fotograf\u00eda: Brett Pruitt\/East Market Studios)<\/p><\/div>\n<p>Si le gustan los espect\u00e1culos en vivo, dos de los mayores <strong>espect\u00e1culos teatrales<\/strong> est\u00e1n en Par\u00eds esta primavera. Vea una versi\u00f3n moderna de la famosa <strong>\u00f3pera<\/strong> <em>Carmen<\/em> en la, igualmente moderna, <strong>\u00d3pera de la Bastilla<\/strong>, desde el 11 de abril hasta el 23 de mayo. A aquellos con pasi\u00f3n por los cl\u00e1sicos les encantar\u00e1 disfrutar de una actuaci\u00f3n tradicional del famoso <strong>ballet<\/strong><em> El Lago de los Cisnes<\/em> o <em>Lac des Cygnes<\/em>, como se le conoce en Francia. El ballet comienza el 16 de marzo y dura hasta el 31 en <strong>La Seine Musicale<\/strong>, en <strong>\u00cele Seguin<\/strong>.<\/p>\n<div id=\"attachment_9688\" style=\"width: 750px\" class=\"wp-caption aligncenter\"><img aria-describedby=\"caption-attachment-9688\" loading=\"lazy\" class=\"wp-image-9688\" src=\"https:\/\/www.nyhabitat.com\/sp\/blog\/wp-content\/uploads\/2019\/04\/Paris-guia-primavera-eventos-apartamentos-feria-tiovivo.jpg\" alt=\"Imagen de los caballos de un carrusel en un carnaval.\" width=\"750\" height=\"500\" srcset=\"https:\/\/www.nyhabitat.com\/sp\/blog\/wp-content\/uploads\/2019\/04\/Paris-guia-primavera-eventos-apartamentos-feria-tiovivo.jpg 1500w, https:\/\/www.nyhabitat.com\/sp\/blog\/wp-content\/uploads\/2019\/04\/Paris-guia-primavera-eventos-apartamentos-feria-tiovivo-300x200.jpg 300w, https:\/\/www.nyhabitat.com\/sp\/blog\/wp-content\/uploads\/2019\/04\/Paris-guia-primavera-eventos-apartamentos-feria-tiovivo-768x512.jpg 768w, https:\/\/www.nyhabitat.com\/sp\/blog\/wp-content\/uploads\/2019\/04\/Paris-guia-primavera-eventos-apartamentos-feria-tiovivo-1024x683.jpg 1024w\" sizes=\"(max-width: 750px) 100vw, 750px\" \/><p id=\"caption-attachment-9688\" class=\"wp-caption-text\">\u00a1Las ferias primaverales como Foire du Tr\u00f4ne traen celebraciones de carnaval a Par\u00eds!<\/p><\/div>\n<p>\u00a1Los festivales y las celebraciones contin\u00faan con el comienzo de la primavera! Primero, vea el <strong>Printemps du cinema<\/strong> del 17 al 19 de marzo, un evento en toda la ciudad durante el cual los cines que participan ofrecen entradas a 4\u00a0\u20ac en cualquier momento, \u00a1para cualquier proyecci\u00f3n! S\u00f3lo unas semanas despu\u00e9s, uno de los eventos <strong>art\u00edsticos<\/strong> m\u00e1s importantes del a\u00f1o en Par\u00eds vuelve con el <strong>Paris Art Fair<\/strong>, del 4 al 7 de abril. La feria re\u00fane m\u00e1s de 150 galer\u00edas de pa\u00edses de todo el mundo en el <strong>Grand Palais<\/strong> de Par\u00eds.<\/p>\n<p>Tambi\u00e9n puede dar a su vida un nuevo dise\u00f1o primaveral con la exposici\u00f3n anual <strong>Foire de Paris<\/strong>, del 27 de abril al 8 de mayo. La exposici\u00f3n minorista se ha desarrollado en el centro de exposiciones <strong>Porte de Versailles<\/strong> desde 1924 y cuenta con cientos de expositores minoristas que muestran productos nacionales.<\/p>\n<p>Para terminar, divi\u00e9rtase y disfrute de los espect\u00e1culos en dos de los festivales primaverales favoritos: el <strong>Saint-Germain-des-Pr\u00e9s Jazz Festival<\/strong>, desde el 16 hasta el 27 de mayo, y con el retorno de la feria de atracciones preferidas de todo ni\u00f1o franc\u00e9s, la <strong>Foire du Tr\u00f4ne<\/strong>, del 6 de abril al 2 de junio. El primero, ofrece actuaciones de jazz, casi en su mayor\u00eda de estilo libre, para <a title=\"Su gu\u00eda de Saint-Germain-des-Pr\u00e9s y del distrito 6.\" href=\"https:\/\/www.nyhabitat.com\/sp\/blog\/2013\/12\/31\/viva-como-habitante-distrito-6-paris\/\">el distrito intelectual de Saint-Germain-des-Pr\u00e9s<\/a>; y el \u00faltimo, trae actividades de carnaval, juegos y dulces como manzanas de caramelo y churros a <strong>Pelouse de Reuilly<\/strong>.<\/p>\n<div id=\"attachment_9681\" style=\"width: 750px\" class=\"wp-caption aligncenter\"><img aria-describedby=\"caption-attachment-9681\" loading=\"lazy\" class=\"wp-image-9681\" src=\"https:\/\/www.nyhabitat.com\/sp\/blog\/wp-content\/uploads\/2019\/04\/Paris-guia-primavera-eventos-apartamentos-PA-3384-alquiler-vacaional-Invalides.jpg\" alt=\"Imagen del sal\u00f3n en PA-3384 con sof\u00e1, sillas, mesas y una estanter\u00eda.\" width=\"750\" height=\"500\" srcset=\"https:\/\/www.nyhabitat.com\/sp\/blog\/wp-content\/uploads\/2019\/04\/Paris-guia-primavera-eventos-apartamentos-PA-3384-alquiler-vacaional-Invalides.jpg 1500w, https:\/\/www.nyhabitat.com\/sp\/blog\/wp-content\/uploads\/2019\/04\/Paris-guia-primavera-eventos-apartamentos-PA-3384-alquiler-vacaional-Invalides-300x200.jpg 300w, https:\/\/www.nyhabitat.com\/sp\/blog\/wp-content\/uploads\/2019\/04\/Paris-guia-primavera-eventos-apartamentos-PA-3384-alquiler-vacaional-Invalides-768x512.jpg 768w, https:\/\/www.nyhabitat.com\/sp\/blog\/wp-content\/uploads\/2019\/04\/Paris-guia-primavera-eventos-apartamentos-PA-3384-alquiler-vacaional-Invalides-1024x683.jpg 1024w\" sizes=\"(max-width: 750px) 100vw, 750px\" \/><p id=\"caption-attachment-9681\" class=\"wp-caption-text\">Este alquiler vacacional de Les Invalides es ideal para aquellos que est\u00e1n buscando una experiencia parisina por excelencia. (N\u00famero de identificaci\u00f3n del alquiler: PA-3384)<\/p><\/div>\n<p>Suponemos que si viene a Par\u00eds para disfrutar del mejor entretenimiento y cultura, tambi\u00e9n desear\u00e1 un aut\u00e9ntico alojamiento parisino. \u00a1Perm\u00edtanos sugerirle este <a title=\"Lea las rese\u00f1as de los clientes y obtenga m\u00e1s informaci\u00f3n acerca de este alquiler vacacional en Les Invalides.\" href=\"https:\/\/www.nyhabitat.com\/sp\/paris-apartamentos\/vacaciones\/3384\">alquiler vacacional de una habitaci\u00f3n en la zona de Les Invalides<\/a> con impresionantes vistas de la <strong>Torre Eiffel<\/strong>! Este espacioso apartamento cuenta con una paleta de colores neutros y con puertas francesas en el sal\u00f3n que da a un <strong>balc\u00f3n privado<\/strong>, as\u00ed que podr\u00e1 contemplar los tejados de Par\u00eds al llegar el buen tiempo. Mire a trav\u00e9s de la ventana del dormitorio y de la cocina completa y disfrute de vistas en primera fila de la Torre Eiffel. Este apartamento gusta tanto para disfrutar de unas vacaciones que actualmente tiene 4,7 estrellas de 5 en las calificaciones de nuestros clientes. Tambi\u00e9n estar\u00e1 en el meollo del asunto en Les <a title=\"\u00a1El distrito 7 de Par\u00eds es famoso en todo el mundo!\" href=\"https:\/\/www.nyhabitat.com\/sp\/blog\/2014\/01\/28\/viva-como-habitante-septimo-distrito-paris\/\">Invalides; justo en el centro de Par\u00eds<\/a>.<\/p>\n<p>\u00a1Si est\u00e1 buscando deshacerse de la depresi\u00f3n invernal, no podr\u00eda ser mejor momento para visitar Par\u00eds! A medida que llega el buen tiempo y comienza la primavera, puede elegir vivir como un lugare\u00f1o en Par\u00eds en un <strong>alquiler vacacional<\/strong> (para estancias inferiores a 30 d\u00edas) o en un<strong> apartamento amueblado<\/strong> (para un mes o m\u00e1s). <a title=\"Contacte con New York Habitat.\" href=\"https:\/\/www.nyhabitat.com\/sp\/contactenos.html\">Cont\u00e1ctenos<\/a> y <a title=\"Comience su b\u00fasqueda de apartamentos en Par\u00eds rellenando nuestro formulario.\" href=\"https:\/\/www.nyhabitat.com\/sp\/paris-apartamentos\/solicitud.php\">env\u00ede una solicitud para ponerse en contacto con un agente inmobiliario<\/a> que pueda encontrarle el apartamento primaveral ideal para usted en Par\u00eds.<\/p>\n","protected":false},"excerpt":{"rendered":"<p>Tras el final de otro fr\u00edo y lluvioso invierno en Par\u00eds, \u00a1la ciudad est\u00e1 lista para acoger la llegada de la primavera! A medida que&#8230;<\/p>\n","protected":false},"author":1,"featured_media":0,"comment_status":"open","ping_status":"closed","sticky":false,"template":"","format":"standard","meta":[],"categories":[34],"tags":[],"_links":{"self":[{"href":"https:\/\/www.nyhabitat.com\/sp\/blog\/wp-json\/wp\/v2\/posts\/9673"}],"collection":[{"href":"https:\/\/www.nyhabitat.com\/sp\/blog\/wp-json\/wp\/v2\/posts"}],"about":[{"href":"https:\/\/www.nyhabitat.com\/sp\/blog\/wp-json\/wp\/v2\/types\/post"}],"author":[{"embeddable":true,"href":"https:\/\/www.nyhabitat.com\/sp\/blog\/wp-json\/wp\/v2\/users\/1"}],"replies":[{"embeddable":true,"href":"https:\/\/www.nyhabitat.com\/sp\/blog\/wp-json\/wp\/v2\/comments?post=9673"}],"version-history":[{"count":5,"href":"https:\/\/www.nyhabitat.com\/sp\/blog\/wp-json\/wp\/v2\/posts\/9673\/revisions"}],"predecessor-version":[{"id":9689,"href":"https:\/\/www.nyhabitat.com\/sp\/blog\/wp-json\/wp\/v2\/posts\/9673\/revisions\/9689"}],"wp:attachment":[{"href":"https:\/\/www.nyhabitat.com\/sp\/blog\/wp-json\/wp\/v2\/media?parent=9673"}],"wp:term":[{"taxonomy":"category","embeddable":true,"href":"https:\/\/www.nyhabitat.com\/sp\/blog\/wp-json\/wp\/v2\/categories?post=9673"},{"taxonomy":"post_tag","embeddable":true,"href":"https:\/\/www.nyhabitat.com\/sp\/blog\/wp-json\/wp\/v2\/tags?post=9673"}],"curies":[{"name":"wp","href":"https:\/\/api.w.org\/{rel}","templated":true}]}}